{"id":237,"date":"2015-08-31T05:39:08","date_gmt":"2015-08-31T03:39:08","guid":{"rendered":"http:\/\/5.45.101.177\/haut-allier\/usagers-transportse\/index.php\/2015\/08\/31\/ter-en-languedoc-roussillon-la237\/"},"modified":"2015-08-31T05:39:08","modified_gmt":"2015-08-31T03:39:08","slug":"ter-en-languedoc-roussillon-la237","status":"publish","type":"post","link":"https:\/\/usagers-transports.haut-allier.eu\/index.php\/2015\/08\/31\/ter-en-languedoc-roussillon-la237\/","title":{"rendered":"TER en Languedoc Roussillon : la r\u00e9gion propose d\u00e9sormais des abonnements illimit\u00e9s [MAJ]"},"content":{"rendered":"<p>Sans doute pour compl\u00e9ter l&rsquo;offre du TER \u00e0 un euro, la r\u00e9gion LR vient de mettre en place des abonnements illimit\u00e9s pour ses trains express r\u00e9gionaux.<br \/>\n&nbsp;<br \/>\n<strong>C\u00f4t\u00e9 SNCF les trains r\u00e9gionaux LR passent toujours apr\u00e8s les TGV !<\/strong><br \/>\n&nbsp;<br \/>\nMais quid du traitement des TER par la SNCF au niveau des retards et annulations ? Tous les usagers des trains du quotidien en Languedoc Roussillon peuvent constater quotidiennement qu&rsquo;ils passent en dernier et que les TGV circulent en priorit\u00e9 sur les voies, provoquant annulations et retards des autres. Cet \u00e9tat de fait est inadmissible de la part de la soci\u00e9t\u00e9 gestionnaire.<br \/>\n&nbsp;<br \/>\nCe matin de rentr\u00e9e sur France Bleu Gard Loz\u00e8re, Denis Fesquet vice-pr\u00e9sident de l&rsquo;association des usagers de la SNCF du Gard \u00e9tait l&rsquo;invit\u00e9 de Thierry Riera:<br \/>\n&nbsp;<br \/>\n<a href=\"IMG\/mp3\/vlc-record-2015-08-31-07h16m23s-fbgardlozere-midfi48.mp3\">vlc-record-2015-08-31-07h16m23s-fbgardlozere-midfi48.mp3<\/a><br \/>\n&nbsp;<br \/>\n<strong>Valable jusqu&rsquo;\u00e0 fin 2016<\/strong><br \/>\n&nbsp;<br \/>\nPour ceux qui se posent la question de savoir si les dispositifs tarifaires de la r\u00e9gion LR en ce qui concerne les TER seront p\u00e9rennes apr\u00e8s la fusion avec Midi Pyr\u00e9n\u00e9es dans 4 mois, Marie Meunier-Polge en charge des transports au conseil r\u00e9gional LR vient de pr\u00e9ciser ce 1er septembre sur France Bleu H\u00e9rault que la convention avec la SNCF avait \u00e9t\u00e9 prorog\u00e9e jusqu&rsquo;\u00e0 fin 2016 et qu&rsquo;ensuite ce sont des dispositifs communs avec Midi Pyr\u00e9n\u00e9es qui auront cours.<\/p>\n","protected":false},"excerpt":{"rendered":"<p>Sans doute pour compl\u00e9ter l&rsquo;offre du TER \u00e0 un euro, la r\u00e9gion LR vient de mettre en place<\/p>\n","protected":false},"author":1,"featured_media":0,"comment_status":"closed","ping_status":"open","sticky":false,"template":"","format":"standard","meta":{"footnotes":""},"categories":[3],"tags":[],"class_list":["post-237","post","type-post","status-publish","format-standard","hentry","category-en-train"],"_links":{"self":[{"href":"https:\/\/usagers-transports.haut-allier.eu\/index.php\/wp-json\/wp\/v2\/posts\/237","targetHints":{"allow":["GET"]}}],"collection":[{"href":"https:\/\/usagers-transports.haut-allier.eu\/index.php\/wp-json\/wp\/v2\/posts"}],"about":[{"href":"https:\/\/usagers-transports.haut-allier.eu\/index.php\/wp-json\/wp\/v2\/types\/post"}],"author":[{"embeddable":true,"href":"https:\/\/usagers-transports.haut-allier.eu\/index.php\/wp-json\/wp\/v2\/users\/1"}],"replies":[{"embeddable":true,"href":"https:\/\/usagers-transports.haut-allier.eu\/index.php\/wp-json\/wp\/v2\/comments?post=237"}],"version-history":[{"count":0,"href":"https:\/\/usagers-transports.haut-allier.eu\/index.php\/wp-json\/wp\/v2\/posts\/237\/revisions"}],"wp:attachment":[{"href":"https:\/\/usagers-transports.haut-allier.eu\/index.php\/wp-json\/wp\/v2\/media?parent=237"}],"wp:term":[{"taxonomy":"category","embeddable":true,"href":"https:\/\/usagers-transports.haut-allier.eu\/index.php\/wp-json\/wp\/v2\/categories?post=237"},{"taxonomy":"post_tag","embeddable":true,"href":"https:\/\/usagers-transports.haut-allier.eu\/index.php\/wp-json\/wp\/v2\/tags?post=237"}],"curies":[{"name":"wp","href":"https:\/\/api.w.org\/{rel}","templated":true}]}}