{"id":239,"date":"2015-09-09T11:39:00","date_gmt":"2015-09-09T09:39:00","guid":{"rendered":"http:\/\/5.45.101.177\/haut-allier\/usagers-transportse\/index.php\/2015\/09\/09\/9-septembre-appel-national-de239\/"},"modified":"2015-09-09T11:39:00","modified_gmt":"2015-09-09T09:39:00","slug":"9-septembre-appel-national-de239","status":"publish","type":"post","link":"https:\/\/usagers-transports.haut-allier.eu\/index.php\/2015\/09\/09\/9-septembre-appel-national-de239\/","title":{"rendered":"9 septembre : Appel National de G\u00e9nolhac \u00e0 une R\u00e9action Citoyenne [MAJ]"},"content":{"rendered":"<p><strong>[Article du 31 ao\u00fbt]<\/strong><br \/>\n&nbsp;<\/p>\n<p>Le mercredi 9 septembre prochain \u00e0 10h30 place du Colombier \u00e0 G\u00e9nolhac <strong>un appel national \u00e0 une r\u00e9action citoyenne, banlieusards et campagnards r\u00e9unis, sera lanc\u00e9 par le maire de Stains (Seine Saint-Denis) et les \u00e9lus des Hautes C\u00e9vennes.<\/strong><br \/>\n&nbsp;<br \/>\n<em>Voici le texte du Comit\u00e9 de d\u00e9fense des services publics et des usagers dans les Hautes C\u00e9vennes :<\/em><br \/>\n&nbsp;<\/p>\n<p>[(<br \/>\nCe sera vraiment un \u00e9v\u00e8nement national. De tr\u00e8s nombreux m\u00e9dias seront l\u00e0 ou int\u00e9ress\u00e9s (surtout le mercredi matin).<br \/>\n&nbsp;<br \/>\nLe maire de Stains, qui vient \u00e0 G\u00e9nolhac lancer l\u2019appel \u00e0 la r\u00e9action citoyenne avec le Comit\u00e9 de d\u00e9fense et les \u00e9lus des Hautes C\u00e9vennes, est une forte personnalit\u00e9. C\u2019est lui qui se mit en gr\u00e8ve pour lutter contre l\u2019aust\u00e9rit\u00e9 dans ses dotations de l\u2019Etat. C\u2019est lui qui d\u00e9veloppe sa ville de 36000 habitants en Seine-Saint Denis avec bonheur, humanisme et solidarit\u00e9. C\u2019est lui qui s\u2019appuie sur ses comit\u00e9s et collectifs citoyens pour lutter contre la fermeture de ses services publics. Taper sur internet Stains ou Azz\u00e9dine Ta\u00efbi (c\u2019est son nom) et vous comprendrez l\u2019importance de l\u2019appel qui va \u00eatre lanc\u00e9 par nous tous le 9 septembre.<br \/>\n&nbsp;<br \/>\nD\u00e8s le mardi vous \u00eates invit\u00e9s \u00e0 accueillir la d\u00e9l\u00e9gation de Stains (des \u00e9lus et des membres des comit\u00e9s et collectifs) et \u00e0 assister au d\u00e9bat entre les \u00e9lus des 2 territoires pour ensuite \u00e9laborer l\u2019appel du lendemain.<br \/>\n&nbsp;<br \/>\nLe mercredi, ce sont nos \u00e9lus communautaires qui nous appellent \u00e0 un rassemblement devant le Tr\u00e9sor public. Soyons tr\u00e8s nombreux. Nous voulons faire comprendre \u00e0 M. Juanchich, le directeur d\u00e9partemental des finances publiques, que nous ne l\u00e2chons rien !<br \/>\n&nbsp;<br \/>\nEt puis, surtout, \u00e0 10 h 30, place du Colombier, il faudra crier avec tous l\u2019appel national \u00e0 une r\u00e9action citoyenne, banlieusards et campagnards r\u00e9unis !<br \/>\n&nbsp;<br \/>\nD\u2019ores et d\u00e9j\u00e0, diffusez tr\u00e8s largement l\u2019affiche jointe (et collez-la sur votre voiture) et ce message avec les dessins de notre ami dessinateur. Imprimez et affichez. Appelez vos \u00e9lus, vos amis associatifs, vos voisins\u2026 et tous les autres !<br \/>\n&nbsp;<br \/>\nSoyons tr\u00e8s, tr\u00e8s nombreux ! Et on pourra aussi, \u00e0 12 h, grignoter sur place et boire un coup\u2026<br \/>\n)]<br \/>\n&nbsp;<br \/>\n<img decoding=\"async\" src=\"IMG\/jpg\/Affichedefinitive.jpg\" alt=\"Affichedefinitive.jpg\" align=\"center\" \/><br \/>\n&nbsp;<\/p>\n<p><strong>[Mise \u00e0 jour du 9 septembre]<\/strong><br \/>\n&nbsp;<br \/>\nSucc\u00e8s total pour l&rsquo;appel national en pr\u00e9sence de France 3 et de nombreux \u00e9lus.<br \/>\n&nbsp;<br \/>\n<strong>Voici l&rsquo;audio de l&rsquo;appel lu par Andr\u00e9 Joffart :<\/strong><br \/>\n&nbsp;<br \/>\n<a href=\"IMG\/mp3\/usagers-transports-haut-allier-eu-09sept2015-genolhac-appel-a-mobilisation-cytoyenne.mp3\">usagers-transports-haut-allier-eu-09sept2015-genolhac-appel-a-mobilisation-cytoyenne.mp3<\/a><br \/>\n&nbsp;<br \/>\n<img decoding=\"async\" src=\"IMG\/jpg\/usagers-transports-haut-allier-eu-09sept2015-genolhac-03.jpg\" alt=\"usagers-transports-haut-allier-eu-09sept2015-genolhac-03.jpg\" align=\"center\" \/><br \/>\n&nbsp;<br \/>\n<em>Andr\u00e9 Joffart lit l&rsquo;appel<\/em><br \/>\n&nbsp;<br \/>\n<img decoding=\"async\" src=\"IMG\/jpg\/usagers-transports-haut-allier-eu-09sept2015-genolhac-02.jpg\" alt=\"usagers-transports-haut-allier-eu-09sept2015-genolhac-02.jpg\" align=\"center\" \/><br \/>\n&nbsp;<br \/>\n<img decoding=\"async\" src=\"IMG\/jpg\/usagers-transports-haut-allier-eu-09sept2015-genolhac-01.jpg\" alt=\"usagers-transports-haut-allier-eu-09sept2015-genolhac-01.jpg\" align=\"center\" \/><br \/>\n&nbsp;<br \/>\n<em>Azz\u00e9dine Ta\u00efbi maire de Stains (93) rappelle la similitude du combat banlieues abandonn\u00e9es et territoires ruraux itou<\/em><br \/>\n&nbsp;<br \/>\n<img decoding=\"async\" src=\"IMG\/jpg\/usagers-transports-haut-allier-eu-09sept2015-genolhac-00.jpg\" alt=\"usagers-transports-haut-allier-eu-09sept2015-genolhac-00.jpg\" align=\"center\" \/><br \/>\n<em>Le maire de la GrandCombe rappelle l&rsquo;importance de la r\u00e9sistance c\u00e9venole<\/em><br \/>\n&nbsp;<\/p>\n<p><strong>Dans les m\u00e9dias<\/strong><br \/>\n&nbsp;<\/p>\n<p>&#8211; F3 Languedoc Roussillon journal de 12 heures du 9 septembre :<br \/>\n&nbsp;<br \/>\n<a href=\"IMG\/mp4\/usagers-transports-haut-allier-eu-f3-lr-journal-12h.mp4\">usagers-transports-haut-allier-eu-f3-lr-journal-12h.mp4<\/a><br \/>\n&nbsp;<\/p>\n<p>&#8211; F3 Languedoc Roussillon journal de 19 heures du 9 septembre :<br \/>\n&nbsp;<br \/>\n<a href=\"IMG\/mp4\/usagers-transports-haut-allier-eu-09sept2015-f3-lr-journal-19h00.mp4\">usagers-transports-haut-allier-eu-09sept2015-f3-lr-journal-19h00.mp4<\/a><br \/>\n&nbsp;<\/p>\n<p>&#8211; Le Parisien Lib\u00e9r\u00e9 : <a href=\"http:\/\/www.leparisien.fr\/stains-93240\/stains-dans-les-cevennes-pour-defendre-le-service-public-09-09-2015-5077251.php#xtref=https%3A%2F%2Fwww.google.fr\">Stains dans les C\u00e9vennes pour d\u00e9fendre le service public<\/a>.<br \/>\n&nbsp;<\/p>\n<p>&#8211; La Marseillaise du 10 septembre :<br \/>\n&nbsp;<br \/>\n<img decoding=\"async\" src=\"IMG\/jpg\/la-marseillaise.jpg\" alt=\"la-marseillaise.jpg\" align=\"center\" \/><br \/>\n&nbsp;<\/p>\n","protected":false},"excerpt":{"rendered":"<p>[Article du 31 ao\u00fbt] &nbsp; Le mercredi 9 septembre prochain \u00e0 10h30 place du Colombier \u00e0 G\u00e9nolhac un<\/p>\n","protected":false},"author":1,"featured_media":0,"comment_status":"closed","ping_status":"open","sticky":false,"template":"","format":"standard","meta":{"footnotes":""},"categories":[5],"tags":[],"class_list":["post-239","post","type-post","status-publish","format-standard","hentry","category-ensemble"],"_links":{"self":[{"href":"https:\/\/usagers-transports.haut-allier.eu\/index.php\/wp-json\/wp\/v2\/posts\/239","targetHints":{"allow":["GET"]}}],"collection":[{"href":"https:\/\/usagers-transports.haut-allier.eu\/index.php\/wp-json\/wp\/v2\/posts"}],"about":[{"href":"https:\/\/usagers-transports.haut-allier.eu\/index.php\/wp-json\/wp\/v2\/types\/post"}],"author":[{"embeddable":true,"href":"https:\/\/usagers-transports.haut-allier.eu\/index.php\/wp-json\/wp\/v2\/users\/1"}],"replies":[{"embeddable":true,"href":"https:\/\/usagers-transports.haut-allier.eu\/index.php\/wp-json\/wp\/v2\/comments?post=239"}],"version-history":[{"count":0,"href":"https:\/\/usagers-transports.haut-allier.eu\/index.php\/wp-json\/wp\/v2\/posts\/239\/revisions"}],"wp:attachment":[{"href":"https:\/\/usagers-transports.haut-allier.eu\/index.php\/wp-json\/wp\/v2\/media?parent=239"}],"wp:term":[{"taxonomy":"category","embeddable":true,"href":"https:\/\/usagers-transports.haut-allier.eu\/index.php\/wp-json\/wp\/v2\/categories?post=239"},{"taxonomy":"post_tag","embeddable":true,"href":"https:\/\/usagers-transports.haut-allier.eu\/index.php\/wp-json\/wp\/v2\/tags?post=239"}],"curies":[{"name":"wp","href":"https:\/\/api.w.org\/{rel}","templated":true}]}}