{"id":24,"date":"2011-05-20T10:48:00","date_gmt":"2011-05-20T08:48:00","guid":{"rendered":"http:\/\/5.45.101.177\/haut-allier\/usagers-transportse\/index.php\/2011\/05\/20\/les-lignes-de-trains-du-massif024\/"},"modified":"2011-05-20T10:48:00","modified_gmt":"2011-05-20T08:48:00","slug":"les-lignes-de-trains-du-massif024","status":"publish","type":"post","link":"https:\/\/usagers-transports.haut-allier.eu\/index.php\/2011\/05\/20\/les-lignes-de-trains-du-massif024\/","title":{"rendered":"Les lignes de trains du massif central menac\u00e9es : la manifestation du 20 mai 2011 \u00e0 Mende"},"content":{"rendered":"<p>Nous sommes \u00e0 Alleyras contents des r\u00e9sultats de notre mobilisation pour l&rsquo;arr\u00eat des trains dans notre gare, mais il ne faut pas oublier que la ligne du C\u00e9venol et la ligne B\u00e9ziers Neussargues sont menac\u00e9es en permanence et depuis longtemps, de disparition. La SNCF veut se d\u00e9barasser de ces lignes qui lui reviendraient trop cher en entretien, et qui ne serait donc pas assez rentables. La notion de service \u00e0 la population est bien s\u00fbr tr\u00e8s loin des pr\u00e9occupation de la soci\u00e9t\u00e9 nationale pr\u00eate \u00e0 se saigner les veines malgr\u00e9 les beaux discours pour mieux se vendre au priv\u00e9. <\/p>\n<p><strong>Il y avait donc une \u00ab\u00a0grande\u00a0\u00bb manifestation, \u00e0 Mende devant la gare pour la sauvegarde des deux lignes du sud du massif central.  <\/strong>  <\/p>\n<p>Le <a href=\"http:\/\/cevenol-ligne-paris-nimes.over-blog.com\/ext\/http:\/\/myrtille48.voila.net\/trains\/trainsdumassifcentral.html\">site<\/a> des organisateurs.<\/p>\n<p><strong>Compte-rendu :<\/strong><\/p>\n<p>En fait assez peu de <a href=\"http:\/\/alleyras.capitale.dulibre.net\/IMG\/jpg\/manifestation-gare-mende-20052011.jpg\">monde<\/a> avait r\u00e9pondu \u00e0 l&rsquo;appel de la mairie de Mende et du \u00ab\u00a0Comit\u00e9 pluraliste\u00a0\u00bb : on a pu apercevoir les repr\u00e9sentants des municipalit\u00e9s de Mende, Millau, Langogne et d&rsquo;autres communes plus petites, les repr\u00e9sentants des syndicats et associations de d\u00e9fense, et tr\u00e8s peu d&rsquo;usagers on le note. Discours banaux, confus de la part du comit\u00e9 pluraliste du style \u00ab\u00a0Les deux lignes sont en grave danger de disparition mais tout n&rsquo;est pas perdu et c&rsquo;est le d\u00e9but d&rsquo;un nouveau projet qui s&rsquo;inscrit dans l&rsquo;avenir\u00a0\u00bb. A n&rsquo;y rien comprendre. Et les repr\u00e9sentants d\u00e9j\u00e0 satisfaits de leur rencontre avec la ministre des transports Nathalie Kosiusko Morizet obtenue par l&rsquo;entremise du merveilleux Jean-Claude Gayssot, toujours pris en r\u00e9f\u00e9rence malgr\u00e9 les enfumages et le peu de r\u00e9sultats concrets dont il nous a habitu\u00e9.<\/p>\n<p>Un rassemblement d\u00e9cevant donc, mais les orateurs avaient l&rsquo;air satisfaits. Je pense quant \u00e0 moi que tant que les usagers ne prendront pas les choses en main et ne revendiqueront pas leurs droits, il y a peu de chance que la SNCF bouge d&rsquo;un centim\u00e8tre dans ce dossier.<\/p>\n","protected":false},"excerpt":{"rendered":"<p>Nous sommes \u00e0 Alleyras contents des r\u00e9sultats de notre mobilisation pour l&rsquo;arr\u00eat des trains dans notre gare, mais<\/p>\n","protected":false},"author":1,"featured_media":0,"comment_status":"closed","ping_status":"open","sticky":false,"template":"","format":"standard","meta":{"footnotes":""},"categories":[2],"tags":[],"class_list":["post-24","post","type-post","status-publish","format-standard","hentry","category-infos"],"_links":{"self":[{"href":"https:\/\/usagers-transports.haut-allier.eu\/index.php\/wp-json\/wp\/v2\/posts\/24","targetHints":{"allow":["GET"]}}],"collection":[{"href":"https:\/\/usagers-transports.haut-allier.eu\/index.php\/wp-json\/wp\/v2\/posts"}],"about":[{"href":"https:\/\/usagers-transports.haut-allier.eu\/index.php\/wp-json\/wp\/v2\/types\/post"}],"author":[{"embeddable":true,"href":"https:\/\/usagers-transports.haut-allier.eu\/index.php\/wp-json\/wp\/v2\/users\/1"}],"replies":[{"embeddable":true,"href":"https:\/\/usagers-transports.haut-allier.eu\/index.php\/wp-json\/wp\/v2\/comments?post=24"}],"version-history":[{"count":0,"href":"https:\/\/usagers-transports.haut-allier.eu\/index.php\/wp-json\/wp\/v2\/posts\/24\/revisions"}],"wp:attachment":[{"href":"https:\/\/usagers-transports.haut-allier.eu\/index.php\/wp-json\/wp\/v2\/media?parent=24"}],"wp:term":[{"taxonomy":"category","embeddable":true,"href":"https:\/\/usagers-transports.haut-allier.eu\/index.php\/wp-json\/wp\/v2\/categories?post=24"},{"taxonomy":"post_tag","embeddable":true,"href":"https:\/\/usagers-transports.haut-allier.eu\/index.php\/wp-json\/wp\/v2\/tags?post=24"}],"curies":[{"name":"wp","href":"https:\/\/api.w.org\/{rel}","templated":true}]}}