{"id":241,"date":"2015-09-07T05:30:25","date_gmt":"2015-09-07T03:30:25","guid":{"rendered":"http:\/\/5.45.101.177\/haut-allier\/usagers-transportse\/index.php\/2015\/09\/07\/sauvons-la-ligne-sncf-beziers241\/"},"modified":"2015-09-07T05:30:25","modified_gmt":"2015-09-07T03:30:25","slug":"sauvons-la-ligne-sncf-beziers241","status":"publish","type":"post","link":"https:\/\/usagers-transports.haut-allier.eu\/index.php\/2015\/09\/07\/sauvons-la-ligne-sncf-beziers241\/","title":{"rendered":"Sauvons la ligne SNCF B\u00e9ziers Neussargues : train &lsquo;des \u00e9lus et des citoyens&rsquo; le 26 septembre"},"content":{"rendered":"<p>Le 26 septembre 2015, un train sp\u00e9cial \u00ab des \u00e9lus et des citoyens \u00bb circulera de B\u00e9ziers \u00e0 Neussargues avec arr\u00eat sur le viaduc de Garabit dans le cadre du combat men\u00e9 pour d\u00e9fendre et promouvoir la ligne SNCF B\u00e9ziers &#8211; Clermont-Ferrand.<br \/>\n&nbsp;<br \/>\nIl y a 130 ans, les b\u00e2tisseurs et pr\u00e9curseurs d\u2019une soci\u00e9t\u00e9 moderne terminaient les travaux du Viaduc de Garabit. C\u2019\u00e9tait le 17 septembre 1885. Un symbole audacieux, esth\u00e9tique et utile venait de na\u00eetre permettant de relier, par rail, la M\u00e9diterran\u00e9e \u00e0 Paris via le Massif Central.<br \/>\n&nbsp;<br \/>\nLe Viaduc de Garabit est propos\u00e9 d\u2019\u00eatre inscrit au patrimoine mondial de l\u2019Unesco. Cet ouvrage ferroviaire situ\u00e9 sur la commune de Ruynes-en-Margeride dans le Cantal permet aux trains de franchir les gorges de la Truy\u00e8re, affluent du Lot.<br \/>\n&nbsp;<br \/>\nTous les renseignements utiles sont disponibles <a href=\"https:\/\/www.change.org\/p\/mme-s%C3%A9gol%C3%A8ne-royal-ministre-de-l-environnement-non-%C3%A0-la-fermeture-de-la-ligne-sncf-b%C3%A9ziers-neussargues-clermont-ferrand\/u\/13032752\">ici<\/a>.<br \/>\n&nbsp;<br \/>\n<strong>Fiche horaire :<\/strong><br \/>\n&nbsp;<\/p>\n<p>[(<br \/>\n7h 13 B\u00c9ZIERS 21h 44<br \/>\n7h 30 \/ 7h 37 MAGALAS 21h 25 \/ 21h 27<br \/>\n7h 52 \/ 7h 53 FAUG\u00c8RES 21h 09 \/ 21h 11<br \/>\n8h 06 \/ 8h 07 B\u00c9DARIEUX 20h 55 \/ 20h 57<br \/>\n8h 20 \/ 8h 21 LE BOUSQUET D&rsquo;ORB 20h 42 \/ 20h 44<br \/>\n8h 25 \/ 8h 26 LUNAS 20h 36 \/ 20h 38<br \/>\n8h 46 \/ 8h 47 CEILHES &#8211; ROQUEREDONDE 20h 17 \/ 20h 19<br \/>\n9h 24 \/ 9h 25 St ROME DE CERNON 19h 33 \/ 19h 35<br \/>\n9h 45 \/ 9h 47 MILLAU 19h 11 \/ 19h 13<br \/>\n10h 36 \/ 10h 37 S\u00c8VERAC-LE-CH\u00c2TEAU 18h 28 \/ 18h 30<br \/>\n11h 18 \/ 11h 19 BANASSAC &#8211; LA CANOURGUE 17h 51 \/ 17h 53<br \/>\n11h 40 \/ 13h 12 MARVEJOLS 17h 31 \/ 17h 33<br \/>\n13h 41 \/ 13h 43 AUMONT &#8211; AUBRAC 17h 05 \/ 17h 07<br \/>\n13h 55 \/ 13h 57 St CH\u00c9LY D&rsquo;APCHER 16h 50 \/ 16h 52<br \/>\n14h 22 \/ 14h 37 GARABIT<br \/>\n14h 54 \/ 14h 58 St FLOUR 16h 07 \/ 16h 09<br \/>\n15h 21 NEUSSARGUES 15h 41<br \/>\n)]<\/p>\n","protected":false},"excerpt":{"rendered":"<p>Le 26 septembre 2015, un train sp\u00e9cial \u00ab des \u00e9lus et des citoyens \u00bb circulera de B\u00e9ziers \u00e0<\/p>\n","protected":false},"author":1,"featured_media":0,"comment_status":"closed","ping_status":"open","sticky":false,"template":"","format":"standard","meta":{"footnotes":""},"categories":[3],"tags":[],"class_list":["post-241","post","type-post","status-publish","format-standard","hentry","category-en-train"],"_links":{"self":[{"href":"https:\/\/usagers-transports.haut-allier.eu\/index.php\/wp-json\/wp\/v2\/posts\/241","targetHints":{"allow":["GET"]}}],"collection":[{"href":"https:\/\/usagers-transports.haut-allier.eu\/index.php\/wp-json\/wp\/v2\/posts"}],"about":[{"href":"https:\/\/usagers-transports.haut-allier.eu\/index.php\/wp-json\/wp\/v2\/types\/post"}],"author":[{"embeddable":true,"href":"https:\/\/usagers-transports.haut-allier.eu\/index.php\/wp-json\/wp\/v2\/users\/1"}],"replies":[{"embeddable":true,"href":"https:\/\/usagers-transports.haut-allier.eu\/index.php\/wp-json\/wp\/v2\/comments?post=241"}],"version-history":[{"count":0,"href":"https:\/\/usagers-transports.haut-allier.eu\/index.php\/wp-json\/wp\/v2\/posts\/241\/revisions"}],"wp:attachment":[{"href":"https:\/\/usagers-transports.haut-allier.eu\/index.php\/wp-json\/wp\/v2\/media?parent=241"}],"wp:term":[{"taxonomy":"category","embeddable":true,"href":"https:\/\/usagers-transports.haut-allier.eu\/index.php\/wp-json\/wp\/v2\/categories?post=241"},{"taxonomy":"post_tag","embeddable":true,"href":"https:\/\/usagers-transports.haut-allier.eu\/index.php\/wp-json\/wp\/v2\/tags?post=241"}],"curies":[{"name":"wp","href":"https:\/\/api.w.org\/{rel}","templated":true}]}}