{"id":242,"date":"2015-09-16T09:38:03","date_gmt":"2015-09-16T07:38:03","guid":{"rendered":"http:\/\/5.45.101.177\/haut-allier\/usagers-transportse\/index.php\/2015\/09\/16\/ligne-du-train-cevenol-le242\/"},"modified":"2015-09-16T09:38:03","modified_gmt":"2015-09-16T07:38:03","slug":"ligne-du-train-cevenol-le242","status":"publish","type":"post","link":"https:\/\/usagers-transports.haut-allier.eu\/index.php\/2015\/09\/16\/ligne-du-train-cevenol-le242\/","title":{"rendered":"Ligne du train C\u00e9venol : le transfert total en bus, une d\u00e9cision \u00e0 vomir"},"content":{"rendered":"<p>Jusqu&rsquo;\u00e0 la fin des travaux concernant l&rsquo;\u00e9boulement d&rsquo;Alleyras et la r\u00e9ouverture de la ligne des C\u00e9vennes, normalement le 15 d\u00e9cembre ou avant, la SNCF a d\u00e9cid\u00e9 \u00e0 partir de fin septembre de transf\u00e9rer la totalit\u00e9 du parcours du train C\u00e9venol Clermont-Ferrand N\u00eemes par un seul et unique bus, mettant fin ainsi aux deux portions effectu\u00e9es en train.<br \/>\n&nbsp;<br \/>\nCertains sont vent debout contre cette d\u00e9cision, craignant la non reprise du train C\u00e9venol en d\u00e9cembre. Ils ont ainsi install\u00e9 une p\u00e9tition <a href=\"https:\/\/secure.avaaz.org\/fr\/petition\/SNCF_Non_au_transfert_sur_route_de_lIntercites_Cevenol_ClermontFd_Nimes\">ici<\/a>.<br \/>\n&nbsp;<br \/>\n<strong>Nous, nous disons que si ces deux mois peuvent servir \u00e0 la r\u00e9paration ou la remise \u00e0 niveau des rames de ce brinquebalant train, c&rsquo;est tout b\u00e9n\u00e9fice. Nous avons envoyer un courrier en ce sens \u00e0 la direction SNCF.<\/strong><br \/>\n&nbsp;<br \/>\n<a href=\"IMG\/pdf\/usagers-transports-haut-allier-eu-17092015-substitution-train-cevenol-par-bus.pdf\">usagers-transports-haut-allier-eu-17092015-substitution-train-cevenol-par-bus.pdf<\/a><br \/>\n&nbsp;<br \/>\nLes gorges sauvages du Haut-Allier ne sont pas directement concern\u00e9es puisque ce train ne s&rsquo;arr\u00eate plus, ni \u00e0 Monistrol d&rsquo;Allier, ni \u00e0 Alleyras, ni \u00e0 Chapeauroux.<br \/>\n&nbsp;<br \/>\nEn attendant nos amis des Hautes C\u00e9vennes ont gribouill\u00e9 ceci, coloris\u00e9 par nos soins :<br \/>\n&nbsp;<br \/>\n<img decoding=\"async\" src=\"IMG\/jpg\/A-vomir-web.jpg\" alt=\"A-vomir-web.jpg\" align=\"center\" \/><br \/>\n&nbsp;<br \/>\nIl est vrai que la SNCF a int\u00e9r\u00eat \u00e0 pr\u00e9voir un stock de sacs \u00e0 vomir extr\u00eamement cons\u00e9quent pour ses usagers, qui de toutes fa\u00e7ons ne se reporteront qu&rsquo;\u00e0 10% sur ce trajet par autocar par rapport \u00e0 un voyage en vrai train, comme un dernier sondage l&rsquo;a encore prouv\u00e9.<br \/>\n&nbsp;<br \/>\n<strong>Dans la presse :<\/strong><br \/>\n&nbsp;<\/p>\n<p>&#8211; La Montagne Brioude du 29 septembre, un article bourr\u00e9 d&rsquo;erreurs, notamment sur le co\u00fbt des travaux financ\u00e9s par la SNCF :<br \/>\n&nbsp;<br \/>\n<img decoding=\"async\" src=\"IMG\/jpg\/usagers-transports-haut-allier-eu-29-sept-2015-la-montagne.jpg\" alt=\"usagers-transports-haut-allier-eu-29-sept-2015-la-montagne.jpg\" align=\"center\" \/><br \/>\n&nbsp;<\/p>\n<p>&#8211; L&rsquo;Eveil du 30 septembre : <a href=\"http:\/\/www.leveil.fr\/haute-loire\/L-autocar-prend-le-relais-du-Cevenol-107629\">L\u2019autocar prend le relais du C\u00e9venol<\/a>.<br \/>\n&nbsp;<\/p>\n","protected":false},"excerpt":{"rendered":"<p>Jusqu&rsquo;\u00e0 la fin des travaux concernant l&rsquo;\u00e9boulement d&rsquo;Alleyras et la r\u00e9ouverture de la ligne des C\u00e9vennes, normalement le<\/p>\n","protected":false},"author":1,"featured_media":0,"comment_status":"closed","ping_status":"open","sticky":false,"template":"","format":"standard","meta":{"footnotes":""},"categories":[3],"tags":[],"class_list":["post-242","post","type-post","status-publish","format-standard","hentry","category-en-train"],"_links":{"self":[{"href":"https:\/\/usagers-transports.haut-allier.eu\/index.php\/wp-json\/wp\/v2\/posts\/242","targetHints":{"allow":["GET"]}}],"collection":[{"href":"https:\/\/usagers-transports.haut-allier.eu\/index.php\/wp-json\/wp\/v2\/posts"}],"about":[{"href":"https:\/\/usagers-transports.haut-allier.eu\/index.php\/wp-json\/wp\/v2\/types\/post"}],"author":[{"embeddable":true,"href":"https:\/\/usagers-transports.haut-allier.eu\/index.php\/wp-json\/wp\/v2\/users\/1"}],"replies":[{"embeddable":true,"href":"https:\/\/usagers-transports.haut-allier.eu\/index.php\/wp-json\/wp\/v2\/comments?post=242"}],"version-history":[{"count":0,"href":"https:\/\/usagers-transports.haut-allier.eu\/index.php\/wp-json\/wp\/v2\/posts\/242\/revisions"}],"wp:attachment":[{"href":"https:\/\/usagers-transports.haut-allier.eu\/index.php\/wp-json\/wp\/v2\/media?parent=242"}],"wp:term":[{"taxonomy":"category","embeddable":true,"href":"https:\/\/usagers-transports.haut-allier.eu\/index.php\/wp-json\/wp\/v2\/categories?post=242"},{"taxonomy":"post_tag","embeddable":true,"href":"https:\/\/usagers-transports.haut-allier.eu\/index.php\/wp-json\/wp\/v2\/tags?post=242"}],"curies":[{"name":"wp","href":"https:\/\/api.w.org\/{rel}","templated":true}]}}