{"id":243,"date":"2015-09-23T10:37:06","date_gmt":"2015-09-23T08:37:06","guid":{"rendered":"http:\/\/5.45.101.177\/haut-allier\/usagers-transportse\/index.php\/2015\/09\/23\/ligne-du-train-cevenol-reouverture243\/"},"modified":"2015-09-23T10:37:06","modified_gmt":"2015-09-23T08:37:06","slug":"ligne-du-train-cevenol-reouverture243","status":"publish","type":"post","link":"https:\/\/usagers-transports.haut-allier.eu\/index.php\/2015\/09\/23\/ligne-du-train-cevenol-reouverture243\/","title":{"rendered":"Ligne du train C\u00e9venol : r\u00e9ouverture des guichets de la Grand Combe et Villefort"},"content":{"rendered":"<p>La r\u00e9gion Languedoc Roussillon et la SNCF viennent de poursuivre \u00ab\u00a0l&rsquo;exp\u00e9rience du guichet unique \u00e0 G\u00e9nolhac\u00a0\u00bb en rouvrant les guichets r\u00e9cemment ferm\u00e9s de Villefort en Loz\u00e8re et la GrandCombe dans le Gard.<br \/>\n&nbsp;<br \/>\n<strong>La presse l&rsquo;annonce :<\/strong><br \/>\n&nbsp;<br \/>\n&#8211; France Bleu Gard Loz\u00e8re journal de 7 et 8 heures du 23 septembre 2015 :<br \/>\n&nbsp;<\/p>\n<p>[(<em>Les usagers du train c\u00e9venol vont pouvoir \u00e0 nouveau acheter leurs tickets dans les gares de Villefort et la Grand Combe. Un guichet unique va rouvrir mais \u00e0 certaines heures seulement et plusieurs jours par semaine. Il s\u2019agit d\u2019une exp\u00e9rimentation. Ce m\u00eame guichet unique est d\u00e9j\u00e0 test\u00e9 \u00e0 G\u00e9nolhac depuis le mois de juin.<\/em>)]<\/p>\n<p>&nbsp;<br \/>\n&#8211; Midi Libre \u00e9dition du 23 septembre 2015 :<br \/>\n&nbsp;<br \/>\n<img decoding=\"async\" src=\"IMG\/jpg\/SNCF-le-guichet-unique-va-revenir-a-La-Grand-Combe-ML.jpg\" alt=\"SNCF-le-guichet-unique-va-revenir-a-La-Grand-Combe-ML.jpg\" align=\"center\" \/><br \/>\n&nbsp;<\/p>\n","protected":false},"excerpt":{"rendered":"<p>La r\u00e9gion Languedoc Roussillon et la SNCF viennent de poursuivre \u00ab\u00a0l&rsquo;exp\u00e9rience du guichet unique \u00e0 G\u00e9nolhac\u00a0\u00bb en rouvrant<\/p>\n","protected":false},"author":1,"featured_media":0,"comment_status":"closed","ping_status":"open","sticky":false,"template":"","format":"standard","meta":{"footnotes":""},"categories":[3],"tags":[],"class_list":["post-243","post","type-post","status-publish","format-standard","hentry","category-en-train"],"_links":{"self":[{"href":"https:\/\/usagers-transports.haut-allier.eu\/index.php\/wp-json\/wp\/v2\/posts\/243","targetHints":{"allow":["GET"]}}],"collection":[{"href":"https:\/\/usagers-transports.haut-allier.eu\/index.php\/wp-json\/wp\/v2\/posts"}],"about":[{"href":"https:\/\/usagers-transports.haut-allier.eu\/index.php\/wp-json\/wp\/v2\/types\/post"}],"author":[{"embeddable":true,"href":"https:\/\/usagers-transports.haut-allier.eu\/index.php\/wp-json\/wp\/v2\/users\/1"}],"replies":[{"embeddable":true,"href":"https:\/\/usagers-transports.haut-allier.eu\/index.php\/wp-json\/wp\/v2\/comments?post=243"}],"version-history":[{"count":0,"href":"https:\/\/usagers-transports.haut-allier.eu\/index.php\/wp-json\/wp\/v2\/posts\/243\/revisions"}],"wp:attachment":[{"href":"https:\/\/usagers-transports.haut-allier.eu\/index.php\/wp-json\/wp\/v2\/media?parent=243"}],"wp:term":[{"taxonomy":"category","embeddable":true,"href":"https:\/\/usagers-transports.haut-allier.eu\/index.php\/wp-json\/wp\/v2\/categories?post=243"},{"taxonomy":"post_tag","embeddable":true,"href":"https:\/\/usagers-transports.haut-allier.eu\/index.php\/wp-json\/wp\/v2\/tags?post=243"}],"curies":[{"name":"wp","href":"https:\/\/api.w.org\/{rel}","templated":true}]}}