{"id":244,"date":"2015-10-07T21:08:28","date_gmt":"2015-10-07T19:08:28","guid":{"rendered":"http:\/\/5.45.101.177\/haut-allier\/usagers-transportse\/index.php\/2015\/10\/07\/ligne-du-cevenol-dans-les-hautes244\/"},"modified":"2015-10-07T21:08:28","modified_gmt":"2015-10-07T19:08:28","slug":"ligne-du-cevenol-dans-les-hautes244","status":"publish","type":"post","link":"https:\/\/usagers-transports.haut-allier.eu\/index.php\/2015\/10\/07\/ligne-du-cevenol-dans-les-hautes244\/","title":{"rendered":"Ligne du C\u00e9venol dans les Hautes C\u00e9vennes : manifestation \u00e0 Al\u00e8s le 8 octobre \u00e0 11h"},"content":{"rendered":"<p>Si vous \u00eates \u00e0 Al\u00e8s en fin de matin\u00e9e ce jeudi 8 octobre n&rsquo;h\u00e9sitez pas \u00e0 rejoindre les d\u00e9fenseurs du train le C\u00e9venol \u00e0 la gare.<br \/>\n&nbsp;<br \/>\nIl s&rsquo;agit d&rsquo;un <strong>appel \u00e0 rassemblement et \u00e0 une prise de parole pour d\u00e9noncer le transfert des cars entre N\u00eemes-Clermont  et Clermont-N\u00eemes <\/strong> devant la gare d&rsquo;Al\u00e8s.<br \/>\nToutes les associations et les populations sont invit\u00e9es.<br \/>\n&nbsp;<br \/>\nSi le collectif des usagers des transports du Haut-Allier <a href=\"http:\/\/usagers-transports.haut-allier.eu\/?ligne-du-train-cevenol-le,242\">a demand\u00e9 \u00e0 la SNCF<\/a> que soit mis \u00e0 profit cette p\u00e9riode d&rsquo;absence de deux mois pour la remise \u00e0 niveau ou le remplacement de la rame de ce brinquebalant train Intercit\u00e9s, nous n&rsquo;en sommes pas moins favorable au maintien du plan horaire initial avec les deux parties de part et d&rsquo;autre de l&rsquo;\u00e9boulement d&rsquo;Alleyras assur\u00e9es en trains.<br \/>\n&nbsp;<br \/>\nVous pouvez consulter le blog du <a href=\"http:\/\/servicespublicshautescevennes.over-blog.com\/\">Comit\u00e9 de d\u00e9fense des services publics et des usagers dans les Hautes C\u00e9vennes<\/a>.<br \/>\n&nbsp;<\/p>\n","protected":false},"excerpt":{"rendered":"<p>Si vous \u00eates \u00e0 Al\u00e8s en fin de matin\u00e9e ce jeudi 8 octobre n&rsquo;h\u00e9sitez pas \u00e0 rejoindre les<\/p>\n","protected":false},"author":1,"featured_media":0,"comment_status":"closed","ping_status":"open","sticky":false,"template":"","format":"standard","meta":{"footnotes":""},"categories":[3],"tags":[],"class_list":["post-244","post","type-post","status-publish","format-standard","hentry","category-en-train"],"_links":{"self":[{"href":"https:\/\/usagers-transports.haut-allier.eu\/index.php\/wp-json\/wp\/v2\/posts\/244","targetHints":{"allow":["GET"]}}],"collection":[{"href":"https:\/\/usagers-transports.haut-allier.eu\/index.php\/wp-json\/wp\/v2\/posts"}],"about":[{"href":"https:\/\/usagers-transports.haut-allier.eu\/index.php\/wp-json\/wp\/v2\/types\/post"}],"author":[{"embeddable":true,"href":"https:\/\/usagers-transports.haut-allier.eu\/index.php\/wp-json\/wp\/v2\/users\/1"}],"replies":[{"embeddable":true,"href":"https:\/\/usagers-transports.haut-allier.eu\/index.php\/wp-json\/wp\/v2\/comments?post=244"}],"version-history":[{"count":0,"href":"https:\/\/usagers-transports.haut-allier.eu\/index.php\/wp-json\/wp\/v2\/posts\/244\/revisions"}],"wp:attachment":[{"href":"https:\/\/usagers-transports.haut-allier.eu\/index.php\/wp-json\/wp\/v2\/media?parent=244"}],"wp:term":[{"taxonomy":"category","embeddable":true,"href":"https:\/\/usagers-transports.haut-allier.eu\/index.php\/wp-json\/wp\/v2\/categories?post=244"},{"taxonomy":"post_tag","embeddable":true,"href":"https:\/\/usagers-transports.haut-allier.eu\/index.php\/wp-json\/wp\/v2\/tags?post=244"}],"curies":[{"name":"wp","href":"https:\/\/api.w.org\/{rel}","templated":true}]}}