{"id":245,"date":"2015-10-08T18:05:43","date_gmt":"2015-10-08T16:05:43","guid":{"rendered":"http:\/\/5.45.101.177\/haut-allier\/usagers-transportse\/index.php\/2015\/10\/08\/ligne-des-cevennes-ales-besseges245\/"},"modified":"2015-10-08T18:05:43","modified_gmt":"2015-10-08T16:05:43","slug":"ligne-des-cevennes-ales-besseges245","status":"publish","type":"post","link":"https:\/\/usagers-transports.haut-allier.eu\/index.php\/2015\/10\/08\/ligne-des-cevennes-ales-besseges245\/","title":{"rendered":"Ligne des C\u00e9vennes Al\u00e8s Bess\u00e8ges : R\u00e9gion LR et SNCF tra\u00eenent les pieds"},"content":{"rendered":"<p>Encore une nouvelle \u00e9tude de six mois d\u00e9but\u00e9e en juillet et soit-disant en cours dit la r\u00e9gion Languedoc Roussillon alors que le financement est boucl\u00e9 depuis le d\u00e9but  d&rsquo;ann\u00e9e par l&rsquo;ensemble des structures concern\u00e9es SNCF R\u00e9seau, r\u00e9gion LR, D\u00e9partement du Gard et l&rsquo;\u00e9tat.<br \/>\n&nbsp;<br \/>\nLe collectif de d\u00e9fense de la ligne lui, s&rsquo;impatiente. A lire dans <a href=\"https:\/\/www.objectifgard.com\/2015\/10\/08\/ales-besseges-le-train-se-fait-toujours-attendre\/\">Objectif Gard<\/a>.<br \/>\n&nbsp;<br \/>\nD\u00e9cid\u00e9ment, c&rsquo;est en permanence que les usagers sont oblig\u00e9s de faire des pieds et des mains pour se faire respecter, et faire respecter les d\u00e9cisions prises !<br \/>\n&nbsp;<\/p>\n","protected":false},"excerpt":{"rendered":"<p>Encore une nouvelle \u00e9tude de six mois d\u00e9but\u00e9e en juillet et soit-disant en cours dit la r\u00e9gion Languedoc<\/p>\n","protected":false},"author":1,"featured_media":0,"comment_status":"closed","ping_status":"open","sticky":false,"template":"","format":"standard","meta":{"footnotes":""},"categories":[3],"tags":[],"class_list":["post-245","post","type-post","status-publish","format-standard","hentry","category-en-train"],"_links":{"self":[{"href":"https:\/\/usagers-transports.haut-allier.eu\/index.php\/wp-json\/wp\/v2\/posts\/245","targetHints":{"allow":["GET"]}}],"collection":[{"href":"https:\/\/usagers-transports.haut-allier.eu\/index.php\/wp-json\/wp\/v2\/posts"}],"about":[{"href":"https:\/\/usagers-transports.haut-allier.eu\/index.php\/wp-json\/wp\/v2\/types\/post"}],"author":[{"embeddable":true,"href":"https:\/\/usagers-transports.haut-allier.eu\/index.php\/wp-json\/wp\/v2\/users\/1"}],"replies":[{"embeddable":true,"href":"https:\/\/usagers-transports.haut-allier.eu\/index.php\/wp-json\/wp\/v2\/comments?post=245"}],"version-history":[{"count":0,"href":"https:\/\/usagers-transports.haut-allier.eu\/index.php\/wp-json\/wp\/v2\/posts\/245\/revisions"}],"wp:attachment":[{"href":"https:\/\/usagers-transports.haut-allier.eu\/index.php\/wp-json\/wp\/v2\/media?parent=245"}],"wp:term":[{"taxonomy":"category","embeddable":true,"href":"https:\/\/usagers-transports.haut-allier.eu\/index.php\/wp-json\/wp\/v2\/categories?post=245"},{"taxonomy":"post_tag","embeddable":true,"href":"https:\/\/usagers-transports.haut-allier.eu\/index.php\/wp-json\/wp\/v2\/tags?post=245"}],"curies":[{"name":"wp","href":"https:\/\/api.w.org\/{rel}","templated":true}]}}