{"id":248,"date":"2015-10-12T11:32:46","date_gmt":"2015-10-12T09:32:46","guid":{"rendered":"http:\/\/5.45.101.177\/haut-allier\/usagers-transportse\/index.php\/2015\/10\/12\/ligne-du-train-cevenol-rd40-oui-le248\/"},"modified":"2015-10-12T11:32:46","modified_gmt":"2015-10-12T09:32:46","slug":"ligne-du-train-cevenol-rd40-oui-le248","status":"publish","type":"post","link":"https:\/\/usagers-transports.haut-allier.eu\/index.php\/2015\/10\/12\/ligne-du-train-cevenol-rd40-oui-le248\/","title":{"rendered":"Ligne du train C\u00e9venol &#038; RD40: oui le d\u00e9gagement de l&rsquo;\u00e9boulement a enfin d\u00e9but\u00e9"},"content":{"rendered":"<p>Avant que les al\u00e9as climatiques puissent interrompre le chantier, on annonce d\u00e9j\u00e0 de la neige \u00e0 mi octobre, ce lundi 12 octobre apr\u00e8s-midi se tenait au pied de l&rsquo;\u00e9boulement de la route d\u00e9partementale 40 \u00e0 Alleyras un nouveau show m\u00e9diatique du d\u00e9partement de Haute-Loire avec l&rsquo;un (ils \u00e9taient m\u00eame deux) de ses vices (pr\u00e9sident) pour bien faire comprendre aux journalistes que les travaux ont d\u00e9but\u00e9.<br \/>\n&nbsp;<br \/>\n<strong>En fait ils ont commenc\u00e9 tr\u00e8s timidement \u00e0 9 heures et 25 minutes mercredi 7 octobre dernier, et non pas la veille comme annonc\u00e9<\/strong>, nous l&rsquo;avions signal\u00e9 sur Twitter, avec la venue sur place des techniciens de la soci\u00e9t\u00e9 GTS de Villefranche de Lauragais (31) pour visiter les lieux.<br \/>\n&nbsp;<br \/>\n<img decoding=\"async\" src=\"IMG\/jpg\/usagers-transports-haut-allier-eu-07oct2015-eboulement-alleyras-09h25.jpg\" alt=\"usagers-transports-haut-allier-eu-07oct2015-eboulement-alleyras-09h25.jpg\" align=\"center\" \/><br \/>\n<em>Le 7 octobre dernier<\/em><br \/>\n&nbsp;<br \/>\n<img decoding=\"async\" src=\"IMG\/jpg\/usagers-transports-haut-allier-eu-11oct2015-eboulement-alleyras-10h00.jpg\" alt=\"usagers-transports-haut-allier-eu-11oct2015-eboulement-alleyras-10h00.jpg\" align=\"center\" \/><br \/>\n<em>Les travaux en cours le 12 octobre au matin<\/em><br \/>\n&nbsp;<br \/>\nLe Collectif des Usagers des transports du Haut-Allier veut simplement rappeler  que le conseil d\u00e9partemental, malgr\u00e9 ses affirmations, aura tout fait pour tra\u00eener les pieds <strong>depuis maintenant 7 mois<\/strong>, et que ce n&rsquo;est que parce que le pr\u00e9fet du d\u00e9partement s&rsquo;est \u00e9nerv\u00e9 et a <a href=\"http:\/\/usagers-transports.haut-allier.eu\/?eboulement-d-alleyras-rd40-et,235\">pris le dossier en main<\/a> qu&rsquo;il s&rsquo;est d\u00e9cid\u00e9 \u00e0 agir. Rien ne l&#8217;emp\u00eachait, il le dit lui-m\u00eame, \u00e0 le faire \u00ab\u00a0si promptement\u00a0\u00bb. L\u00e0 on se ne fout plus de la t\u00eate des habitants du Haut-Allier, on est dans l&rsquo;ironie malsaine.<br \/>\n&nbsp;<br \/>\nEt cette mauvaise volont\u00e9 du d\u00e9partement de Haute-Loire, qui aura tout tent\u00e9 pour faire croire \u00e0 celle du propri\u00e9taire du terrain,  <strong>a fait louper le seul cr\u00e9neau saisonnier o\u00f9 les travaux \u00e9taient possibles sans interruptions climatiques<\/strong>. Il nous aura bien g\u00ean\u00e9 dans nos d\u00e9placements et fait louper aussi la saison touristique des zones d&rsquo;Alleyras, de Chapeauroux, de Langogne qui ont vu leur activit\u00e9 estivale, la seule importante dans ces r\u00e9gions de montagne recul\u00e9es, r\u00e9duite \u00e0 peau de chagrin.<br \/>\n&nbsp;<br \/>\nOn peut d&rsquo;ores et d\u00e9j\u00e0 l&rsquo;en remercier et ce m\u00eame si les travaux entam\u00e9s se terminaient dans les temps, c&rsquo;est-\u00e0-dire le 11 novembre comme annonc\u00e9.<br \/>\n&nbsp;<br \/>\n<em>Merci \u00e0 notre grand cameraman sur place.<\/em><br \/>\n&nbsp;<br \/>\n<strong>Dans les m\u00e9dias :<\/strong><br \/>\n&nbsp;<br \/>\n&#8211; Le Progr\u00e8s la Tribune : <a href=\"http:\/\/www.leprogres.fr\/haute-loire\/2015\/10\/12\/eboulement-de-roche-a-alleyras-le-deblaiement-de-la-route-a-enfin-commence\">\u00c9boulement de roche \u00e0 Alleyras &#8211; le d\u00e9blaiement de la route a enfin commenc\u00e9.<\/a><\/p>\n<p>&#8211; France 3 Auvergne :  <a href=\"http:\/\/france3-regions.francetvinfo.fr\/auvergne\/haute-loire\/alleyras-haute-loire-6-mois-apres-les-eboulements-les-travaux-demarrent-828519.html\">Alleyras (Haute-Loire) &#8211; 6 mois apr\u00e8s les \u00e9boulements les travaux d\u00e9marrent !<\/a><\/p>\n<p>&#8211; L&rsquo;Eveil : <a href=\"http:\/\/www.leveil.fr\/actualite\/Eboulement-a-Alleyras-les-travaux-ont-debute-107722\">Eboulement \u00e0 Alleyras &#8211; les travaux ont d\u00e9but\u00e9<\/a><\/p>\n<p>&#8211; La Montagne : <a href=\"http:\/\/www.lamontagne.fr\/auvergne\/actualite\/departement\/haute-loire\/2015\/10\/14\/coupee-depuis-pres-de-sept-mois-suite-a-deux-eboulements-la-route-devrait-rouvrir-en-novembre_11622686.html\">Premiers coups de pioche sur la RD 40<\/a>.<\/p>\n<p>&#8211; Zoom d&rsquo;ici avec la reprise de notre communiqu\u00e9 : <a href=\"http:\/\/www.zoomdici.fr\/actualite\/Dans-un-mois-Alleyras-ne-devrait-plus-etre-coupe-du-monde-id147051.html#\">Dans un mois, Alleyras ne devrait plus \u00eatre coup\u00e9 du monde<\/a>.<br \/>\n&nbsp;<\/p>\n<p><strong>Des pr\u00e9cisions techniques sur le site web du ma\u00eetre d&rsquo;oeuvre, le d\u00e9partement de Haute-Loire ont \u00e9t\u00e9 ajout\u00e9es ce 13 septembre : <\/strong><br \/>\n&nbsp;<br \/>\n[(<br \/>\nPour le chantier de la RD40, l\u2019op\u00e9ration comporte au total 9 phases de travaux. Depuis son arriv\u00e9e le 7 octobre et jusqu\u2019au 16 octobre, GTS a commenc\u00e9 les deux premi\u00e8res phases qui consistent en la mise en s\u00e9curit\u00e9 du site pour les cordistes. Apr\u00e8s avoir install\u00e9 le chantier, l\u2019entreprise r\u00e9alisera des purges des \u00e9l\u00e9ments plus petits. Ensuite, ils mettront en place des protections en vue de purger un bloc de 3 m\u00e8tres cubes et d\u2019environ 6 tonnes. Celui-ci se trouve sur la partie haute du massif et a un risque de chute important dans un d\u00e9lai imminent. Son \u00e9vacuation est un pr\u00e9alable \u00e0 la phase 3 qui consiste \u00e0 l\u2019\u00e9vacuation d\u2019une pelleteuse stationn\u00e9e sur un wagon d\u00e9raill\u00e9 en contrebas.<br \/>\n)]<br \/>\n&nbsp;<br \/>\n<strong>Le Collectif des Usagers des Transports du Haut-Allier veillera jour apr\u00e8s jour au strict respect de ce calendrier, jusqu&rsquo;au d\u00e9gagement de la route et de la voie ferr\u00e9e.<\/strong><br \/>\n&nbsp;<\/p>\n","protected":false},"excerpt":{"rendered":"<p>Avant que les al\u00e9as climatiques puissent interrompre le chantier, on annonce d\u00e9j\u00e0 de la neige \u00e0 mi octobre,<\/p>\n","protected":false},"author":1,"featured_media":0,"comment_status":"closed","ping_status":"open","sticky":false,"template":"","format":"standard","meta":{"footnotes":""},"categories":[8],"tags":[],"class_list":["post-248","post","type-post","status-publish","format-standard","hentry","category-communiques"],"_links":{"self":[{"href":"https:\/\/usagers-transports.haut-allier.eu\/index.php\/wp-json\/wp\/v2\/posts\/248","targetHints":{"allow":["GET"]}}],"collection":[{"href":"https:\/\/usagers-transports.haut-allier.eu\/index.php\/wp-json\/wp\/v2\/posts"}],"about":[{"href":"https:\/\/usagers-transports.haut-allier.eu\/index.php\/wp-json\/wp\/v2\/types\/post"}],"author":[{"embeddable":true,"href":"https:\/\/usagers-transports.haut-allier.eu\/index.php\/wp-json\/wp\/v2\/users\/1"}],"replies":[{"embeddable":true,"href":"https:\/\/usagers-transports.haut-allier.eu\/index.php\/wp-json\/wp\/v2\/comments?post=248"}],"version-history":[{"count":0,"href":"https:\/\/usagers-transports.haut-allier.eu\/index.php\/wp-json\/wp\/v2\/posts\/248\/revisions"}],"wp:attachment":[{"href":"https:\/\/usagers-transports.haut-allier.eu\/index.php\/wp-json\/wp\/v2\/media?parent=248"}],"wp:term":[{"taxonomy":"category","embeddable":true,"href":"https:\/\/usagers-transports.haut-allier.eu\/index.php\/wp-json\/wp\/v2\/categories?post=248"},{"taxonomy":"post_tag","embeddable":true,"href":"https:\/\/usagers-transports.haut-allier.eu\/index.php\/wp-json\/wp\/v2\/tags?post=248"}],"curies":[{"name":"wp","href":"https:\/\/api.w.org\/{rel}","templated":true}]}}