{"id":249,"date":"2015-10-13T11:37:14","date_gmt":"2015-10-13T09:37:14","guid":{"rendered":"http:\/\/5.45.101.177\/haut-allier\/usagers-transportse\/index.php\/2015\/10\/13\/pourquoi-les-sigles-intercites249\/"},"modified":"2015-10-13T11:37:14","modified_gmt":"2015-10-13T09:37:14","slug":"pourquoi-les-sigles-intercites249","status":"publish","type":"post","link":"https:\/\/usagers-transports.haut-allier.eu\/index.php\/2015\/10\/13\/pourquoi-les-sigles-intercites249\/","title":{"rendered":"Pourquoi les sigles Intercit\u00e9s repr\u00e9sentent des trains alors que ce sont des cars sur la ligne du C\u00e9venol ?"},"content":{"rendered":"<p><img decoding=\"async\" src=\"IMG\/png\/Pourquoi_les_sigles_intercites_representent_des_trains_alors_que_ce_sont_des_cars_dans_certaines_lignes_-_SNCF_Questions___Reponses_-_2015-10-13_13-12-04.png\" alt=\"Pourquoi_les_sigles_intercites_representent_des_trains_alors_que_ce_sont_des_cars_dans_certaines_lignes_-_SNCF_Questions___Reponses_-_2015-10-13_13-12-04.png\" align=\"center\" \/><br \/>\n&nbsp;<br \/>\nExcellente question Thibault ! Nous y avons r\u00e9pondu en d\u00e9tail \u00e0 l&rsquo;endroit o\u00f9 tu l&rsquo;as pos\u00e9e, sur le site <a href=\"http:\/\/questions.sncf.com\">Questions &#038; R\u00e9ponses<\/a> de la SNCF mais comme nous nous doutons bien qu&rsquo;elle va \u00eatre censur\u00e9e (notre r\u00e9ponse) et bien nous reproduisons ton probl\u00e8me ici ainsi que la r\u00e9ponse que nous lui avons apport\u00e9e :<br \/>\n&nbsp;<\/p>\n<p>[(<\/p>\n<p>Pourquoi les sigles Intercit\u00e9s repr\u00e9sentent des trains alors que ce sont des cars dans certaines lignes ?<\/p>\n<p>Concernant la ligne Langogne &#8211; Nimes le trajet s&rsquo;effectue en car mais sur le site de la SNCF les sigles et logos Intercit\u00e9s donnent l&rsquo;impression que le trajet s&rsquo;effectue en train. Ne trouvez-vous pas ces informations trompeuses?<\/p>\n<p>(trajet Langogne-N\u00eemes d\u00e9part 15H46)<\/p>\n<p>)]<\/p>\n<p><strong>Notre r\u00e9ponse :<\/strong><\/p>\n<p>[(<br \/>\n<em>Oui Thibault, cela est normal, il s&rsquo;agit d&rsquo;une tromperie comme tu le dis, depuis que la Soci\u00e9t\u00e9 Nationale des Chemins de Fer n&rsquo;est plus une soci\u00e9t\u00e9 qui s&rsquo;occupe des chemins de fer, et donc des trains, mais plut\u00f4t des voyages en autobus, en taxis ou encore en v\u00e9hicules particuliers plac\u00e9s en auto-partage.<br \/>\n&nbsp;<br \/>\nTu es effectivement victime d&rsquo;une escroquerie, d&rsquo;autant plus que le prix de ton billet est inchang\u00e9, que ton voyage est rallong\u00e9 de plusieurs demi heures, que tu ne peux plus travailler durant ton trajet, que l&rsquo;inconfort du bus est tel sur les routes sinueuses des hautes C\u00e9vennes que ta sant\u00e9 s&rsquo;en trouve affect\u00e9e, avec des envies de vomir survenant \u00e0 chaque virage, que tu as de trop longues jambes ou de trop gros genoux pour l&rsquo;espace qui t&rsquo;est octroy\u00e9.<br \/>\n&nbsp;<br \/>\nAlors viens grogner avec nous Thibault pour d\u00e9noncer les abus de cette soci\u00e9t\u00e9 de transports envers ses voyageurs de montagne.<\/em><br \/>\n)]<br \/>\n&nbsp;<\/p>\n<p><strong>Sur Twitter un aficionado du train C\u00e9venol tente de nous convaincre que non il n&rsquo;y a pas duperie :<\/strong><br \/>\n&nbsp;<br \/>\n<em>\u00ab\u00a0Intercit\u00e9s\u00a0\u00bb est la d\u00e9nomination commerciale des TET. M\u00eame en autocar, le service C\u00e9venol reste financ\u00e9 par l&rsquo;Etat, donc IC<\/em><br \/>\n&nbsp;<br \/>\n<em>Pour ce qui est de le proposer comme un train, c&rsquo;est pour faire b\u00e9n\u00e9ficier les usagers des offres Ciales \u00ab\u00a0Prems\u00a0\u00bb et \u00ab\u00a0Duo\u00a0\u00bb<\/em><br \/>\n&nbsp;<br \/>\nMais bien s\u00fbr, Thibault a eu la berlue&#8230; Pour preuve les sigles et le discours relev\u00e9s sur le <a href=\"http:\/\/www.sncf.com\/fr\/trains\/intercites\/reseau\">site officiel Intercit\u00e9s<\/a> de la SNCF :<br \/>\n&nbsp;<br \/>\n<img decoding=\"async\" src=\"IMG\/png\/Intercites_-_Reseaux_des_trains_de_jour_et_de_nuit_SNCF_-_2015-10-15_08-41-19.png\" alt=\"Intercites_-_Reseaux_des_trains_de_jour_et_de_nuit_SNCF_-_2015-10-15_08-41-19.png\" align=\"center\" \/><br \/>\n&nbsp;<br \/>\n<img decoding=\"async\" src=\"IMG\/png\/intercites-logo_intercites.png\" alt=\"intercites-logo_intercites.png\" align=\"center\" \/><br \/>\n&nbsp;<br \/>\n<img decoding=\"async\" src=\"IMG\/png\/intercites-Logo_corail_intercites_2008.png\" alt=\"intercites-Logo_corail_intercites_2008.png\" align=\"center\" \/><br \/>\n&nbsp;<\/p>\n<p>Mais, oh petit chanceux, si tu arrives tout de m\u00eame \u00e0 te le procurer, ce billet pour l&rsquo;autobus C\u00e9venol, Thibault tu auras peut-\u00eatre le privil\u00e8ge de b\u00e9n\u00e9ficier d&rsquo;un si\u00e8ge 1\u00e8re classe \u00e0 68 euros !  C&rsquo;est nouveau, \u00e7a vient de sortir, sans doute une place assise pour grandes jambes avec tablette bureau privative, prise secteur et syst\u00e8me antiroulis&#8230;<br \/>\n&nbsp;<br \/>\n<img decoding=\"async\" src=\"IMG\/jpg\/1604571_1076676859018101_7003886055052659794_n.jpg\" alt=\"1604571_1076676859018101_7003886055052659794_n.jpg\" align=\"center\" \/><br \/>\n&nbsp;<\/p>\n","protected":false},"excerpt":{"rendered":"<p>&nbsp; Excellente question Thibault ! Nous y avons r\u00e9pondu en d\u00e9tail \u00e0 l&rsquo;endroit o\u00f9 tu l&rsquo;as pos\u00e9e, sur<\/p>\n","protected":false},"author":1,"featured_media":0,"comment_status":"closed","ping_status":"open","sticky":false,"template":"","format":"standard","meta":{"footnotes":""},"categories":[3],"tags":[],"class_list":["post-249","post","type-post","status-publish","format-standard","hentry","category-en-train"],"_links":{"self":[{"href":"https:\/\/usagers-transports.haut-allier.eu\/index.php\/wp-json\/wp\/v2\/posts\/249","targetHints":{"allow":["GET"]}}],"collection":[{"href":"https:\/\/usagers-transports.haut-allier.eu\/index.php\/wp-json\/wp\/v2\/posts"}],"about":[{"href":"https:\/\/usagers-transports.haut-allier.eu\/index.php\/wp-json\/wp\/v2\/types\/post"}],"author":[{"embeddable":true,"href":"https:\/\/usagers-transports.haut-allier.eu\/index.php\/wp-json\/wp\/v2\/users\/1"}],"replies":[{"embeddable":true,"href":"https:\/\/usagers-transports.haut-allier.eu\/index.php\/wp-json\/wp\/v2\/comments?post=249"}],"version-history":[{"count":0,"href":"https:\/\/usagers-transports.haut-allier.eu\/index.php\/wp-json\/wp\/v2\/posts\/249\/revisions"}],"wp:attachment":[{"href":"https:\/\/usagers-transports.haut-allier.eu\/index.php\/wp-json\/wp\/v2\/media?parent=249"}],"wp:term":[{"taxonomy":"category","embeddable":true,"href":"https:\/\/usagers-transports.haut-allier.eu\/index.php\/wp-json\/wp\/v2\/categories?post=249"},{"taxonomy":"post_tag","embeddable":true,"href":"https:\/\/usagers-transports.haut-allier.eu\/index.php\/wp-json\/wp\/v2\/tags?post=249"}],"curies":[{"name":"wp","href":"https:\/\/api.w.org\/{rel}","templated":true}]}}