{"id":25,"date":"2011-05-25T10:51:00","date_gmt":"2011-05-25T08:51:00","guid":{"rendered":"http:\/\/5.45.101.177\/haut-allier\/usagers-transportse\/index.php\/2011\/05\/25\/cevenol-encore-des-coupures-de025\/"},"modified":"2011-05-25T10:51:00","modified_gmt":"2011-05-25T08:51:00","slug":"cevenol-encore-des-coupures-de025","status":"publish","type":"post","link":"https:\/\/usagers-transports.haut-allier.eu\/index.php\/2011\/05\/25\/cevenol-encore-des-coupures-de025\/","title":{"rendered":"C\u00e9venol : encore des coupures de service pr\u00e9vues d&rsquo;octobre \u00e0 fin d\u00e9cembre 2011 ! [exclusif]"},"content":{"rendered":"<p>Ca n&rsquo;est plus un service de transport voyageurs r\u00e9gulier c&rsquo;est un train que l&rsquo;on peut prendre de TEMPS en TEMPS, quand on a le temps, et l&rsquo;argent, et au bon vouloir de la SNCF et de RFF !<\/p>\n<p>RFF vient d&rsquo;annoncer la fermeture de la ligne Al\u00e8s &#8211; N\u00eemes de d\u00e9but octobre jusqu\u2019\u00e0 fin d\u00e9cembre 2011. Heureusement les usagers commencent \u00e0 se r\u00e9veiller et protestent (source : France Bleu Gard Loz\u00e8re) :<\/p>\n<p><strong>Les quelques 2.000 personnes, essentiellement des lyc\u00e9ens mais aussi des salari\u00e9s, rejoindront donc leur destination en bus. Un m\u00eame syst\u00e8me avait d\u00e9j\u00e0 \u00e9t\u00e9 adopt\u00e9 lors de la rupture du pont de Ners, c\u2019\u00e9tait en 2002. Alors m\u00eame si les travaux, qui visent am\u00e9liorer la ligne et son raccordement au futur viaduc de Courbessac, sont accueillis avec satisfaction, pas question de transport en bus. Une p\u00e9tition circule et elle est port\u00e9e par le pr\u00e9sident de l\u2019association des usagers, Jean-Michel, le pr\u00e9sident des usagers de la ligne de train N\u00eemes-Al\u00e8s.<\/strong><\/p>\n<p><em>\u00ab\u00a0En 2002 les bus mettaient 1h30 pour revenir le soir de N\u00eemes. Cette ann\u00e9e, ce sera du m\u00eame tonneau. Et en plus nous allons mettre plus pr\u00e8s de 2.000 personnes de plus sur l\u2019axe N\u00eemes-Al\u00e8s quotidiennement et augmenter en parall\u00e8le les accidents de la circulation. C\u2019est la premi\u00e8re fois que je vois une p\u00e9tition, depuis que je m\u2019occupe de l\u2019association, o\u00f9 les gens viennent la signer spontan\u00e9ment. D\u2019ailleurs nous en avons beaucoup qui adh\u00e8rent \u00e0 l\u2019association qui nous disent\u00a0: continuez parce que nous pensons qu\u2019on peut mettre un certain nombre de trains le matin et le soir en laissant une coupure de 8h pour que RFF et la SNCF puissent faire les travaux correctement.\u00a0\u00bb<\/em><\/p>\n<p>Et oui plus aucun respect des usagers. Auparavant et syst\u00e9matiquement les travaux se faisaient de nuit et aux heures creuses. Maintenant, pour d\u00e9courager les voyageurs, on coupe syst\u00e9matiquement la ligne et on met des bus. Et m\u00eame s&rsquo;ils mettent plus de temps, quand on habite Alleyras, ils n&rsquo;y passent pas, c&rsquo;est un trop grand d\u00e9tour bien s\u00fbr !<\/p>\n<p>La seule solution effectivement c&rsquo;est que les usagers se prennent en main, p\u00e9titionnent et protestent. Comme nous l&rsquo;avons fait l&rsquo;an dernier.<\/p>\n<p>On peut les aider les gardois et signer leur <a href=\"http:\/\/www.mesopinions.com\/Non-\u00e0-la-fermeture-de-la-Ligne-SNCF-N\u00eemes-Al\u00e8s-durant-3-mois-petition-petitions-e9d55af3963d97088a788e07ea5b556d.html\">p\u00e9tition<\/a> qui nous concerne aussi.<\/p>\n","protected":false},"excerpt":{"rendered":"<p>Ca n&rsquo;est plus un service de transport voyageurs r\u00e9gulier c&rsquo;est un train que l&rsquo;on peut prendre de TEMPS<\/p>\n","protected":false},"author":1,"featured_media":0,"comment_status":"closed","ping_status":"open","sticky":false,"template":"","format":"standard","meta":{"footnotes":""},"categories":[2],"tags":[],"class_list":["post-25","post","type-post","status-publish","format-standard","hentry","category-infos"],"_links":{"self":[{"href":"https:\/\/usagers-transports.haut-allier.eu\/index.php\/wp-json\/wp\/v2\/posts\/25","targetHints":{"allow":["GET"]}}],"collection":[{"href":"https:\/\/usagers-transports.haut-allier.eu\/index.php\/wp-json\/wp\/v2\/posts"}],"about":[{"href":"https:\/\/usagers-transports.haut-allier.eu\/index.php\/wp-json\/wp\/v2\/types\/post"}],"author":[{"embeddable":true,"href":"https:\/\/usagers-transports.haut-allier.eu\/index.php\/wp-json\/wp\/v2\/users\/1"}],"replies":[{"embeddable":true,"href":"https:\/\/usagers-transports.haut-allier.eu\/index.php\/wp-json\/wp\/v2\/comments?post=25"}],"version-history":[{"count":0,"href":"https:\/\/usagers-transports.haut-allier.eu\/index.php\/wp-json\/wp\/v2\/posts\/25\/revisions"}],"wp:attachment":[{"href":"https:\/\/usagers-transports.haut-allier.eu\/index.php\/wp-json\/wp\/v2\/media?parent=25"}],"wp:term":[{"taxonomy":"category","embeddable":true,"href":"https:\/\/usagers-transports.haut-allier.eu\/index.php\/wp-json\/wp\/v2\/categories?post=25"},{"taxonomy":"post_tag","embeddable":true,"href":"https:\/\/usagers-transports.haut-allier.eu\/index.php\/wp-json\/wp\/v2\/tags?post=25"}],"curies":[{"name":"wp","href":"https:\/\/api.w.org\/{rel}","templated":true}]}}