{"id":250,"date":"2015-10-18T07:47:04","date_gmt":"2015-10-18T05:47:04","guid":{"rendered":"http:\/\/5.45.101.177\/haut-allier\/usagers-transportse\/index.php\/2015\/10\/18\/incompetente-sncf-ligne-du-cevenol250\/"},"modified":"2015-10-18T07:47:04","modified_gmt":"2015-10-18T05:47:04","slug":"incompetente-sncf-ligne-du-cevenol250","status":"publish","type":"post","link":"https:\/\/usagers-transports.haut-allier.eu\/index.php\/2015\/10\/18\/incompetente-sncf-ligne-du-cevenol250\/","title":{"rendered":"Incomp\u00e9tente SNCF : ligne du C\u00e9venol le trajet vers Marseille encore impos\u00e9 via Lyon !"},"content":{"rendered":"<p>On est devant un mur, le mur de l&rsquo;incomp\u00e9tence et de l&rsquo;incapable SNCF, plut\u00f4t que devant une tromperie organis\u00e9e, mais \u00e7a ne semble g\u00eaner personne. Malgr\u00e9 une mention de bas de page indiquant \u00ab\u00a0Meilleurs prix garantis\u00a0\u00bb et alors que la reprise des circulations des trains est acquise dans les gorges de l&rsquo;Allier apr\u00e8s le 13 d\u00e9cembre Voyages SNCF <strong>continue d&rsquo;imposer des trajets de 8 heures de dur\u00e9e par Lyon \u00e0 70 et 110 euros<\/strong> et non pas des trajets directs par Al\u00e8s et N\u00eemes \u00e0 50 euros lorsque vous recherchez un billet depuis le haut Allier vers Marseille depuis le site Internet d&rsquo;achat.<br \/>\n&nbsp;<br \/>\n<img decoding=\"async\" src=\"IMG\/png\/Selectionnez_votre_aller_Nimes_-_Marseille__Toutes_gares__-_2015-10-18_08-35-47.png\" alt=\"Selectionnez_votre_aller_Nimes_-_Marseille__Toutes_gares__-_2015-10-18_08-35-47.png\" align=\"center\" \/><br \/>\n&nbsp;<br \/>\nNous avions d\u00e9j\u00e0 fait la <a href=\"http:\/\/usagers-transports.haut-allier.eu\/?galeres-sncf-suite-a-alleyras-le,026\">remarque<\/a> et fait bouger les choses en 2011, voil\u00e0 que la soci\u00e9t\u00e9 dite ferroviaire remet \u00e7a.<br \/>\n&nbsp;<br \/>\n<strong>Achetons un billet sur Voyages SNCF : <\/strong><br \/>\n&nbsp;<br \/>\n&#8211; choisissons une gare de d\u00e9part exemple Chapeauroux<br \/>\n&#8211; choisissons une gare d&rsquo;arriv\u00e9e exemple Marseille<br \/>\n&#8211; cochons &lsquo;Trajet direct&rsquo;<br \/>\n&#8211; pour plus de s\u00fbret\u00e9 dans &lsquo;Plus de crit\u00e8res&rsquo; indiquons Via Al\u00e8s ou Via N\u00eemes<br \/>\n&#8211; choisissons une date de voyage en d\u00e9cembre ou en janvier, disons le 13 janvier<br \/>\n&#8211; lancez la recherche&#8230; et voici le r\u00e9sultat :<br \/>\n&nbsp;<br \/>\n<img decoding=\"async\" src=\"IMG\/png\/Selectionnez_votre_aller_Chapeauroux_-_Marseille__Toutes_gares__-_2015-10-18_07-54-35.png\" alt=\"Selectionnez_votre_aller_Chapeauroux_-_Marseille__Toutes_gares__-_2015-10-18_07-54-35.png\" align=\"center\" \/><br \/>\n&nbsp;<br \/>\nUn billet \u00e0 60 euros minimum et 8 heures de train qui nous fait passer par Clermont Roanne et Lyon alors qu&rsquo;en scindant la recherche en deux fois Chapeauroux &#8211; N\u00eemes et N\u00eemes Marseille on retrouve le trajet normal \u00e0 une cinquantaine d&rsquo;euros maximum.<br \/>\n&nbsp;<br \/>\nLe syst\u00e8me SNCF de plus ne tient pas du tout compte de notre demande d&rsquo;\u00e9tape par Al\u00e8s ou N\u00eemes, ni de notre demande de trajet direct. Tout est fait pour nous faire payer plus, nous ne sommes plus des clients, nous sommes des PIGEONS.<br \/>\n&nbsp;<br \/>\n<strong>Ce que la SNCF ose vendre :<\/strong><br \/>\n&nbsp;<br \/>\n<img decoding=\"async\" src=\"IMG\/png\/CFF_Horaire_en_ligne-_-_2015-10-18_09-14-09.png\" alt=\"CFF_Horaire_en_ligne-_-_2015-10-18_09-14-09.png\" align=\"center\" \/><br \/>\n<em>En regardant le trajet propos\u00e9 c&rsquo;est effectivement un grand point d&rsquo;interrogation sur les capacit\u00e9s de cette soci\u00e9t\u00e9 \u00e0 effectuer son boulot correctement. Pourquoi ne pas proposer carr\u00e9ment le tour de France, et en spirale s&rsquo;il vous pla\u00eet ! Remercions par contre la transparence du site des Chemins de fers suisses qui nous fournit ci-dessus la carte du trajet<\/em><br \/>\n&nbsp;<br \/>\n<img decoding=\"async\" src=\"IMG\/png\/Selectionnez_votre_aller_Chapeauroux_-_Marseille__Toutes_gares__-_2015-10-18_09-11-09.png\" alt=\"Selectionnez_votre_aller_Chapeauroux_-_Marseille__Toutes_gares__-_2015-10-18_09-11-09.png\" align=\"center\" \/><br \/>\n&nbsp;<br \/>\nEssayons de forcer le syst\u00e8me en demandant le trajet en deux fois, ce qui revient normalement plus cher :<br \/>\n&nbsp;<br \/>\n&#8211; Chapeauroux N\u00eemes<br \/>\n&#8211; N\u00eemes Marseille en d\u00e9cochant direct puisqu&rsquo;on peut aussi passer par Avignon<br \/>\n&nbsp;<br \/>\nR\u00e9sultat :<br \/>\n&nbsp;<br \/>\n<img decoding=\"async\" src=\"IMG\/png\/Selectionnez_votre_aller_Chapeauroux_-_Nimes_-_2015-10-18_08-13-49.png\" alt=\"Selectionnez_votre_aller_Chapeauroux_-_Nimes_-_2015-10-18_08-13-49.png\" align=\"center\" \/><br \/>\n&nbsp;<br \/>\n<img decoding=\"async\" src=\"IMG\/png\/Selectionnez_votre_aller_Nimes_-_Marseille__Toutes_gares__-_2015-10-18_08-22-47.png\" alt=\"Selectionnez_votre_aller_Nimes_-_Marseille__Toutes_gares__-_2015-10-18_08-22-47.png\" align=\"center\" \/><br \/>\n&nbsp;<\/p>\n<p>A la place du billet officiel indiqu\u00e9 \u00e0 62 euros <strong>avec r\u00e9duction<\/strong> et 8 heures 32 de trajet, nous obtenons :<br \/>\n&nbsp;<br \/>\n26,40 + 28,40 euros =<strong> 54,80 euros<\/strong> et un temps de trajet de 2h31 + 1h05 de correspondance + 1h59 = <strong>5 heures 30 <\/strong> en ne s\u00e9lectionnant que des TER et donc <strong>sans r\u00e9duction<\/strong> puisqu&rsquo;au moment o\u00f9 nous \u00e9crivons les ventes des billets Intercit\u00e9s ne sont pas encore ouvertes (mais la recherche pour une date de d\u00e9cembre donnera le m\u00eame r\u00e9sultat), ce qui devrait abaisser le co\u00fbt d&rsquo;au moins une dizaine d&rsquo;euros.<br \/>\n&nbsp;<br \/>\n<strong>Nous venons d&rsquo;adresser une nouvelle fois une lettre de protestation \u00e0 la SNCF.<\/strong><br \/>\n&nbsp;<br \/>\nA qui nous conseillons, pour lui \u00e9viter le ridicule, de corriger la carte Intercit\u00e9s sur leur site, modifi\u00e9e une premi\u00e8re fois <a href=\"http:\/\/usagers-transports.haut-allier.eu\/?la-sncf-sur-les-intercites-aubrac,207\">\u00e0 notre demande<\/a>, qui montre la ligne des C\u00e9venens d\u00e9marrant d&rsquo;Avignon et non de N\u00eemes.<br \/>\n&nbsp;<br \/>\n<img decoding=\"async\" src=\"IMG\/png\/Intercites_-_Reseaux_des_trains_de_jour_et_de_nuit_SNCF_-_2015-10-18_10-25-09.png\" alt=\"Intercites_-_Reseaux_des_trains_de_jour_et_de_nuit_SNCF_-_2015-10-18_10-25-09.png\" align=\"center\" \/><br \/>\n&nbsp;<br \/>\n<a href=\"IMG\/pdf\/usagers-transports-haut-allier-lettre-sncf-pepy-trajets-proposes-par-lyon-au-double-du-prix-et-du-temps.pdf\">usagers-transports-haut-allier-lettre-sncf-pepy-trajets-proposes-par-lyon-au-double-du-prix-et-du-temps.pdf<\/a><br \/>\n&nbsp;<\/p>\n<p>Dans les m\u00e9dias :<br \/>\n&nbsp;<br \/>\n&#8211; Midi Libre du 29 octobre 2015 :  <a href=\"http:\/\/www.midilibre.fr\/2015\/10\/20\/pourquoi-faire-simple-quand-on-peut-faire-complique,1229526.php\">Pourquoi faire simple quand on peut faire compliqu\u00e9 ?<\/a><br \/>\n&nbsp;<br \/>\n<img decoding=\"async\" src=\"IMG\/jpg\/Pourquoi_faire_simple_quand_on_peut_faire_complique_-_2015-10-29_06-57-02.jpg\" alt=\"Pourquoi_faire_simple_quand_on_peut_faire_complique_-_2015-10-29_06-57-02.jpg\" align=\"center\" \/><\/p>\n","protected":false},"excerpt":{"rendered":"<p>On est devant un mur, le mur de l&rsquo;incomp\u00e9tence et de l&rsquo;incapable SNCF, plut\u00f4t que devant une tromperie<\/p>\n","protected":false},"author":1,"featured_media":0,"comment_status":"closed","ping_status":"open","sticky":false,"template":"","format":"standard","meta":{"footnotes":""},"categories":[3],"tags":[],"class_list":["post-250","post","type-post","status-publish","format-standard","hentry","category-en-train"],"_links":{"self":[{"href":"https:\/\/usagers-transports.haut-allier.eu\/index.php\/wp-json\/wp\/v2\/posts\/250","targetHints":{"allow":["GET"]}}],"collection":[{"href":"https:\/\/usagers-transports.haut-allier.eu\/index.php\/wp-json\/wp\/v2\/posts"}],"about":[{"href":"https:\/\/usagers-transports.haut-allier.eu\/index.php\/wp-json\/wp\/v2\/types\/post"}],"author":[{"embeddable":true,"href":"https:\/\/usagers-transports.haut-allier.eu\/index.php\/wp-json\/wp\/v2\/users\/1"}],"replies":[{"embeddable":true,"href":"https:\/\/usagers-transports.haut-allier.eu\/index.php\/wp-json\/wp\/v2\/comments?post=250"}],"version-history":[{"count":0,"href":"https:\/\/usagers-transports.haut-allier.eu\/index.php\/wp-json\/wp\/v2\/posts\/250\/revisions"}],"wp:attachment":[{"href":"https:\/\/usagers-transports.haut-allier.eu\/index.php\/wp-json\/wp\/v2\/media?parent=250"}],"wp:term":[{"taxonomy":"category","embeddable":true,"href":"https:\/\/usagers-transports.haut-allier.eu\/index.php\/wp-json\/wp\/v2\/categories?post=250"},{"taxonomy":"post_tag","embeddable":true,"href":"https:\/\/usagers-transports.haut-allier.eu\/index.php\/wp-json\/wp\/v2\/tags?post=250"}],"curies":[{"name":"wp","href":"https:\/\/api.w.org\/{rel}","templated":true}]}}