{"id":251,"date":"2015-12-18T16:00:00","date_gmt":"2015-12-18T15:00:00","guid":{"rendered":"http:\/\/5.45.101.177\/haut-allier\/usagers-transportse\/index.php\/2015\/12\/18\/eboulement-rd40-ligne-du-train251\/"},"modified":"2026-09-01T15:53:30","modified_gmt":"2026-09-01T13:53:30","slug":"eboulement-rd40-ligne-du-train251","status":"publish","type":"post","link":"https:\/\/usagers-transports.haut-allier.eu\/index.php\/2015\/12\/18\/eboulement-rd40-ligne-du-train251\/","title":{"rendered":"Eboulement RD40 &#038; ligne du train C\u00e9venol : r\u00e9ussiront-ils \u00e0 d\u00e9blayer ? [Presque direct avec mise \u00e0 jour quotidienne]"},"content":{"rendered":"<em>[Suite au piratage de notre site le 15 d\u00e9cembre les images ont disparues. Nous les r\u00e9tablirons petit \u00e0 petit]\n<\/em>\n&nbsp;\n\n<strong>Petit historique de l&rsquo;\u00e9boulement d&rsquo;Alleyras :<\/strong>\n&nbsp;\n<em>Ici pas de baratin, pas de pose devant les journalistes, du r\u00e9el.<\/em>\n&nbsp;\n23 mars 2015 : une paroi rocheuse s&rsquo;effondre sur la RD40 au niveau du barrage de Pout\u00e8s. La petite route d\u00e9partementale reliant Alleyras \u00e0 Saint-Privat d&rsquo;Allier est coup\u00e9e.\n<img decoding=\"async\" src=\"IMG\/jpg\/usagers-transports-haut-allier-eu-26mars2015-eboulement-alleyras.jpg\" alt=\"usagers-transports-haut-allier-eu-26mars2015-eboulement-alleyras.jpg\" align=\"center\" \/>\n&nbsp;\n<em>28 avril 2015<\/em> : Drame sur le site de l&rsquo;\u00e9boulement du 23 mars avec une nouvelle descente de rochers qui impacte la voie ferr\u00e9e cette fois et un train de travaux qui passait l\u00e0. Pas de victime heureusement. Voie ferr\u00e9e coup\u00e9e, circulations des trains arr\u00eat\u00e9e.\n<img decoding=\"async\" src=\"IMG\/jpg\/usagers-transports-haut-allier-eu-28avr2015-eboulement-alleyras.jpg\" alt=\"usagers-transports-haut-allier-eu-28avr2015-eboulement-alleyras.jpg\" align=\"center\" \/>\n&nbsp;\n<em>29 avril<\/em> : La SNCF \u00e9vacue les wagons non touch\u00e9s.\n<img decoding=\"async\" src=\"IMG\/jpg\/usagers-transports-haut-allier-eu-29avr2015-eboulement-alleyras.jpg\" alt=\"usagers-transports-haut-allier-eu-29avr2015-eboulement-alleyras.jpg\" align=\"center\" \/>\n&nbsp;\n<strong>Mai&#8230;\nJuin&#8230;\nRien ne se passe,\nLe d\u00e9partement de Haute-Loire, responsable du d\u00e9gagement de la route, enfume tout le monde.<\/strong>\n&nbsp;\n<em>6 juillet 2015<\/em> : les usagers exasp\u00e9r\u00e9s font un forcing et s&rsquo;invitent \u00e0 la r\u00e9union de presse tenue en mairie d&rsquo;Alleyras pour faire le point. On nous promet que tout ira tr\u00e8s vite : la SNCF par exemple mettra au maximum 15 jours pour r\u00e9habiliter sa partie. Et la voie ferr\u00e9e sera ouverte en premier. Avec les d\u00e9lais annonc\u00e9s \u00e7a rouvrira fin juillet. Les usagers, eux, s&rsquo;impatientent.\n<img decoding=\"async\" src=\"IMG\/jpg\/usagers-transports-haut-allier-eu-02juil2015-eboulement-alleyras-2.jpg\" alt=\"usagers-transports-haut-allier-eu-02juil2015-eboulement-alleyras-2.jpg\" align=\"center\" \/>\n<img decoding=\"async\" src=\"IMG\/jpg\/usagers-transports-haut-allier-eu-02juil2015-eboulement-alleyras.jpg\" alt=\"usagers-transports-haut-allier-eu-02juil2015-eboulement-alleyras.jpg\" align=\"center\" \/>\n&nbsp;\n<strong>Et\u00e9 2015 : immobilisme, rien ne se passe, la saison estivale est fichue. C&rsquo;est les vacances pour les responsables du d\u00e9partement. <\/strong> \n&nbsp;\n<em>5 ao\u00fbt<\/em> : 250 usagers du haut Allier r\u00e9alisent un happening de protestation bien relay\u00e9 par les m\u00e9dias.\n<img loading=\"lazy\" decoding=\"async\" class=\" aligncenter size-full wp-image-1609\" src=\"http:\/\/5.45.101.177\/haut-allier\/usagers-transportse\/wp-content\/uploads\/2015\/12\/Nimes_le_bout_du_tunnel_en_vue_pour_la_ligne_des_Cevennes_-_2015-09-11_07-16-46-w.jpg\" alt=\"Nimes_le_bout_du_tunnel_en_vue_pour_la_ligne_des_Cevennes_-_2015-09-11_07-16-46-w.jpg\" align=\"center\" width=\"800\" height=\"389\" srcset=\"https:\/\/usagers-transports.haut-allier.eu\/wp-content\/uploads\/2015\/12\/Nimes_le_bout_du_tunnel_en_vue_pour_la_ligne_des_Cevennes_-_2015-09-11_07-16-46-w.jpg 800w, https:\/\/usagers-transports.haut-allier.eu\/wp-content\/uploads\/2015\/12\/Nimes_le_bout_du_tunnel_en_vue_pour_la_ligne_des_Cevennes_-_2015-09-11_07-16-46-w-300x146.jpg 300w, https:\/\/usagers-transports.haut-allier.eu\/wp-content\/uploads\/2015\/12\/Nimes_le_bout_du_tunnel_en_vue_pour_la_ligne_des_Cevennes_-_2015-09-11_07-16-46-w-768x373.jpg 768w\" sizes=\"auto, (max-width: 800px) 100vw, 800px\" \/>\n&nbsp;\n<em>28 ao\u00fbt au matin<\/em> : sur le site rien n&rsquo;a boug\u00e9 depuis plusieurs mois et les rochers sont toujours l\u00e0 ainsi que les wagons SNCF impact\u00e9s.\n<img decoding=\"async\" src=\"IMG\/jpg\/alleyras-capitale-info-02sept2015-eboulement-voie-2.jpg\" alt=\"alleyras-capitale-info-02sept2015-eboulement-voie-2.jpg\" align=\"center\" \/>\n&nbsp;\n<em>2 septembre 15h00<\/em> : c&rsquo;est la fin de l&rsquo;\u00e9t\u00e9, les cong\u00e9s tout \u00e7a&#8230; vite on va sur les site parce que \u00e7a gronde&#8230; Et puis le pr\u00e9fet de Haute-Loire Denis Labb\u00e9 s&rsquo;est \u00e9nerv\u00e9 le 20 ao\u00fbt apr\u00e8s notre manif d\u00e9but ao\u00fbt. On aper\u00e7oit les officiels en goguette.\n<img decoding=\"async\" src=\"IMG\/jpg\/alleyras-capitale-info-02sept2015-les-officiels-en-visite-sur-le-site-eboulement-2.jpg\" alt=\"alleyras-capitale-info-02sept2015-les-officiels-en-visite-sur-le-site-eboulement-2.jpg\" align=\"center\" \/>\n&nbsp;\n<em>1er octobre 2015<\/em> : Un mois pour trouver une entreprise susceptible de d\u00e9blayer&#8230; ils avaient dit commencement des travaux d\u00e9but octobre&#8230; Personne le premier.\n<img decoding=\"async\" src=\"IMG\/jpg\/usagers-transports-haut-allier-eu-01oct2015-eboulement-alleyras.jpg\" alt=\"usagers-transports-haut-allier-eu-01oct2015-eboulement-alleyras.jpg\" align=\"center\" \/>\n&nbsp;\n<em>2 octobre<\/em> : ils avaient dit d\u00e9but octobre&#8230; pas de miracle, personne.\n<img decoding=\"async\" src=\"IMG\/jpg\/usagers-transports-haut-allier-eu-02oct2015-eboulement-alleyras.jpg\" alt=\"usagers-transports-haut-allier-eu-02oct2015-eboulement-alleyras.jpg\" align=\"center\" \/>\n&nbsp;\n<em>3 octobre<\/em> : ils avaient dit d\u00e9but octobre&#8230; pas de miracle, personne.\n<img decoding=\"async\" src=\"IMG\/jpg\/usagers-transports-haut-allier-eu-03oct2015-eboulement-alleyras.jpg\" alt=\"usagers-transports-haut-allier-eu-03oct2015-eboulement-alleyras.jpg\" align=\"center\" \/>\n&nbsp;\n<em>4 octobre <\/em> : ils avaient dit d\u00e9but octobre&#8230; pas de miracle, personne.\n<img decoding=\"async\" src=\"IMG\/jpg\/usagers-transports-haut-allier-eu-04oct2015-eboulement-alleyras.jpg\" alt=\"usagers-transports-haut-allier-eu-04oct2015-eboulement-alleyras.jpg\" align=\"center\" \/>\n&nbsp;\n<em>6 octobre<\/em> : le d\u00e9partement 43 vient de dire d\u00e9but des travaux le 6 ou le 7 octobre. Le 6 dans l&rsquo;apr\u00e8s-midi Personne bien entendu.\n<img decoding=\"async\" src=\"IMG\/jpg\/usagers-transports-haut-allier-eu-06oct2015-eboulement-alleyras.jpg\" alt=\"usagers-transports-haut-allier-eu-06oct2015-eboulement-alleyras.jpg\" align=\"center\" \/>\n&nbsp;\n<em>7 octobre<\/em> : L&rsquo;entreprise GTS de Villefranche de Lauragais arrive \u00e0 Alleyras \u00e0 9h00 puis se dirige sur le site de l&rsquo;\u00e9boulement \u00e0 9h30 pour y retrouver des responsables du d\u00e9partement. D\u00e9couverte de la situation.\n<img decoding=\"async\" src=\"IMG\/jpg\/usagers-transports-haut-allier-eu-07oct2015-eboulement-alleyras-09h25-2.jpg\" alt=\"usagers-transports-haut-allier-eu-07oct2015-eboulement-alleyras-09h25-2.jpg\" align=\"center\" \/>\n&nbsp;\n<em>11 octobre<\/em> : Les travaux de s\u00e9curisation du futur d\u00e9blaiement d\u00e9butent avec la pose de capteurs. Les techniciens seront avertis de tout mouvement des rochers par un klaxon. Esp\u00e9rons que ce ne sera pas trop tard&#8230;\n<img decoding=\"async\" src=\"IMG\/jpg\/usagers-transports-haut-allier-eu-11oct2015-eboulement-alleyras-10h00-2.jpg\" alt=\"usagers-transports-haut-allier-eu-11oct2015-eboulement-alleyras-10h00-2.jpg\" align=\"center\" \/>\n&nbsp;\n<em>12 octobre<\/em> : Les travaux de s\u00e9curisation continuent.\n<img decoding=\"async\" src=\"IMG\/jpg\/usagers-transports-haut-allier-eu-12oct2015-eboulement-alleyras-2.jpg\" alt=\"usagers-transports-haut-allier-eu-12oct2015-eboulement-alleyras-2.jpg\" align=\"center\" \/>\n<em>Photo France 3 Auvergne<\/em>\n&nbsp;\n<em>16 octobre<\/em> : Poursuite de la pose du syst\u00e8me de capteurs. C&rsquo;est vendredi le personnel quitte le site \u00e0 midi et ne devrait reprendre que mardi. Lundi la SNCF a pr\u00e9vu de retirer les wagons et la mini-pelle de la voie ferr\u00e9e en contrebas.\n<img decoding=\"async\" src=\"IMG\/jpg\/usagers-transports-haut-allier-eu-16oct2015-eboulement-alleyras.jpg\" alt=\"usagers-transports-haut-allier-eu-16oct2015-eboulement-alleyras.jpg\" align=\"center\" \/>\n&nbsp;\n<em>19 octobre 9h00<\/em> :  gare d&rsquo;Alleyras branlebas de combat avec un personnel SNCF nombreux pour assurer l&rsquo;op\u00e9ration d&rsquo;\u00e9vacuation des wagons sur le site de l&rsquo;\u00e9boulement. Le cr\u00e9neau d&rsquo;intervention est court : la matin\u00e9e. \n<img decoding=\"async\" src=\"IMG\/jpg\/usagers-transports-haut-allier-eu-19oct2015-le-personnel-sncf-arrive-pour-evacuer-les-wagons.jpg\" alt=\"usagers-transports-haut-allier-eu-19oct2015-le-personnel-sncf-arrive-pour-evacuer-les-wagons.jpg\" align=\"center\" \/>\n&nbsp;\n<em>19 octobre 11h00<\/em> : 4 wagons trop endommag\u00e9s et coinc\u00e9s, sont laiss\u00e9s sur le site, mais les autres ainsi que la mini pelle sont ramen\u00e9s en gare d&rsquo;Alleyras. La pelle est aussit\u00f4t \u00e9vacu\u00e9e par un camion plateau. L&rsquo;entreprise GTS reprend l&rsquo;apr\u00e8s-midi ses travaux de d\u00e9blaiement des roches.\n<img decoding=\"async\" src=\"IMG\/jpg\/usagers-transports-haut-allier-eu-19oct2015-passage-a-alleyras-de-la-mini-pelle-recuperee-sur-l-eboulement.jpg\" alt=\"usagers-transports-haut-allier-eu-19oct2015-passage-a-alleyras-de-la-mini-pelle-recuperee-sur-l-eboulement.jpg\" align=\"center\" \/>\n&nbsp;\n<em>24 octobre 13h00<\/em> : la purge des rochers a commenc\u00e9 tout au moins sur la paroi surplombant la route. Enfin, on dirait&#8230; \n<img decoding=\"async\" src=\"IMG\/jpg\/usagers-transports-haut-allier-eu-24oct2015-eboulement-alleyras.jpg\" alt=\"usagers-transports-haut-allier-eu-24oct2015-eboulement-alleyras.jpg\" align=\"center\" \/>\n&nbsp;\n<em>26 octobre 16h00<\/em> :  les travaux avancent doucement.\n<img decoding=\"async\" src=\"IMG\/jpg\/usagers-transports-haut-allier-eu-26oct2015-eboulement-alleyras.jpg\" alt=\"usagers-transports-haut-allier-eu-26oct2015-eboulement-alleyras.jpg\" align=\"center\" \/>\n&nbsp;\n<em>27 octobre 11h00<\/em> :  l&rsquo;entreprise GTS est tr\u00e8s active sur le site. Visite des responsables chantier du d\u00e9partement. En dessous une vue g\u00e9n\u00e9rale avec en bas \u00e0 gauche les wagons laiss\u00e9s par la SNCF. L&rsquo;entreprise s&rsquo;attache \u00e0 terminer la consolidation de l&rsquo;ancrage des rochers. Une entreprise de d\u00e9blaiement doit intervenir \u00e0 partir du 3 novembre. \n<img decoding=\"async\" src=\"IMG\/jpg\/usagers-transports-haut-allier-eu-27oct2015-eboulement-alleyras.jpg\" alt=\"usagers-transports-haut-allier-eu-27oct2015-eboulement-alleyras.jpg\" align=\"center\" \/>\n<img decoding=\"async\" src=\"IMG\/jpg\/usagers-transports-haut-allier-eu-27oct2015-2-eboulement-alleyras.jpg\" alt=\"usagers-transports-haut-allier-eu-27oct2015-2-eboulement-alleyras.jpg\" align=\"center\" \/>\n&nbsp;\n<em>29 octobre 12h00<\/em> :  l&rsquo;ancrage des rochers continue activement.\n<img decoding=\"async\" src=\"IMG\/jpg\/usagers-transports-haut-allier-eu-29oct2015-eboulement-alleyras-00.jpg\" alt=\"usagers-transports-haut-allier-eu-29oct2015-eboulement-alleyras-00.jpg\" align=\"center\" \/>\n<img decoding=\"async\" src=\"IMG\/jpg\/usagers-transports-haut-allier-eu-29oct2015-eboulement-alleyras-01.jpg\" alt=\"usagers-transports-haut-allier-eu-29oct2015-eboulement-alleyras-01.jpg\" align=\"center\" \/>\n<img decoding=\"async\" src=\"IMG\/jpg\/usagers-transports-haut-allier-eu-29oct2015-eboulement-03.jpg\" alt=\"usagers-transports-haut-allier-eu-29oct2015-eboulement-03.jpg\" align=\"center\" \/>\n<img decoding=\"async\" src=\"IMG\/jpg\/usagers-transports-haut-allier-eu-29oct2015-eboulement-04.jpg\" alt=\"usagers-transports-haut-allier-eu-29oct2015-eboulement-04.jpg\" align=\"center\" \/>\n<em>Patrice Vincent doit faire 58 kms tous les jours depuis 8 mois pour aller chercher son courrier&#8230; Nous lui conseillons d&rsquo;envoyer les factures du carburant au d\u00e9partement<\/em>\n<img decoding=\"async\" src=\"IMG\/jpg\/usagers-transports-haut-allier-eu-29oct2015-eboulement-05.jpg\" alt=\"usagers-transports-haut-allier-eu-29oct2015-eboulement-05.jpg\" align=\"center\" \/>\n<em>Vus de l&rsquo;\u00e9boulement les 4 wagons coinc\u00e9s laiss\u00e9s par la SNCF<\/em>\n&nbsp;\n<em>30 octobre 11h00<\/em> : l&rsquo;\u00e9tat des travaux en fin de semaine\n<img decoding=\"async\" src=\"IMG\/jpg\/usagers-transports-haut-allier-eu-30oct2015-eboulement.jpg\" alt=\"usagers-transports-haut-allier-eu-30oct2015-eboulement.jpg\" align=\"center\" \/>\n&nbsp;\n<em>2 novembre 11h00<\/em> : les forages pour les ancrages ne sont pas encore contr\u00f4l\u00e9s par le bureau d&rsquo;\u00e9tudes g\u00e9od\u00e9siques. Ce qui veut dire que les ancrages ne sont pas encore effectu\u00e9s. Et donc que les filets ne sont pas pos\u00e9s. Et donc que le d\u00e9but du d\u00e9blaiement pr\u00e9vu demain 3 novembre sera en retard&#8230;\n<img loading=\"lazy\" decoding=\"async\" class=\" aligncenter size-full wp-image-1610\" src=\"http:\/\/5.45.101.177\/haut-allier\/usagers-transportse\/wp-content\/uploads\/2015\/12\/usagers-transports-haut-allier-eu-02nov2016.jpg\" alt=\"usagers-transports-haut-allier-eu-02nov2016.jpg\" align=\"center\" width=\"742\" height=\"530\" srcset=\"https:\/\/usagers-transports.haut-allier.eu\/wp-content\/uploads\/2015\/12\/usagers-transports-haut-allier-eu-02nov2016.jpg 742w, https:\/\/usagers-transports.haut-allier.eu\/wp-content\/uploads\/2015\/12\/usagers-transports-haut-allier-eu-02nov2016-300x214.jpg 300w\" sizes=\"auto, (max-width: 742px) 100vw, 742px\" \/>\n&nbsp;\n<em>3 novembre 15h00<\/em> : chantier d\u00e9sert aujourd&rsquo;hui. Mauvaise coordination des travaux ? L&rsquo;impression laiss\u00e9e est que \u00e7a sent le gaz. Nous esp\u00e9rons nous tromper.\n<img loading=\"lazy\" decoding=\"async\" class=\" aligncenter size-full wp-image-1611\" src=\"http:\/\/5.45.101.177\/haut-allier\/usagers-transportse\/wp-content\/uploads\/2015\/12\/usagers-transports-haut-allier-eu-03nov2016-00.jpg\" alt=\"usagers-transports-haut-allier-eu-03nov2016-00.jpg\" align=\"center\" width=\"800\" height=\"513\" srcset=\"https:\/\/usagers-transports.haut-allier.eu\/wp-content\/uploads\/2015\/12\/usagers-transports-haut-allier-eu-03nov2016-00.jpg 800w, https:\/\/usagers-transports.haut-allier.eu\/wp-content\/uploads\/2015\/12\/usagers-transports-haut-allier-eu-03nov2016-00-300x192.jpg 300w, https:\/\/usagers-transports.haut-allier.eu\/wp-content\/uploads\/2015\/12\/usagers-transports-haut-allier-eu-03nov2016-00-768x492.jpg 768w\" sizes=\"auto, (max-width: 800px) 100vw, 800px\" \/>\n<img loading=\"lazy\" decoding=\"async\" class=\" aligncenter size-full wp-image-1612\" src=\"http:\/\/5.45.101.177\/haut-allier\/usagers-transportse\/wp-content\/uploads\/2015\/12\/usagers-transports-haut-allier-eu-03nov2016-01.jpg\" alt=\"usagers-transports-haut-allier-eu-03nov2016-01.jpg\" align=\"center\" width=\"800\" height=\"600\" srcset=\"https:\/\/usagers-transports.haut-allier.eu\/wp-content\/uploads\/2015\/12\/usagers-transports-haut-allier-eu-03nov2016-01.jpg 800w, https:\/\/usagers-transports.haut-allier.eu\/wp-content\/uploads\/2015\/12\/usagers-transports-haut-allier-eu-03nov2016-01-300x225.jpg 300w, https:\/\/usagers-transports.haut-allier.eu\/wp-content\/uploads\/2015\/12\/usagers-transports-haut-allier-eu-03nov2016-01-768x576.jpg 768w\" sizes=\"auto, (max-width: 800px) 100vw, 800px\" \/>\n<img loading=\"lazy\" decoding=\"async\" class=\" aligncenter size-full wp-image-1613\" src=\"http:\/\/5.45.101.177\/haut-allier\/usagers-transportse\/wp-content\/uploads\/2015\/12\/usagers-transports-haut-allier-eu-03nov2016-02.jpg\" alt=\"usagers-transports-haut-allier-eu-03nov2016-02.jpg\" align=\"center\" width=\"800\" height=\"600\" srcset=\"https:\/\/usagers-transports.haut-allier.eu\/wp-content\/uploads\/2015\/12\/usagers-transports-haut-allier-eu-03nov2016-02.jpg 800w, https:\/\/usagers-transports.haut-allier.eu\/wp-content\/uploads\/2015\/12\/usagers-transports-haut-allier-eu-03nov2016-02-300x225.jpg 300w, https:\/\/usagers-transports.haut-allier.eu\/wp-content\/uploads\/2015\/12\/usagers-transports-haut-allier-eu-03nov2016-02-768x576.jpg 768w\" sizes=\"auto, (max-width: 800px) 100vw, 800px\" \/>\n&nbsp;\nNous questionnons le d\u00e9partement :\n<img loading=\"lazy\" decoding=\"async\" class=\" aligncenter size-full wp-image-1614\" src=\"http:\/\/5.45.101.177\/haut-allier\/usagers-transportse\/wp-content\/uploads\/2015\/12\/TweetDeck_-_2015-11-04_06-55-50.png\" alt=\"TweetDeck_-_2015-11-04_06-55-50.png\" align=\"center\" width=\"294\" height=\"265\" \/>\n&nbsp;\nQui nous r\u00e9pond, tant mieux. Mais pour les intemp\u00e9ries, rat\u00e9, pas d&rsquo;intemp\u00e9ries \u00e0 Alleyras ce jour l\u00e0.\n<img loading=\"lazy\" decoding=\"async\" class=\" aligncenter size-full wp-image-1615\" src=\"http:\/\/5.45.101.177\/haut-allier\/usagers-transportse\/wp-content\/uploads\/2015\/12\/TweetDeck_-_2015-11-04_06-56-22.png\" alt=\"TweetDeck_-_2015-11-04_06-56-22.png\" align=\"center\" width=\"284\" height=\"160\" \/>\n&nbsp;\n<em>4 novembre 15h00<\/em> : GTS de nouveau actif sur le site. A moins que nous ayons mal interpr\u00e9t\u00e9 les explications, le d\u00e9partement vient de leur demander de porter de 45 \u00e0 pr\u00e8s de 400 le nombre de \u00ab\u00a0clous\u00a0\u00bb pour retenir la masse rocheuse. Et donc 400 forages \u00e0 faire au lieu de 45. 400 forages \u00e0 faire contr\u00f4ler par le bureau g\u00e9od\u00e9sique. Et ce sans doute pour raccourcir le d\u00e9lai de remise de la route aux usagers. Et de la voie ferr\u00e9e. De plus la rentr\u00e9e en piste de la <em>pelle araign\u00e9e<\/em> qui d\u00e9blaiera est repouss\u00e9e d&rsquo;une semaine, soit \u00e0 partir du 9 novembre. <strong>La date de r\u00e9ouverture \u00e0 \u00ab\u00a0mi novembre\u00a0\u00bb semble plus que jamais compromise. Ne parlons pas du train.<\/strong>\n&nbsp;\n\n[(<em> <strong>Ci dessous nous avions r\u00e9dig\u00e9 un texte au sujet de l&rsquo;accident (une fracture) de Patrice Vincent qui vous fait coucou plus haut dans sa maison de Pout\u00e8s, \u00e0 c\u00f4t\u00e9 de l&rsquo;\u00e9boulement, un texte qui faisait \u00e9tat du temps mis par les secours d\u00e9partementaux pour arriver sur place. Ces 5 lignes ont \u00e9t\u00e9 trouv\u00e9es diffamatoires par le directeur du SDIS 43 qui nous a adress\u00e9 une lettre recommand\u00e9e mettant en demeure de les supprimer. Nous nous ex\u00e9cutons et publions \u00e0 la place, le t\u00e9moignage audio de l&rsquo;accident\u00e9. Patrice Vincent raconte ce qu&rsquo;il a v\u00e9cu et effectivement il rectifie ce que nous relations, un temps d&rsquo;intervention d&rsquo;une heure et l&rsquo;erreur de trajet via Pont d&rsquo;Alleyras. Nous pr\u00e9sentons nos excuses au Directeur du SDIS 43. Nous n&rsquo;avions \u00e9videmment pas pu interroger l&rsquo;accident\u00e9 vu son \u00e9tat. Par contre nous nous \u00e9tions renseign\u00e9 via d&rsquo;autres sources qui se sont r\u00e9v\u00e9l\u00e9es approximatives dans l&rsquo;urgence.<\/strong> <\/em>\n&nbsp;\n<a href=\"http:\/\/5.45.101.177\/haut-allier\/usagers-transportse\/wp-content\/uploads\/2015\/12\/usagers-haut-allier-eu-21nov2015-patrice-vincent-itw.mp3\">usagers-haut-allier-eu-21nov2015-patrice-vincent-itw.mp3<\/a>\n&nbsp;\n)]\n\n<img loading=\"lazy\" decoding=\"async\" class=\" aligncenter size-full wp-image-1617\" src=\"http:\/\/5.45.101.177\/haut-allier\/usagers-transportse\/wp-content\/uploads\/2015\/12\/usagers-transports-haut-allier-eu-04nov2016.jpg\" alt=\"usagers-transports-haut-allier-eu-04nov2016.jpg\" align=\"center\" width=\"800\" height=\"568\" srcset=\"https:\/\/usagers-transports.haut-allier.eu\/wp-content\/uploads\/2015\/12\/usagers-transports-haut-allier-eu-04nov2016.jpg 800w, https:\/\/usagers-transports.haut-allier.eu\/wp-content\/uploads\/2015\/12\/usagers-transports-haut-allier-eu-04nov2016-300x213.jpg 300w, https:\/\/usagers-transports.haut-allier.eu\/wp-content\/uploads\/2015\/12\/usagers-transports-haut-allier-eu-04nov2016-768x545.jpg 768w\" sizes=\"auto, (max-width: 800px) 100vw, 800px\" \/>\n&nbsp;\n<em>6 novembre 10h00<\/em> : \u00e0 <em>4 jours et demi <\/em> de la fin th\u00e9orique du chantier GTS bien actif ce matin. <strong>Retard du chantier 9 jours<\/strong> aujourd&rsquo;hui : la pelle araign\u00e9e doit op\u00e9rer le jeudi 12 novembre prochain. \n<img loading=\"lazy\" decoding=\"async\" class=\" aligncenter size-full wp-image-1618\" src=\"http:\/\/5.45.101.177\/haut-allier\/usagers-transportse\/wp-content\/uploads\/2015\/12\/usagers-transports-haut-allier-eu-06nov2016-01.jpg\" alt=\"usagers-transports-haut-allier-eu-06nov2016-01.jpg\" align=\"center\" width=\"800\" height=\"896\" srcset=\"https:\/\/usagers-transports.haut-allier.eu\/wp-content\/uploads\/2015\/12\/usagers-transports-haut-allier-eu-06nov2016-01.jpg 800w, https:\/\/usagers-transports.haut-allier.eu\/wp-content\/uploads\/2015\/12\/usagers-transports-haut-allier-eu-06nov2016-01-268x300.jpg 268w, https:\/\/usagers-transports.haut-allier.eu\/wp-content\/uploads\/2015\/12\/usagers-transports-haut-allier-eu-06nov2016-01-768x860.jpg 768w\" sizes=\"auto, (max-width: 800px) 100vw, 800px\" \/>\n<img loading=\"lazy\" decoding=\"async\" class=\" aligncenter size-full wp-image-1619\" src=\"http:\/\/5.45.101.177\/haut-allier\/usagers-transportse\/wp-content\/uploads\/2015\/12\/usagers-transports-haut-allier-eu-06nov2016-02.jpg\" alt=\"usagers-transports-haut-allier-eu-06nov2016-02.jpg\" align=\"center\" width=\"800\" height=\"809\" srcset=\"https:\/\/usagers-transports.haut-allier.eu\/wp-content\/uploads\/2015\/12\/usagers-transports-haut-allier-eu-06nov2016-02.jpg 800w, https:\/\/usagers-transports.haut-allier.eu\/wp-content\/uploads\/2015\/12\/usagers-transports-haut-allier-eu-06nov2016-02-297x300.jpg 297w, https:\/\/usagers-transports.haut-allier.eu\/wp-content\/uploads\/2015\/12\/usagers-transports-haut-allier-eu-06nov2016-02-768x777.jpg 768w\" sizes=\"auto, (max-width: 800px) 100vw, 800px\" \/>\n&nbsp;\n<em>9 novembre 10h30<\/em> : les intervenants de GTS s&rsquo;appr\u00eatent \u00e0 passer la main \u00e0 l&rsquo;entreprise qui va d\u00e9blayer les roches ce jeudi 12. Cette derni\u00e8re a trois jours pour tout enlever. Ensuite GTS revient sur le site pour s\u00e9curiser la partie basse de la RD40, entre la route et la voie ferr\u00e9e. Ce n&rsquo;est que quand ces op\u00e9rations seront effectu\u00e9es que la route sera rouverte \u00e0 la circulation et que la SNCF pourra commencer \u00e0 enlever ses wagons, r\u00e9parer voies et ballast, et r\u00e9parer la murette de s\u00e9curit\u00e9 en plusieurs endroits d\u00e9fonc\u00e9e. Donc en r\u00e9sum\u00e9 la route devrait rouvrir fin novembre et un mois de travaux SNCF resteront pour ouvrir les circulations de trains. On ne pourra pas mettre le retard sur le compte des intemp\u00e9ries, c&rsquo;est par un temps extr\u00eamement favorable que tout se d\u00e9roule.\n<img loading=\"lazy\" decoding=\"async\" class=\" aligncenter size-full wp-image-1620\" src=\"http:\/\/5.45.101.177\/haut-allier\/usagers-transportse\/wp-content\/uploads\/2015\/12\/usagers-transports-haut-allier-eu-09nov2016-00.jpg\" alt=\"usagers-transports-haut-allier-eu-09nov2016-00.jpg\" align=\"center\" width=\"800\" height=\"490\" srcset=\"https:\/\/usagers-transports.haut-allier.eu\/wp-content\/uploads\/2015\/12\/usagers-transports-haut-allier-eu-09nov2016-00.jpg 800w, https:\/\/usagers-transports.haut-allier.eu\/wp-content\/uploads\/2015\/12\/usagers-transports-haut-allier-eu-09nov2016-00-300x184.jpg 300w, https:\/\/usagers-transports.haut-allier.eu\/wp-content\/uploads\/2015\/12\/usagers-transports-haut-allier-eu-09nov2016-00-768x470.jpg 768w\" sizes=\"auto, (max-width: 800px) 100vw, 800px\" \/>\n&nbsp;\n<em>10 novembre 10h30<\/em> : une pelle m\u00e9canique est arriv\u00e9e mais n&rsquo;est pas encore sur l&rsquo;\u00e9boulement. Il semblerait que GTS n&rsquo;ait pas fini sa s\u00e9curisation. En tous cas pas de filets en vue \u00e0 un jour du d\u00e9blaiement. Nous pensons que nous sommes \u00e0 environ 15 jours de retard sur le chantier. L&rsquo;absence de trains pour les f\u00eates de fin d&rsquo;ann\u00e9e se profile.\n<img loading=\"lazy\" decoding=\"async\" class=\" aligncenter size-full wp-image-1621\" src=\"http:\/\/5.45.101.177\/haut-allier\/usagers-transportse\/wp-content\/uploads\/2015\/12\/usagers-transports-haut-allier-eu-10nov2015-00.jpg\" alt=\"usagers-transports-haut-allier-eu-10nov2015-00.jpg\" align=\"center\" width=\"800\" height=\"491\" srcset=\"https:\/\/usagers-transports.haut-allier.eu\/wp-content\/uploads\/2015\/12\/usagers-transports-haut-allier-eu-10nov2015-00.jpg 800w, https:\/\/usagers-transports.haut-allier.eu\/wp-content\/uploads\/2015\/12\/usagers-transports-haut-allier-eu-10nov2015-00-300x184.jpg 300w, https:\/\/usagers-transports.haut-allier.eu\/wp-content\/uploads\/2015\/12\/usagers-transports-haut-allier-eu-10nov2015-00-768x471.jpg 768w\" sizes=\"auto, (max-width: 800px) 100vw, 800px\" \/>\n<img loading=\"lazy\" decoding=\"async\" class=\" aligncenter size-full wp-image-1622\" src=\"http:\/\/5.45.101.177\/haut-allier\/usagers-transportse\/wp-content\/uploads\/2015\/12\/usagers-transports-haut-allier-eu-10nov2015-01.jpg\" alt=\"usagers-transports-haut-allier-eu-10nov2015-01.jpg\" align=\"center\" width=\"800\" height=\"567\" srcset=\"https:\/\/usagers-transports.haut-allier.eu\/wp-content\/uploads\/2015\/12\/usagers-transports-haut-allier-eu-10nov2015-01.jpg 800w, https:\/\/usagers-transports.haut-allier.eu\/wp-content\/uploads\/2015\/12\/usagers-transports-haut-allier-eu-10nov2015-01-300x213.jpg 300w, https:\/\/usagers-transports.haut-allier.eu\/wp-content\/uploads\/2015\/12\/usagers-transports-haut-allier-eu-10nov2015-01-768x544.jpg 768w\" sizes=\"auto, (max-width: 800px) 100vw, 800px\" \/>\n&nbsp;\n<em>11 novembre \u00e0 9h00, 10h30 et 11h00<\/em> : la pelle m\u00e9canique \u00e0 chenilles est arriv\u00e9e sur le site hier mardi vers 15h, en marche arri\u00e8re, car pas suffisamment de place sur cette petite route pour se retourner, et le premier camion de rochers aurait \u00e9t\u00e9 charg\u00e9. Rien ne bougeait c\u00f4t\u00e9 PAL, l&rsquo;entreprise de d\u00e9blaiement, aujourd&rsquo;hui et les techniciens de GTS par contre continuent leurs ancrages en ce jour f\u00e9ri\u00e9  du 11 novembre. Il n&rsquo;y aura apparemment pas de filets pos\u00e9s, sauf quelques c\u00e2bles, les tiges maintenant elles m\u00eames les blocs. PAL reprend le boulot demain jeudi. Ensuite une nouvelle entreprise s&rsquo;attachera \u00e0 d\u00e9blayer les rochers entre la RD40 et la voie ferr\u00e9e. Le conseil d\u00e9partemental communique d\u00e9j\u00e0 dans la presse la date de r\u00e9ouverture de la route : fin de semaine prochaine soit le 19, 20 ou 21 novembre. Qu&rsquo;il soit entendu ! Il est d\u00e9j\u00e0 en retard.\n&nbsp;\n<img loading=\"lazy\" decoding=\"async\" class=\" aligncenter size-full wp-image-1623\" src=\"http:\/\/5.45.101.177\/haut-allier\/usagers-transportse\/wp-content\/uploads\/2015\/12\/usagers-transports-haut-allier-eu-11nov2015-00.jpg\" alt=\"usagers-transports-haut-allier-eu-11nov2015-00.jpg\" align=\"center\" width=\"700\" height=\"933\" srcset=\"https:\/\/usagers-transports.haut-allier.eu\/wp-content\/uploads\/2015\/12\/usagers-transports-haut-allier-eu-11nov2015-00.jpg 700w, https:\/\/usagers-transports.haut-allier.eu\/wp-content\/uploads\/2015\/12\/usagers-transports-haut-allier-eu-11nov2015-00-225x300.jpg 225w\" sizes=\"auto, (max-width: 700px) 100vw, 700px\" \/>\n<img loading=\"lazy\" decoding=\"async\" class=\" aligncenter size-full wp-image-1624\" src=\"http:\/\/5.45.101.177\/haut-allier\/usagers-transportse\/wp-content\/uploads\/2015\/12\/usagers-transports-haut-allier-eu-11nov2015-01.jpg\" alt=\"usagers-transports-haut-allier-eu-11nov2015-01.jpg\" align=\"center\" width=\"800\" height=\"550\" srcset=\"https:\/\/usagers-transports.haut-allier.eu\/wp-content\/uploads\/2015\/12\/usagers-transports-haut-allier-eu-11nov2015-01.jpg 800w, https:\/\/usagers-transports.haut-allier.eu\/wp-content\/uploads\/2015\/12\/usagers-transports-haut-allier-eu-11nov2015-01-300x206.jpg 300w, https:\/\/usagers-transports.haut-allier.eu\/wp-content\/uploads\/2015\/12\/usagers-transports-haut-allier-eu-11nov2015-01-768x528.jpg 768w\" sizes=\"auto, (max-width: 800px) 100vw, 800px\" \/>\n&nbsp;\n<em>12 novembre \u00e0 14h00<\/em> : la soci\u00e9t\u00e9 GTS a termin\u00e9 ses ancrages et n&rsquo;est plus sur le site, des barres s&rsquo;enfoncent d\u00e9sormais jusqu&rsquo;\u00e0 10 m\u00e8tres dans la montagne pour maintenir les rochers. L&rsquo;entreprise PAL d\u00e9blaie les \u00e9boulis obstruant la route depuis 9 heures ce matin et les \u00e9vacue avec ce gros camion benne bleu.\n&nbsp;\n<img loading=\"lazy\" decoding=\"async\" class=\" aligncenter size-full wp-image-1625\" src=\"http:\/\/5.45.101.177\/haut-allier\/usagers-transportse\/wp-content\/uploads\/2015\/12\/usagers-transports-haut-allier-eu-12nov2015-00.jpg\" alt=\"usagers-transports-haut-allier-eu-12nov2015-00.jpg\" align=\"center\" width=\"800\" height=\"544\" srcset=\"https:\/\/usagers-transports.haut-allier.eu\/wp-content\/uploads\/2015\/12\/usagers-transports-haut-allier-eu-12nov2015-00.jpg 800w, https:\/\/usagers-transports.haut-allier.eu\/wp-content\/uploads\/2015\/12\/usagers-transports-haut-allier-eu-12nov2015-00-300x204.jpg 300w, https:\/\/usagers-transports.haut-allier.eu\/wp-content\/uploads\/2015\/12\/usagers-transports-haut-allier-eu-12nov2015-00-768x522.jpg 768w\" sizes=\"auto, (max-width: 800px) 100vw, 800px\" \/>\n&nbsp;\n<em>12 novembre \u00e0 16h00<\/em> : C&rsquo;est en fait assez lent la pelle essaie de d\u00e9blayer un maximum autour du gros \u00e9l\u00e9ment qu&rsquo;il faudra fendre et qui est toujours sur place. Ce sera sans doute la pr\u00e9occupation de ces prochaines heures \/ jours.\n<img loading=\"lazy\" decoding=\"async\" class=\" aligncenter size-full wp-image-1626\" src=\"http:\/\/5.45.101.177\/haut-allier\/usagers-transportse\/wp-content\/uploads\/2015\/12\/usagers-transports-haut-allier-eu-12nov2015-01.jpg\" alt=\"usagers-transports-haut-allier-eu-12nov2015-01.jpg\" align=\"center\" width=\"800\" height=\"469\" srcset=\"https:\/\/usagers-transports.haut-allier.eu\/wp-content\/uploads\/2015\/12\/usagers-transports-haut-allier-eu-12nov2015-01.jpg 800w, https:\/\/usagers-transports.haut-allier.eu\/wp-content\/uploads\/2015\/12\/usagers-transports-haut-allier-eu-12nov2015-01-300x176.jpg 300w, https:\/\/usagers-transports.haut-allier.eu\/wp-content\/uploads\/2015\/12\/usagers-transports-haut-allier-eu-12nov2015-01-768x450.jpg 768w\" sizes=\"auto, (max-width: 800px) 100vw, 800px\" \/>\n&nbsp;\n<em>13 novembre \u00e0 16h00<\/em> : PAL a commenc\u00e9 \u00e0 entamer le gros bloc ce matin \u00e0 l&rsquo;aide d&rsquo;un marteau-piqueur et finira demain samedi. Ensuite le d\u00e9blaiement total de la route devrait se terminer le soir. La r\u00e9ouverture \u00e0 la circulation est pr\u00e9vue la semaine prochaine sans doute apr\u00e8s quelques am\u00e9nagements du service des routes du d\u00e9partement et le d\u00e9gagement des blocs en contrebas par la pelle araign\u00e9e.\n<img loading=\"lazy\" decoding=\"async\" class=\" aligncenter size-full wp-image-1627\" src=\"http:\/\/5.45.101.177\/haut-allier\/usagers-transportse\/wp-content\/uploads\/2015\/12\/usagers-transports-haut-allier-eu-13nov2015-00.jpg\" alt=\"usagers-transports-haut-allier-eu-13nov2015-00.jpg\" align=\"center\" width=\"800\" height=\"1067\" srcset=\"https:\/\/usagers-transports.haut-allier.eu\/wp-content\/uploads\/2015\/12\/usagers-transports-haut-allier-eu-13nov2015-00.jpg 800w, https:\/\/usagers-transports.haut-allier.eu\/wp-content\/uploads\/2015\/12\/usagers-transports-haut-allier-eu-13nov2015-00-225x300.jpg 225w, https:\/\/usagers-transports.haut-allier.eu\/wp-content\/uploads\/2015\/12\/usagers-transports-haut-allier-eu-13nov2015-00-768x1024.jpg 768w\" sizes=\"auto, (max-width: 800px) 100vw, 800px\" \/>\n&nbsp;\n<em>14 novembre \u00e0 16h30<\/em> : le gros bloc a \u00e9t\u00e9 pulv\u00e9ris\u00e9. Bravo au conducteur de la pelle qui n&rsquo;a pas trop fait de d\u00e9g\u00e2ts collat\u00e9raux. Nous sommes \u00e0 quelques pellet\u00e9es de la fin du d\u00e9blaiement. Mais la route sera-t-elle rouverte en l&rsquo;\u00e9tat ?\n<img loading=\"lazy\" decoding=\"async\" class=\" aligncenter size-full wp-image-1628\" src=\"http:\/\/5.45.101.177\/haut-allier\/usagers-transportse\/wp-content\/uploads\/2015\/12\/usagers-transports-haut-allier-eu-14nov2015-00.jpg\" alt=\"usagers-transports-haut-allier-eu-14nov2015-00.jpg\" align=\"center\" width=\"800\" height=\"600\" srcset=\"https:\/\/usagers-transports.haut-allier.eu\/wp-content\/uploads\/2015\/12\/usagers-transports-haut-allier-eu-14nov2015-00.jpg 800w, https:\/\/usagers-transports.haut-allier.eu\/wp-content\/uploads\/2015\/12\/usagers-transports-haut-allier-eu-14nov2015-00-300x225.jpg 300w, https:\/\/usagers-transports.haut-allier.eu\/wp-content\/uploads\/2015\/12\/usagers-transports-haut-allier-eu-14nov2015-00-768x576.jpg 768w\" sizes=\"auto, (max-width: 800px) 100vw, 800px\" \/>\n&nbsp;\n<em>15 novembre \u00e0 10h30<\/em> : jour important, la ROUTE EST DEBLAYEE !  L&rsquo;entreprise PAL a travaill\u00e9 tard hier samedi. Sur la photo des rochers en dessus de la route nous avons surlign\u00e9 les ancrages perforant les blocs par la soci\u00e9t\u00e9 GTS. Ce sont en fait des fers \u00e0 b\u00e9ton qui peuvent aller tr\u00e8s profond. Le rev\u00eatement de la route ne semble pas trop endommag\u00e9 par les chutes, par contre les deux murettes sont \u00e0 reconstruire. Et il faut d\u00e9blayer maintenant tous les \u00e9boulis en contrebas jusqu&rsquo;\u00e0 la voie ferr\u00e9e. La route sera-t-elle rendue apr\u00e8s ces travaux ou seront-ils men\u00e9s en parall\u00e8le ? Myst\u00e8re.\n&nbsp;\n<img loading=\"lazy\" decoding=\"async\" class=\" aligncenter size-full wp-image-1629\" src=\"http:\/\/5.45.101.177\/haut-allier\/usagers-transportse\/wp-content\/uploads\/2015\/12\/usagers-transports-haut-allier-eu-14nov2015-01.jpg\" alt=\"usagers-transports-haut-allier-eu-14nov2015-01.jpg\" align=\"center\" width=\"800\" height=\"600\" srcset=\"https:\/\/usagers-transports.haut-allier.eu\/wp-content\/uploads\/2015\/12\/usagers-transports-haut-allier-eu-14nov2015-01.jpg 800w, https:\/\/usagers-transports.haut-allier.eu\/wp-content\/uploads\/2015\/12\/usagers-transports-haut-allier-eu-14nov2015-01-300x225.jpg 300w, https:\/\/usagers-transports.haut-allier.eu\/wp-content\/uploads\/2015\/12\/usagers-transports-haut-allier-eu-14nov2015-01-768x576.jpg 768w\" sizes=\"auto, (max-width: 800px) 100vw, 800px\" \/>\n<img loading=\"lazy\" decoding=\"async\" class=\" aligncenter size-full wp-image-1630\" src=\"http:\/\/5.45.101.177\/haut-allier\/usagers-transportse\/wp-content\/uploads\/2015\/12\/usagers-transports-haut-allier-eu-14nov2015-02.jpg\" alt=\"usagers-transports-haut-allier-eu-14nov2015-02.jpg\" align=\"center\" width=\"800\" height=\"600\" srcset=\"https:\/\/usagers-transports.haut-allier.eu\/wp-content\/uploads\/2015\/12\/usagers-transports-haut-allier-eu-14nov2015-02.jpg 800w, https:\/\/usagers-transports.haut-allier.eu\/wp-content\/uploads\/2015\/12\/usagers-transports-haut-allier-eu-14nov2015-02-300x225.jpg 300w, https:\/\/usagers-transports.haut-allier.eu\/wp-content\/uploads\/2015\/12\/usagers-transports-haut-allier-eu-14nov2015-02-768x576.jpg 768w\" sizes=\"auto, (max-width: 800px) 100vw, 800px\" \/>\n<img loading=\"lazy\" decoding=\"async\" class=\" aligncenter size-full wp-image-1631\" src=\"http:\/\/5.45.101.177\/haut-allier\/usagers-transportse\/wp-content\/uploads\/2015\/12\/usagers-transports-haut-allier-eu-14nov2015-03.jpg\" alt=\"usagers-transports-haut-allier-eu-14nov2015-03.jpg\" align=\"center\" width=\"800\" height=\"1067\" srcset=\"https:\/\/usagers-transports.haut-allier.eu\/wp-content\/uploads\/2015\/12\/usagers-transports-haut-allier-eu-14nov2015-03.jpg 800w, https:\/\/usagers-transports.haut-allier.eu\/wp-content\/uploads\/2015\/12\/usagers-transports-haut-allier-eu-14nov2015-03-225x300.jpg 225w, https:\/\/usagers-transports.haut-allier.eu\/wp-content\/uploads\/2015\/12\/usagers-transports-haut-allier-eu-14nov2015-03-768x1024.jpg 768w\" sizes=\"auto, (max-width: 800px) 100vw, 800px\" \/>\n<img loading=\"lazy\" decoding=\"async\" class=\" aligncenter size-full wp-image-1632\" src=\"http:\/\/5.45.101.177\/haut-allier\/usagers-transportse\/wp-content\/uploads\/2015\/12\/usagers-transports-haut-allier-eu-14nov2015-04.jpg\" alt=\"usagers-transports-haut-allier-eu-14nov2015-04.jpg\" align=\"center\" width=\"800\" height=\"600\" srcset=\"https:\/\/usagers-transports.haut-allier.eu\/wp-content\/uploads\/2015\/12\/usagers-transports-haut-allier-eu-14nov2015-04.jpg 800w, https:\/\/usagers-transports.haut-allier.eu\/wp-content\/uploads\/2015\/12\/usagers-transports-haut-allier-eu-14nov2015-04-300x225.jpg 300w, https:\/\/usagers-transports.haut-allier.eu\/wp-content\/uploads\/2015\/12\/usagers-transports-haut-allier-eu-14nov2015-04-768x576.jpg 768w\" sizes=\"auto, (max-width: 800px) 100vw, 800px\" \/>\n<img loading=\"lazy\" decoding=\"async\" class=\" aligncenter size-full wp-image-1633\" src=\"http:\/\/5.45.101.177\/haut-allier\/usagers-transportse\/wp-content\/uploads\/2015\/12\/usagers-transports-haut-allier-eu-14nov2015-05.jpg\" alt=\"usagers-transports-haut-allier-eu-14nov2015-05.jpg\" align=\"center\" width=\"800\" height=\"600\" srcset=\"https:\/\/usagers-transports.haut-allier.eu\/wp-content\/uploads\/2015\/12\/usagers-transports-haut-allier-eu-14nov2015-05.jpg 800w, https:\/\/usagers-transports.haut-allier.eu\/wp-content\/uploads\/2015\/12\/usagers-transports-haut-allier-eu-14nov2015-05-300x225.jpg 300w, https:\/\/usagers-transports.haut-allier.eu\/wp-content\/uploads\/2015\/12\/usagers-transports-haut-allier-eu-14nov2015-05-768x576.jpg 768w\" sizes=\"auto, (max-width: 800px) 100vw, 800px\" \/>\n<img loading=\"lazy\" decoding=\"async\" class=\" aligncenter size-full wp-image-1634\" src=\"http:\/\/5.45.101.177\/haut-allier\/usagers-transportse\/wp-content\/uploads\/2015\/12\/usagers-transports-haut-allier-eu-14nov2015-06.jpg\" alt=\"usagers-transports-haut-allier-eu-14nov2015-06.jpg\" align=\"center\" width=\"800\" height=\"600\" srcset=\"https:\/\/usagers-transports.haut-allier.eu\/wp-content\/uploads\/2015\/12\/usagers-transports-haut-allier-eu-14nov2015-06.jpg 800w, https:\/\/usagers-transports.haut-allier.eu\/wp-content\/uploads\/2015\/12\/usagers-transports-haut-allier-eu-14nov2015-06-300x225.jpg 300w, https:\/\/usagers-transports.haut-allier.eu\/wp-content\/uploads\/2015\/12\/usagers-transports-haut-allier-eu-14nov2015-06-768x576.jpg 768w\" sizes=\"auto, (max-width: 800px) 100vw, 800px\" \/>\n<img loading=\"lazy\" decoding=\"async\" class=\" aligncenter size-full wp-image-1635\" src=\"http:\/\/5.45.101.177\/haut-allier\/usagers-transportse\/wp-content\/uploads\/2015\/12\/usagers-transports-haut-allier-eu-14nov2015-07.jpg\" alt=\"usagers-transports-haut-allier-eu-14nov2015-07.jpg\" align=\"center\" width=\"800\" height=\"600\" srcset=\"https:\/\/usagers-transports.haut-allier.eu\/wp-content\/uploads\/2015\/12\/usagers-transports-haut-allier-eu-14nov2015-07.jpg 800w, https:\/\/usagers-transports.haut-allier.eu\/wp-content\/uploads\/2015\/12\/usagers-transports-haut-allier-eu-14nov2015-07-300x225.jpg 300w, https:\/\/usagers-transports.haut-allier.eu\/wp-content\/uploads\/2015\/12\/usagers-transports-haut-allier-eu-14nov2015-07-768x576.jpg 768w\" sizes=\"auto, (max-width: 800px) 100vw, 800px\" \/>\n&nbsp;\n<em>16 novembre \u00e0 10h00<\/em> : finitions du d\u00e9blaiement de la route par l&rsquo;entreprise PAL. L&rsquo;\u00e9quipe de GTS semble avoir quitt\u00e9 le site. \n<img loading=\"lazy\" decoding=\"async\" class=\" aligncenter size-full wp-image-1636\" src=\"http:\/\/5.45.101.177\/haut-allier\/usagers-transportse\/wp-content\/uploads\/2015\/12\/usagers-transports-haut-allier-eu-16nov2015-00.jpg\" alt=\"usagers-transports-haut-allier-eu-16nov2015-00.jpg\" align=\"center\" width=\"800\" height=\"518\" srcset=\"https:\/\/usagers-transports.haut-allier.eu\/wp-content\/uploads\/2015\/12\/usagers-transports-haut-allier-eu-16nov2015-00.jpg 800w, https:\/\/usagers-transports.haut-allier.eu\/wp-content\/uploads\/2015\/12\/usagers-transports-haut-allier-eu-16nov2015-00-300x194.jpg 300w, https:\/\/usagers-transports.haut-allier.eu\/wp-content\/uploads\/2015\/12\/usagers-transports-haut-allier-eu-16nov2015-00-768x497.jpg 768w\" sizes=\"auto, (max-width: 800px) 100vw, 800px\" \/>\n&nbsp;\n<em>\u00e0 17h30 : <\/em> L&rsquo;entreprise PAL et sa pelle orange a quitt\u00e9 le site. La pelle araign\u00e9e est arriv\u00e9e et a commenc\u00e9 sa descente dans le ravin pour le d\u00e9blayer les rochers au dessus de la voie ferr\u00e9e.  \n&nbsp;\n<img loading=\"lazy\" decoding=\"async\" class=\" aligncenter size-full wp-image-1637\" src=\"http:\/\/5.45.101.177\/haut-allier\/usagers-transportse\/wp-content\/uploads\/2015\/12\/usagers-transports-haut-allier-eu-16nov2015-01.jpg\" alt=\"usagers-transports-haut-allier-eu-16nov2015-01.jpg\" align=\"center\" width=\"800\" height=\"476\" srcset=\"https:\/\/usagers-transports.haut-allier.eu\/wp-content\/uploads\/2015\/12\/usagers-transports-haut-allier-eu-16nov2015-01.jpg 800w, https:\/\/usagers-transports.haut-allier.eu\/wp-content\/uploads\/2015\/12\/usagers-transports-haut-allier-eu-16nov2015-01-300x179.jpg 300w, https:\/\/usagers-transports.haut-allier.eu\/wp-content\/uploads\/2015\/12\/usagers-transports-haut-allier-eu-16nov2015-01-768x457.jpg 768w\" sizes=\"auto, (max-width: 800px) 100vw, 800px\" \/>\n&nbsp;\n<em>17 novembre \u00e0 11h00<\/em> : Pendant que la pelle araign\u00e9e, impressionnante car travaillant \u00e0 presque 90\u00b0 d&rsquo;inclinaison, d\u00e9gage les rochers du ravin qui s&rsquo;\u00e9croulent aux abords de la voie ferr\u00e9e, la SNCF envoie aux abords du site depuis la gare d&rsquo;Alleyras un tractopelle rose pour proc\u00e9der \u00e0 des d\u00e9rochements. Le d\u00e9blaiement des roches parvenues du haut sur la voie d\u00e9buterait demain mercredi.\n<img loading=\"lazy\" decoding=\"async\" class=\" aligncenter size-full wp-image-1638\" src=\"http:\/\/5.45.101.177\/haut-allier\/usagers-transportse\/wp-content\/uploads\/2015\/12\/usagers-transports-haut-allier-eu-17nov2015-00.jpg\" alt=\"usagers-transports-haut-allier-eu-17nov2015-00.jpg\" align=\"center\" width=\"800\" height=\"587\" srcset=\"https:\/\/usagers-transports.haut-allier.eu\/wp-content\/uploads\/2015\/12\/usagers-transports-haut-allier-eu-17nov2015-00.jpg 800w, https:\/\/usagers-transports.haut-allier.eu\/wp-content\/uploads\/2015\/12\/usagers-transports-haut-allier-eu-17nov2015-00-300x220.jpg 300w, https:\/\/usagers-transports.haut-allier.eu\/wp-content\/uploads\/2015\/12\/usagers-transports-haut-allier-eu-17nov2015-00-768x564.jpg 768w\" sizes=\"auto, (max-width: 800px) 100vw, 800px\" \/>\n<img loading=\"lazy\" decoding=\"async\" class=\" aligncenter size-full wp-image-1639\" src=\"http:\/\/5.45.101.177\/haut-allier\/usagers-transportse\/wp-content\/uploads\/2015\/12\/usagers-transports-haut-allier-eu-17nov2015-01.jpg\" alt=\"usagers-transports-haut-allier-eu-17nov2015-01.jpg\" align=\"center\" width=\"800\" height=\"1330\" srcset=\"https:\/\/usagers-transports.haut-allier.eu\/wp-content\/uploads\/2015\/12\/usagers-transports-haut-allier-eu-17nov2015-01.jpg 800w, https:\/\/usagers-transports.haut-allier.eu\/wp-content\/uploads\/2015\/12\/usagers-transports-haut-allier-eu-17nov2015-01-180x300.jpg 180w, https:\/\/usagers-transports.haut-allier.eu\/wp-content\/uploads\/2015\/12\/usagers-transports-haut-allier-eu-17nov2015-01-616x1024.jpg 616w, https:\/\/usagers-transports.haut-allier.eu\/wp-content\/uploads\/2015\/12\/usagers-transports-haut-allier-eu-17nov2015-01-768x1277.jpg 768w\" sizes=\"auto, (max-width: 800px) 100vw, 800px\" \/>\n<img loading=\"lazy\" decoding=\"async\" class=\" aligncenter size-full wp-image-1640\" src=\"http:\/\/5.45.101.177\/haut-allier\/usagers-transportse\/wp-content\/uploads\/2015\/12\/usagers-transports-haut-allier-eu-17nov2015-03.jpg\" alt=\"usagers-transports-haut-allier-eu-17nov2015-03.jpg\" align=\"center\" width=\"800\" height=\"481\" srcset=\"https:\/\/usagers-transports.haut-allier.eu\/wp-content\/uploads\/2015\/12\/usagers-transports-haut-allier-eu-17nov2015-03.jpg 800w, https:\/\/usagers-transports.haut-allier.eu\/wp-content\/uploads\/2015\/12\/usagers-transports-haut-allier-eu-17nov2015-03-300x180.jpg 300w, https:\/\/usagers-transports.haut-allier.eu\/wp-content\/uploads\/2015\/12\/usagers-transports-haut-allier-eu-17nov2015-03-768x462.jpg 768w\" sizes=\"auto, (max-width: 800px) 100vw, 800px\" \/>\n<img loading=\"lazy\" decoding=\"async\" class=\" aligncenter size-full wp-image-1641\" src=\"http:\/\/5.45.101.177\/haut-allier\/usagers-transportse\/wp-content\/uploads\/2015\/12\/usagers-transports-haut-allier-eu-17nov2015-02.jpg\" alt=\"usagers-transports-haut-allier-eu-17nov2015-02.jpg\" align=\"center\" width=\"800\" height=\"450\" srcset=\"https:\/\/usagers-transports.haut-allier.eu\/wp-content\/uploads\/2015\/12\/usagers-transports-haut-allier-eu-17nov2015-02.jpg 800w, https:\/\/usagers-transports.haut-allier.eu\/wp-content\/uploads\/2015\/12\/usagers-transports-haut-allier-eu-17nov2015-02-300x169.jpg 300w, https:\/\/usagers-transports.haut-allier.eu\/wp-content\/uploads\/2015\/12\/usagers-transports-haut-allier-eu-17nov2015-02-768x432.jpg 768w\" sizes=\"auto, (max-width: 800px) 100vw, 800px\" \/>\n&nbsp;\n<em>\u00e0 16h00<\/em> : la pelle en bas du ravin.\n<img loading=\"lazy\" decoding=\"async\" class=\" aligncenter size-full wp-image-1642\" src=\"http:\/\/5.45.101.177\/haut-allier\/usagers-transportse\/wp-content\/uploads\/2015\/12\/usagers-transports-haut-allier-eu-17nov2015-04.jpg\" alt=\"usagers-transports-haut-allier-eu-17nov2015-04.jpg\" align=\"center\" width=\"800\" height=\"481\" srcset=\"https:\/\/usagers-transports.haut-allier.eu\/wp-content\/uploads\/2015\/12\/usagers-transports-haut-allier-eu-17nov2015-04.jpg 800w, https:\/\/usagers-transports.haut-allier.eu\/wp-content\/uploads\/2015\/12\/usagers-transports-haut-allier-eu-17nov2015-04-300x180.jpg 300w, https:\/\/usagers-transports.haut-allier.eu\/wp-content\/uploads\/2015\/12\/usagers-transports-haut-allier-eu-17nov2015-04-768x462.jpg 768w\" sizes=\"auto, (max-width: 800px) 100vw, 800px\" \/>\n&nbsp;\n<em>18 novembre \u00e0 11h00<\/em> : Il para\u00eetrait que non, les pompiers ne se sont pas tromp\u00e9s de route lors de leur intervention du 4 novembre au hameau de Pout\u00e8s pour secourir Patrice Vincent victime d&rsquo;une fracture et qu&rsquo;ils ont mis en fait 30 minutes, v\u00e9rification faite par le d\u00e9partement, et non une heure comme nous l&rsquo;avions relat\u00e9 plus haut. Nous avons donc pris rendez-vous avec Patrice d\u00e9sormais sorti de l&rsquo;h\u00f4pital, qui nous dira la r\u00e9alit\u00e9. Voir au 4 novembre.\n&nbsp;\nSinon aujourd&rsquo;hui gros branlebas de combat : \n&#8211; sur la route les agents du d\u00e9partement ont pos\u00e9 des balises pour remplacer les murettes qui ne seront pas reconstruites imm\u00e9diatement et d\u00e9blay\u00e9 les roches restantes.\n&#8211; sur la voie ferr\u00e9e en bas 2 tractopelles dont un araign\u00e9e ont \u00e9t\u00e9 amen\u00e9 le matin par draisine sur le site. Les agents SNCF ont commenc\u00e9 leur travail de d\u00e9blaiement et essayent de conforter la voie.\n<img loading=\"lazy\" decoding=\"async\" class=\" aligncenter size-full wp-image-1643\" src=\"http:\/\/5.45.101.177\/haut-allier\/usagers-transportse\/wp-content\/uploads\/2015\/12\/usagers-transports-haut-allier-eu-18nov2015-06.jpg\" alt=\"usagers-transports-haut-allier-eu-18nov2015-06.jpg\" align=\"center\" width=\"800\" height=\"516\" srcset=\"https:\/\/usagers-transports.haut-allier.eu\/wp-content\/uploads\/2015\/12\/usagers-transports-haut-allier-eu-18nov2015-06.jpg 800w, https:\/\/usagers-transports.haut-allier.eu\/wp-content\/uploads\/2015\/12\/usagers-transports-haut-allier-eu-18nov2015-06-300x194.jpg 300w, https:\/\/usagers-transports.haut-allier.eu\/wp-content\/uploads\/2015\/12\/usagers-transports-haut-allier-eu-18nov2015-06-768x495.jpg 768w\" sizes=\"auto, (max-width: 800px) 100vw, 800px\" \/>\n<em>Sur la voie ferr\u00e9e d\u00e9but du d\u00e9blaiement et des travaux<\/em>\n<img loading=\"lazy\" decoding=\"async\" class=\" aligncenter size-full wp-image-1644\" src=\"http:\/\/5.45.101.177\/haut-allier\/usagers-transportse\/wp-content\/uploads\/2015\/12\/usagers-transports-haut-allier-eu-18nov2015-07.jpg\" alt=\"usagers-transports-haut-allier-eu-18nov2015-07.jpg\" align=\"center\" width=\"800\" height=\"704\" srcset=\"https:\/\/usagers-transports.haut-allier.eu\/wp-content\/uploads\/2015\/12\/usagers-transports-haut-allier-eu-18nov2015-07.jpg 800w, https:\/\/usagers-transports.haut-allier.eu\/wp-content\/uploads\/2015\/12\/usagers-transports-haut-allier-eu-18nov2015-07-300x264.jpg 300w, https:\/\/usagers-transports.haut-allier.eu\/wp-content\/uploads\/2015\/12\/usagers-transports-haut-allier-eu-18nov2015-07-768x676.jpg 768w\" sizes=\"auto, (max-width: 800px) 100vw, 800px\" \/>\n<em>En haut aussi on s&rsquo;affaire, m\u00eame GTS est l\u00e0 pour parfaire les ancrages de roches<\/em>\n&nbsp;\n\n<strong>Tout ceci laisse \u00e0 penser une ouverture tr\u00e8s tr\u00e8s proche&#8230;<\/strong>\n&nbsp;\n<em>18 novembre \u00e0 15h00<\/em> : confirmation REOUVERTURE DE LA ROUTE A 17 HEURES. Bon le d\u00e9partement aura bien ma\u00eetris\u00e9 la coordination des travaux. La d\u00e9cision de les commencer fut par contre difficile \u00e0 prendre ! Cette apr\u00e8s midi on a pos\u00e9 les panneaux de signalisation c\u00f4t\u00e9 Saint-Privat d&rsquo;Allier pour indiquer un danger. Egalement les camions sont venus d\u00e9monter les ALGECO de chantier. Le site est \u00e0 peu pr\u00e8s propre d\u00e9sormais. Demain matin jeudi les agents du d\u00e9partement rebitumeront n\u00e9anmoins la route qui a subi quelques dommages. Les techniciens de GTS continueront toute la journ\u00e9e au dessus de la route les finitions des ancrages.\n&nbsp;\n<img loading=\"lazy\" decoding=\"async\" class=\" aligncenter size-full wp-image-1645\" src=\"http:\/\/5.45.101.177\/haut-allier\/usagers-transportse\/wp-content\/uploads\/2015\/12\/usagers-transports-haut-allier-eu-18nov2015-08.jpg\" alt=\"usagers-transports-haut-allier-eu-18nov2015-08.jpg\" align=\"center\" width=\"800\" height=\"532\" srcset=\"https:\/\/usagers-transports.haut-allier.eu\/wp-content\/uploads\/2015\/12\/usagers-transports-haut-allier-eu-18nov2015-08.jpg 800w, https:\/\/usagers-transports.haut-allier.eu\/wp-content\/uploads\/2015\/12\/usagers-transports-haut-allier-eu-18nov2015-08-300x200.jpg 300w, https:\/\/usagers-transports.haut-allier.eu\/wp-content\/uploads\/2015\/12\/usagers-transports-haut-allier-eu-18nov2015-08-768x511.jpg 768w\" sizes=\"auto, (max-width: 800px) 100vw, 800px\" \/>\n<em>De nombreux agents du d\u00e9partement pr\u00e9parent l&rsquo;ouverture<\/em>\n&nbsp;\n<img loading=\"lazy\" decoding=\"async\" class=\" aligncenter size-full wp-image-1646\" src=\"http:\/\/5.45.101.177\/haut-allier\/usagers-transportse\/wp-content\/uploads\/2015\/12\/usagers-transports-haut-allier-eu-18nov2015-09.jpg\" alt=\"usagers-transports-haut-allier-eu-18nov2015-09.jpg\" align=\"center\" width=\"800\" height=\"536\" srcset=\"https:\/\/usagers-transports.haut-allier.eu\/wp-content\/uploads\/2015\/12\/usagers-transports-haut-allier-eu-18nov2015-09.jpg 800w, https:\/\/usagers-transports.haut-allier.eu\/wp-content\/uploads\/2015\/12\/usagers-transports-haut-allier-eu-18nov2015-09-300x201.jpg 300w, https:\/\/usagers-transports.haut-allier.eu\/wp-content\/uploads\/2015\/12\/usagers-transports-haut-allier-eu-18nov2015-09-768x515.jpg 768w\" sizes=\"auto, (max-width: 800px) 100vw, 800px\" \/>\n<em>C\u00f4t\u00e9 voie ferr\u00e9e les travaux vus du dessus<\/em>\n&nbsp;\n<img loading=\"lazy\" decoding=\"async\" class=\" aligncenter size-full wp-image-1647\" src=\"http:\/\/5.45.101.177\/haut-allier\/usagers-transportse\/wp-content\/uploads\/2015\/12\/usagers-transports-haut-allier-eu-18nov2015-10.jpg\" alt=\"usagers-transports-haut-allier-eu-18nov2015-10.jpg\" align=\"center\" width=\"800\" height=\"483\" srcset=\"https:\/\/usagers-transports.haut-allier.eu\/wp-content\/uploads\/2015\/12\/usagers-transports-haut-allier-eu-18nov2015-10.jpg 800w, https:\/\/usagers-transports.haut-allier.eu\/wp-content\/uploads\/2015\/12\/usagers-transports-haut-allier-eu-18nov2015-10-300x181.jpg 300w, https:\/\/usagers-transports.haut-allier.eu\/wp-content\/uploads\/2015\/12\/usagers-transports-haut-allier-eu-18nov2015-10-768x464.jpg 768w\" sizes=\"auto, (max-width: 800px) 100vw, 800px\" \/>\n<em>Enl\u00e8vement des containers de chantier<\/em>\n&nbsp;\n<strong>La presse est d\u00e9j\u00e0 au courant : <\/strong>\n&#8211; Zoom 43 : <a href=\"http:\/\/www.zoomdici.fr\/actualite\/Alleyras-contrat-rempli-avec-la-reouverture-de-la-RD-40-ce-mercredi-id147761.html#\">Alleyras \/ contrat rempli avec la r\u00e9ouverture de la RD 40 ce mercredi<\/a>\n&nbsp;\n\n<em>20 novembre \u00e0 16h30<\/em> : Les usagers des transports du haut Allier avec toutes les perZonnalit\u00e9s de notre vall\u00e9e, Monsieur le Cur\u00e9 de Vabres, Monsieur le Maire de Sanis, la M\u00e8re Sup\u00e9rieure du Couvent d&rsquo;Alleyras, Madame la Pr\u00e9sidente, Messieurs les Pr\u00e9sidents, inaugurent la route \u00e0 leur fa\u00e7on devant la cam\u00e9ra de France 3 Auvergne. Merci \u00e0 tous de votre pr\u00e9sence dans le vent et la grisaille.\n&nbsp;\n<a href=\"http:\/\/5.45.101.177\/haut-allier\/usagers-transportse\/wp-content\/uploads\/2015\/12\/usagers-haut-allier-eu-20nov2015-f3auvergne-19h00.mp4\">usagers-haut-allier-eu-20nov2015-f3auvergne-19h00.mp4<\/a>\n&nbsp;\nOu bien avec tout le journal :\n&nbsp;\n<iframe loading=\"lazy\" width=\"544\" height=\"306\" src=\"\/\/embedftv-a.akamaihd.net\/?ue=98525a8d07072a7d6912e9531622b142\" frameborder=\"0\" scrolling=\"no\"><\/iframe><br \/>\n&nbsp;\nD&rsquo;autres images sur le site <a href=\"http:\/\/alleyras-capitale.info\/spip.php?article340\">Alleyras Capitale<\/a>.\n&nbsp;\n\n<em>20 novembre \u00e0 16h30<\/em> : Les travaux continuent malgr\u00e9 la neige et le froid. Aujourd&rsquo;hui la SNCF a op\u00e9r\u00e9 sur la ligne vers l&rsquo;\u00e9boulement, \u00e0 priori, traverses, ballast&#8230;\n&nbsp;\n<em>26 novembre \u00e0 11h00<\/em> : La SNCF a enlev\u00e9 tous les wagons obstruant la ligne. Les murettes sont s\u00e9curis\u00e9es. Seront-elles refaites avant la reprise des circulations ? \n<img loading=\"lazy\" decoding=\"async\" class=\" aligncenter size-full wp-image-1649\" src=\"http:\/\/5.45.101.177\/haut-allier\/usagers-transportse\/wp-content\/uploads\/2015\/12\/usagers-transports-haut-allier-eu-26nov2015-01.jpg\" alt=\"usagers-transports-haut-allier-eu-26nov2015-01.jpg\" align=\"center\" width=\"800\" height=\"600\" srcset=\"https:\/\/usagers-transports.haut-allier.eu\/wp-content\/uploads\/2015\/12\/usagers-transports-haut-allier-eu-26nov2015-01.jpg 800w, https:\/\/usagers-transports.haut-allier.eu\/wp-content\/uploads\/2015\/12\/usagers-transports-haut-allier-eu-26nov2015-01-300x225.jpg 300w, https:\/\/usagers-transports.haut-allier.eu\/wp-content\/uploads\/2015\/12\/usagers-transports-haut-allier-eu-26nov2015-01-768x576.jpg 768w\" sizes=\"auto, (max-width: 800px) 100vw, 800px\" \/>\n&nbsp;\n<em>26 novembre \u00e0 13h00<\/em> : Fausse joie ! il reste un wagon encore \u00e0 \u00e9vacuer.\n&nbsp;\n<em>26 novembre \u00e0 17h00<\/em> : Le dernier wagon a bien \u00e9t\u00e9 enlev\u00e9.\n&nbsp;\n<em>30 novembre \u00e0 14h00<\/em> : La SNCF a bien d\u00e9but\u00e9 ses travaux de remise en \u00e9tat. C&rsquo;est une entreprise priv\u00e9e qui effectue les travaux avec une grosse pelle rail\/route blanche pour remplacer les traverses.\n&nbsp;\n<em>3 d\u00e9cembre \u00e0 14h00<\/em> : la bourreuse (dresseuse autoniveleuse&#8230;) est arriv\u00e9e en gare d&rsquo;Alleyras. \n<img loading=\"lazy\" decoding=\"async\" class=\" aligncenter size-full wp-image-1650\" src=\"http:\/\/5.45.101.177\/haut-allier\/usagers-transportse\/wp-content\/uploads\/2015\/12\/usagers-transports-haut-allier-eu-04dec2015-01.jpg\" alt=\"usagers-transports-haut-allier-eu-04dec2015-01.jpg\" align=\"center\" width=\"800\" height=\"600\" srcset=\"https:\/\/usagers-transports.haut-allier.eu\/wp-content\/uploads\/2015\/12\/usagers-transports-haut-allier-eu-04dec2015-01.jpg 800w, https:\/\/usagers-transports.haut-allier.eu\/wp-content\/uploads\/2015\/12\/usagers-transports-haut-allier-eu-04dec2015-01-300x225.jpg 300w, https:\/\/usagers-transports.haut-allier.eu\/wp-content\/uploads\/2015\/12\/usagers-transports-haut-allier-eu-04dec2015-01-768x576.jpg 768w\" sizes=\"auto, (max-width: 800px) 100vw, 800px\" \/>\n&nbsp;\n<em>4 d\u00e9cembre \u00e0 16h00<\/em> : autour de braseros les agents de la SNCF travaillent la fixation de la voie apr\u00e8s le changement des rails.\n<img loading=\"lazy\" decoding=\"async\" class=\" aligncenter size-full wp-image-1651\" src=\"http:\/\/5.45.101.177\/haut-allier\/usagers-transportse\/wp-content\/uploads\/2015\/12\/usagers-transports-haut-allier-eu-04dec2015-00.jpg\" alt=\"usagers-transports-haut-allier-eu-04dec2015-00.jpg\" align=\"center\" width=\"800\" height=\"519\" srcset=\"https:\/\/usagers-transports.haut-allier.eu\/wp-content\/uploads\/2015\/12\/usagers-transports-haut-allier-eu-04dec2015-00.jpg 800w, https:\/\/usagers-transports.haut-allier.eu\/wp-content\/uploads\/2015\/12\/usagers-transports-haut-allier-eu-04dec2015-00-300x195.jpg 300w, https:\/\/usagers-transports.haut-allier.eu\/wp-content\/uploads\/2015\/12\/usagers-transports-haut-allier-eu-04dec2015-00-768x498.jpg 768w\" sizes=\"auto, (max-width: 800px) 100vw, 800px\" \/>\n&nbsp;\n<em>8 d\u00e9cembre \u00e0 15h00<\/em> : les voies sont pr\u00eates, les murettes de protection ont \u00e9t\u00e9 purg\u00e9es et les agents commencent \u00e0 les remonter.\n<img loading=\"lazy\" decoding=\"async\" class=\" aligncenter size-full wp-image-1652\" src=\"http:\/\/5.45.101.177\/haut-allier\/usagers-transportse\/wp-content\/uploads\/2015\/12\/usagers-transports-haut-allier-eu-08dec2015-00.jpg\" alt=\"usagers-transports-haut-allier-eu-08dec2015-00.jpg\" align=\"center\" width=\"800\" height=\"590\" srcset=\"https:\/\/usagers-transports.haut-allier.eu\/wp-content\/uploads\/2015\/12\/usagers-transports-haut-allier-eu-08dec2015-00.jpg 800w, https:\/\/usagers-transports.haut-allier.eu\/wp-content\/uploads\/2015\/12\/usagers-transports-haut-allier-eu-08dec2015-00-300x221.jpg 300w, https:\/\/usagers-transports.haut-allier.eu\/wp-content\/uploads\/2015\/12\/usagers-transports-haut-allier-eu-08dec2015-00-768x566.jpg 768w\" sizes=\"auto, (max-width: 800px) 100vw, 800px\" \/>\n&nbsp;\n<em>10 d\u00e9cembre \u00e0 10h00<\/em> : les travaux sur les murettes continuent.\n<img loading=\"lazy\" decoding=\"async\" class=\" aligncenter size-full wp-image-1653\" src=\"http:\/\/5.45.101.177\/haut-allier\/usagers-transportse\/wp-content\/uploads\/2015\/12\/usagers-transports-haut-allier-eu-10dec2015-00.jpg\" alt=\"usagers-transports-haut-allier-eu-10dec2015-00.jpg\" align=\"center\" width=\"800\" height=\"574\" srcset=\"https:\/\/usagers-transports.haut-allier.eu\/wp-content\/uploads\/2015\/12\/usagers-transports-haut-allier-eu-10dec2015-00.jpg 800w, https:\/\/usagers-transports.haut-allier.eu\/wp-content\/uploads\/2015\/12\/usagers-transports-haut-allier-eu-10dec2015-00-300x215.jpg 300w, https:\/\/usagers-transports.haut-allier.eu\/wp-content\/uploads\/2015\/12\/usagers-transports-haut-allier-eu-10dec2015-00-768x551.jpg 768w\" sizes=\"auto, (max-width: 800px) 100vw, 800px\" \/>\n&nbsp;\n<em>17 d\u00e9cembre \u00e0 15h00<\/em> : \u00e0 un jour de la reprise des circulations il semble que SNCF R\u00e9seau ait choisi de ne pas reconstruire la murette mais de la remplacer par une rambarde. Par contre c\u00f4t\u00e9 route RD40 au dessus l\u00e0 le d\u00e9partement de la Haute-Loire a de toute \u00e9vidence choisi de laisser en l&rsquo;\u00e9tat, c&rsquo;est-\u00e0-dire avec les murettes \u00e9croul\u00e9es.\n&nbsp;\n<img loading=\"lazy\" decoding=\"async\" class=\" aligncenter size-full wp-image-1654\" src=\"http:\/\/5.45.101.177\/haut-allier\/usagers-transportse\/wp-content\/uploads\/2015\/12\/usagers-transports-haut-allier-eu-17dec2015-00.jpg\" alt=\"usagers-transports-haut-allier-eu-17dec2015-00.jpg\" align=\"center\" width=\"800\" height=\"542\" srcset=\"https:\/\/usagers-transports.haut-allier.eu\/wp-content\/uploads\/2015\/12\/usagers-transports-haut-allier-eu-17dec2015-00.jpg 800w, https:\/\/usagers-transports.haut-allier.eu\/wp-content\/uploads\/2015\/12\/usagers-transports-haut-allier-eu-17dec2015-00-300x203.jpg 300w, https:\/\/usagers-transports.haut-allier.eu\/wp-content\/uploads\/2015\/12\/usagers-transports-haut-allier-eu-17dec2015-00-768x520.jpg 768w\" sizes=\"auto, (max-width: 800px) 100vw, 800px\" \/>\n<img loading=\"lazy\" decoding=\"async\" class=\" aligncenter size-full wp-image-1655\" src=\"http:\/\/5.45.101.177\/haut-allier\/usagers-transportse\/wp-content\/uploads\/2015\/12\/usagers-transports-haut-allier-eu-17dec2015-01.jpg\" alt=\"usagers-transports-haut-allier-eu-17dec2015-01.jpg\" align=\"center\" width=\"800\" height=\"600\" srcset=\"https:\/\/usagers-transports.haut-allier.eu\/wp-content\/uploads\/2015\/12\/usagers-transports-haut-allier-eu-17dec2015-01.jpg 800w, https:\/\/usagers-transports.haut-allier.eu\/wp-content\/uploads\/2015\/12\/usagers-transports-haut-allier-eu-17dec2015-01-300x225.jpg 300w, https:\/\/usagers-transports.haut-allier.eu\/wp-content\/uploads\/2015\/12\/usagers-transports-haut-allier-eu-17dec2015-01-768x576.jpg 768w\" sizes=\"auto, (max-width: 800px) 100vw, 800px\" \/>\n&nbsp;\n<em>18 d\u00e9cembre \u00e0 15h00<\/em> :  Le collectif des Usagers des Transports du Haut-Allier salue le passage du train C\u00e9venol, premier train \u00e0 passer sur la voie rouverte et fait p\u00e9ter le champagne ! Merci \u00e0 tous et toutes. Ce fut long et \u00e9pique mais voil\u00e0.\n<img loading=\"lazy\" decoding=\"async\" class=\" aligncenter size-full wp-image-1656\" src=\"http:\/\/5.45.101.177\/haut-allier\/usagers-transportse\/wp-content\/uploads\/2015\/12\/usagers-transports-haut-allier-eu-18dec2015-00-2.jpg\" alt=\"usagers-transports-haut-allier-eu-18dec2015-00-2.jpg\" align=\"center\" width=\"800\" height=\"450\" srcset=\"https:\/\/usagers-transports.haut-allier.eu\/wp-content\/uploads\/2015\/12\/usagers-transports-haut-allier-eu-18dec2015-00-2.jpg 800w, https:\/\/usagers-transports.haut-allier.eu\/wp-content\/uploads\/2015\/12\/usagers-transports-haut-allier-eu-18dec2015-00-2-300x169.jpg 300w, https:\/\/usagers-transports.haut-allier.eu\/wp-content\/uploads\/2015\/12\/usagers-transports-haut-allier-eu-18dec2015-00-2-768x432.jpg 768w\" sizes=\"auto, (max-width: 800px) 100vw, 800px\" \/>\n\n&nbsp;\n<em> <strong>FIN DE l&rsquo;HISTOIRE<\/strong> <\/em>\n&nbsp;\n&nbsp;\n<em>Photos : St\u00e9phan Balestra, Jean Leblanc, Mko, G\u00e9rard Rivolier<\/em>\n<p>&nbsp;<\/p>\n\n\t<figure class=\"wp-block-gallery columns-3 is-cropped wp-block-gallery-1 is-layout-flex wp-block-gallery-is-layout-flex\">\n\t\t<ul class=\"blocks-gallery-grid\">\n\t\t\t<li class=\"blocks-gallery-item\">\n\t\t\t\t<figure>\n\t\t\t\t\t\t\t\t\t\t\t<img loading=\"lazy\" decoding=\"async\" width=\"742\" height=\"530\" src=\"http:\/\/5.45.101.177\/haut-allier\/usagers-transportse\/wp-content\/uploads\/2015\/12\/usagers-transports-haut-allier-eu-02nov2016.jpg\"\n\t\t\t\t\t\t alt=\"usagers-transports-haut-allier-eu-02nov2016.jpg\"\n\t\t\t\t\t\t data-id=\"1610\"\n\t\t\t\t\t\t data-full-url=\"http:\/\/5.45.101.177\/haut-allier\/usagers-transportse\/wp-content\/uploads\/2015\/12\/usagers-transports-haut-allier-eu-02nov2016.jpg\"\n\t\t\t\t\t\t data-link=\"http:\/\/5.45.101.177\/haut-allier\/usagers-transportse\/index.php\/2015\/12\/18\/eboulement-rd40-ligne-du-train251\/attachment-usagers-transports-haut-allier-eu-02nov2016-jpg\/\"\n\t\t\t\t\t\t class=\"wp-image-1610\" srcset=\"https:\/\/usagers-transports.haut-allier.eu\/wp-content\/uploads\/2015\/12\/usagers-transports-haut-allier-eu-02nov2016.jpg 742w, https:\/\/usagers-transports.haut-allier.eu\/wp-content\/uploads\/2015\/12\/usagers-transports-haut-allier-eu-02nov2016-300x214.jpg 300w\" sizes=\"auto, (max-width: 742px) 100vw, 742px\" \/>\n\t\t\t\t<\/figure>\n\t\t\t<\/li>\n\t\t\t<li class=\"blocks-gallery-item\">\n\t\t\t\t<figure>\n\t\t\t\t\t\t\t\t\t\t\t<img loading=\"lazy\" decoding=\"async\" width=\"800\" height=\"513\" src=\"http:\/\/5.45.101.177\/haut-allier\/usagers-transportse\/wp-content\/uploads\/2015\/12\/usagers-transports-haut-allier-eu-03nov2016-00.jpg\"\n\t\t\t\t\t\t alt=\"usagers-transports-haut-allier-eu-03nov2016-00.jpg\"\n\t\t\t\t\t\t data-id=\"1611\"\n\t\t\t\t\t\t data-full-url=\"http:\/\/5.45.101.177\/haut-allier\/usagers-transportse\/wp-content\/uploads\/2015\/12\/usagers-transports-haut-allier-eu-03nov2016-00.jpg\"\n\t\t\t\t\t\t data-link=\"http:\/\/5.45.101.177\/haut-allier\/usagers-transportse\/index.php\/2015\/12\/18\/eboulement-rd40-ligne-du-train251\/attachment-usagers-transports-haut-allier-eu-03nov2016-00-jpg\/\"\n\t\t\t\t\t\t class=\"wp-image-1611\" srcset=\"https:\/\/usagers-transports.haut-allier.eu\/wp-content\/uploads\/2015\/12\/usagers-transports-haut-allier-eu-03nov2016-00.jpg 800w, https:\/\/usagers-transports.haut-allier.eu\/wp-content\/uploads\/2015\/12\/usagers-transports-haut-allier-eu-03nov2016-00-300x192.jpg 300w, https:\/\/usagers-transports.haut-allier.eu\/wp-content\/uploads\/2015\/12\/usagers-transports-haut-allier-eu-03nov2016-00-768x492.jpg 768w\" sizes=\"auto, (max-width: 800px) 100vw, 800px\" \/>\n\t\t\t\t<\/figure>\n\t\t\t<\/li>\n\t\t\t<li class=\"blocks-gallery-item\">\n\t\t\t\t<figure>\n\t\t\t\t\t\t\t\t\t\t\t<img loading=\"lazy\" decoding=\"async\" width=\"800\" height=\"600\" src=\"http:\/\/5.45.101.177\/haut-allier\/usagers-transportse\/wp-content\/uploads\/2015\/12\/usagers-transports-haut-allier-eu-03nov2016-01.jpg\"\n\t\t\t\t\t\t alt=\"usagers-transports-haut-allier-eu-03nov2016-01.jpg\"\n\t\t\t\t\t\t data-id=\"1612\"\n\t\t\t\t\t\t data-full-url=\"http:\/\/5.45.101.177\/haut-allier\/usagers-transportse\/wp-content\/uploads\/2015\/12\/usagers-transports-haut-allier-eu-03nov2016-01.jpg\"\n\t\t\t\t\t\t data-link=\"http:\/\/5.45.101.177\/haut-allier\/usagers-transportse\/index.php\/2015\/12\/18\/eboulement-rd40-ligne-du-train251\/attachment-usagers-transports-haut-allier-eu-03nov2016-01-jpg\/\"\n\t\t\t\t\t\t class=\"wp-image-1612\" srcset=\"https:\/\/usagers-transports.haut-allier.eu\/wp-content\/uploads\/2015\/12\/usagers-transports-haut-allier-eu-03nov2016-01.jpg 800w, https:\/\/usagers-transports.haut-allier.eu\/wp-content\/uploads\/2015\/12\/usagers-transports-haut-allier-eu-03nov2016-01-300x225.jpg 300w, https:\/\/usagers-transports.haut-allier.eu\/wp-content\/uploads\/2015\/12\/usagers-transports-haut-allier-eu-03nov2016-01-768x576.jpg 768w\" sizes=\"auto, (max-width: 800px) 100vw, 800px\" \/>\n\t\t\t\t<\/figure>\n\t\t\t<\/li>\n\t\t\t<li class=\"blocks-gallery-item\">\n\t\t\t\t<figure>\n\t\t\t\t\t\t\t\t\t\t\t<img loading=\"lazy\" decoding=\"async\" width=\"800\" height=\"600\" src=\"http:\/\/5.45.101.177\/haut-allier\/usagers-transportse\/wp-content\/uploads\/2015\/12\/usagers-transports-haut-allier-eu-03nov2016-02.jpg\"\n\t\t\t\t\t\t alt=\"usagers-transports-haut-allier-eu-03nov2016-02.jpg\"\n\t\t\t\t\t\t data-id=\"1613\"\n\t\t\t\t\t\t data-full-url=\"http:\/\/5.45.101.177\/haut-allier\/usagers-transportse\/wp-content\/uploads\/2015\/12\/usagers-transports-haut-allier-eu-03nov2016-02.jpg\"\n\t\t\t\t\t\t data-link=\"http:\/\/5.45.101.177\/haut-allier\/usagers-transportse\/index.php\/2015\/12\/18\/eboulement-rd40-ligne-du-train251\/attachment-usagers-transports-haut-allier-eu-03nov2016-02-jpg\/\"\n\t\t\t\t\t\t class=\"wp-image-1613\" srcset=\"https:\/\/usagers-transports.haut-allier.eu\/wp-content\/uploads\/2015\/12\/usagers-transports-haut-allier-eu-03nov2016-02.jpg 800w, https:\/\/usagers-transports.haut-allier.eu\/wp-content\/uploads\/2015\/12\/usagers-transports-haut-allier-eu-03nov2016-02-300x225.jpg 300w, https:\/\/usagers-transports.haut-allier.eu\/wp-content\/uploads\/2015\/12\/usagers-transports-haut-allier-eu-03nov2016-02-768x576.jpg 768w\" sizes=\"auto, (max-width: 800px) 100vw, 800px\" \/>\n\t\t\t\t<\/figure>\n\t\t\t<\/li>\n\t\t\t<li class=\"blocks-gallery-item\">\n\t\t\t\t<figure>\n\t\t\t\t\t\t\t\t\t\t\t<img loading=\"lazy\" decoding=\"async\" width=\"800\" height=\"519\" src=\"http:\/\/5.45.101.177\/haut-allier\/usagers-transportse\/wp-content\/uploads\/2015\/12\/usagers-transports-haut-allier-eu-04dec2015-00.jpg\"\n\t\t\t\t\t\t alt=\"usagers-transports-haut-allier-eu-04dec2015-00.jpg\"\n\t\t\t\t\t\t data-id=\"1651\"\n\t\t\t\t\t\t data-full-url=\"http:\/\/5.45.101.177\/haut-allier\/usagers-transportse\/wp-content\/uploads\/2015\/12\/usagers-transports-haut-allier-eu-04dec2015-00.jpg\"\n\t\t\t\t\t\t data-link=\"http:\/\/5.45.101.177\/haut-allier\/usagers-transportse\/index.php\/2015\/12\/18\/eboulement-rd40-ligne-du-train251\/attachment-usagers-transports-haut-allier-eu-04dec2015-00-jpg\/\"\n\t\t\t\t\t\t class=\"wp-image-1651\" srcset=\"https:\/\/usagers-transports.haut-allier.eu\/wp-content\/uploads\/2015\/12\/usagers-transports-haut-allier-eu-04dec2015-00.jpg 800w, https:\/\/usagers-transports.haut-allier.eu\/wp-content\/uploads\/2015\/12\/usagers-transports-haut-allier-eu-04dec2015-00-300x195.jpg 300w, https:\/\/usagers-transports.haut-allier.eu\/wp-content\/uploads\/2015\/12\/usagers-transports-haut-allier-eu-04dec2015-00-768x498.jpg 768w\" sizes=\"auto, (max-width: 800px) 100vw, 800px\" \/>\n\t\t\t\t<\/figure>\n\t\t\t<\/li>\n\t\t\t<li class=\"blocks-gallery-item\">\n\t\t\t\t<figure>\n\t\t\t\t\t\t\t\t\t\t\t<img loading=\"lazy\" decoding=\"async\" width=\"800\" height=\"600\" src=\"http:\/\/5.45.101.177\/haut-allier\/usagers-transportse\/wp-content\/uploads\/2015\/12\/usagers-transports-haut-allier-eu-04dec2015-01.jpg\"\n\t\t\t\t\t\t alt=\"usagers-transports-haut-allier-eu-04dec2015-01.jpg\"\n\t\t\t\t\t\t data-id=\"1650\"\n\t\t\t\t\t\t data-full-url=\"http:\/\/5.45.101.177\/haut-allier\/usagers-transportse\/wp-content\/uploads\/2015\/12\/usagers-transports-haut-allier-eu-04dec2015-01.jpg\"\n\t\t\t\t\t\t data-link=\"http:\/\/5.45.101.177\/haut-allier\/usagers-transportse\/index.php\/2015\/12\/18\/eboulement-rd40-ligne-du-train251\/attachment-usagers-transports-haut-allier-eu-04dec2015-01-jpg\/\"\n\t\t\t\t\t\t class=\"wp-image-1650\" srcset=\"https:\/\/usagers-transports.haut-allier.eu\/wp-content\/uploads\/2015\/12\/usagers-transports-haut-allier-eu-04dec2015-01.jpg 800w, https:\/\/usagers-transports.haut-allier.eu\/wp-content\/uploads\/2015\/12\/usagers-transports-haut-allier-eu-04dec2015-01-300x225.jpg 300w, https:\/\/usagers-transports.haut-allier.eu\/wp-content\/uploads\/2015\/12\/usagers-transports-haut-allier-eu-04dec2015-01-768x576.jpg 768w\" sizes=\"auto, (max-width: 800px) 100vw, 800px\" \/>\n\t\t\t\t<\/figure>\n\t\t\t<\/li>\n\t\t\t<li class=\"blocks-gallery-item\">\n\t\t\t\t<figure>\n\t\t\t\t\t\t\t\t\t\t\t<img loading=\"lazy\" decoding=\"async\" width=\"800\" height=\"568\" src=\"http:\/\/5.45.101.177\/haut-allier\/usagers-transportse\/wp-content\/uploads\/2015\/12\/usagers-transports-haut-allier-eu-04nov2016.jpg\"\n\t\t\t\t\t\t alt=\"usagers-transports-haut-allier-eu-04nov2016.jpg\"\n\t\t\t\t\t\t data-id=\"1617\"\n\t\t\t\t\t\t data-full-url=\"http:\/\/5.45.101.177\/haut-allier\/usagers-transportse\/wp-content\/uploads\/2015\/12\/usagers-transports-haut-allier-eu-04nov2016.jpg\"\n\t\t\t\t\t\t data-link=\"http:\/\/5.45.101.177\/haut-allier\/usagers-transportse\/index.php\/2015\/12\/18\/eboulement-rd40-ligne-du-train251\/attachment-usagers-transports-haut-allier-eu-04nov2016-jpg\/\"\n\t\t\t\t\t\t class=\"wp-image-1617\" srcset=\"https:\/\/usagers-transports.haut-allier.eu\/wp-content\/uploads\/2015\/12\/usagers-transports-haut-allier-eu-04nov2016.jpg 800w, https:\/\/usagers-transports.haut-allier.eu\/wp-content\/uploads\/2015\/12\/usagers-transports-haut-allier-eu-04nov2016-300x213.jpg 300w, https:\/\/usagers-transports.haut-allier.eu\/wp-content\/uploads\/2015\/12\/usagers-transports-haut-allier-eu-04nov2016-768x545.jpg 768w\" sizes=\"auto, (max-width: 800px) 100vw, 800px\" \/>\n\t\t\t\t<\/figure>\n\t\t\t<\/li>\n\t\t\t<li class=\"blocks-gallery-item\">\n\t\t\t\t<figure>\n\t\t\t\t\t\t\t\t\t\t\t<img loading=\"lazy\" decoding=\"async\" width=\"800\" height=\"1092\" src=\"http:\/\/5.45.101.177\/haut-allier\/usagers-transportse\/wp-content\/uploads\/2015\/12\/usagers-transports-haut-allier-eu-06nov2016-00.jpg\"\n\t\t\t\t\t\t alt=\"usagers-transports-haut-allier-eu-06nov2016-00.jpg\"\n\t\t\t\t\t\t data-id=\"1657\"\n\t\t\t\t\t\t data-full-url=\"http:\/\/5.45.101.177\/haut-allier\/usagers-transportse\/wp-content\/uploads\/2015\/12\/usagers-transports-haut-allier-eu-06nov2016-00.jpg\"\n\t\t\t\t\t\t data-link=\"http:\/\/5.45.101.177\/haut-allier\/usagers-transportse\/attachment-usagers-transports-haut-allier-eu-06nov2016-00-jpg\/\"\n\t\t\t\t\t\t class=\"wp-image-1657\" srcset=\"https:\/\/usagers-transports.haut-allier.eu\/wp-content\/uploads\/2015\/12\/usagers-transports-haut-allier-eu-06nov2016-00.jpg 800w, https:\/\/usagers-transports.haut-allier.eu\/wp-content\/uploads\/2015\/12\/usagers-transports-haut-allier-eu-06nov2016-00-220x300.jpg 220w, https:\/\/usagers-transports.haut-allier.eu\/wp-content\/uploads\/2015\/12\/usagers-transports-haut-allier-eu-06nov2016-00-750x1024.jpg 750w, https:\/\/usagers-transports.haut-allier.eu\/wp-content\/uploads\/2015\/12\/usagers-transports-haut-allier-eu-06nov2016-00-768x1048.jpg 768w\" sizes=\"auto, (max-width: 800px) 100vw, 800px\" \/>\n\t\t\t\t<\/figure>\n\t\t\t<\/li>\n\t\t\t<li class=\"blocks-gallery-item\">\n\t\t\t\t<figure>\n\t\t\t\t\t\t\t\t\t\t\t<img loading=\"lazy\" decoding=\"async\" width=\"800\" height=\"896\" src=\"http:\/\/5.45.101.177\/haut-allier\/usagers-transportse\/wp-content\/uploads\/2015\/12\/usagers-transports-haut-allier-eu-06nov2016-01.jpg\"\n\t\t\t\t\t\t alt=\"usagers-transports-haut-allier-eu-06nov2016-01.jpg\"\n\t\t\t\t\t\t data-id=\"1618\"\n\t\t\t\t\t\t data-full-url=\"http:\/\/5.45.101.177\/haut-allier\/usagers-transportse\/wp-content\/uploads\/2015\/12\/usagers-transports-haut-allier-eu-06nov2016-01.jpg\"\n\t\t\t\t\t\t data-link=\"http:\/\/5.45.101.177\/haut-allier\/usagers-transportse\/index.php\/2015\/12\/18\/eboulement-rd40-ligne-du-train251\/attachment-usagers-transports-haut-allier-eu-06nov2016-01-jpg\/\"\n\t\t\t\t\t\t class=\"wp-image-1618\" srcset=\"https:\/\/usagers-transports.haut-allier.eu\/wp-content\/uploads\/2015\/12\/usagers-transports-haut-allier-eu-06nov2016-01.jpg 800w, https:\/\/usagers-transports.haut-allier.eu\/wp-content\/uploads\/2015\/12\/usagers-transports-haut-allier-eu-06nov2016-01-268x300.jpg 268w, https:\/\/usagers-transports.haut-allier.eu\/wp-content\/uploads\/2015\/12\/usagers-transports-haut-allier-eu-06nov2016-01-768x860.jpg 768w\" sizes=\"auto, (max-width: 800px) 100vw, 800px\" \/>\n\t\t\t\t<\/figure>\n\t\t\t<\/li>\n\t\t\t<li class=\"blocks-gallery-item\">\n\t\t\t\t<figure>\n\t\t\t\t\t\t\t\t\t\t\t<img loading=\"lazy\" decoding=\"async\" width=\"800\" height=\"809\" src=\"http:\/\/5.45.101.177\/haut-allier\/usagers-transportse\/wp-content\/uploads\/2015\/12\/usagers-transports-haut-allier-eu-06nov2016-02.jpg\"\n\t\t\t\t\t\t alt=\"usagers-transports-haut-allier-eu-06nov2016-02.jpg\"\n\t\t\t\t\t\t data-id=\"1619\"\n\t\t\t\t\t\t data-full-url=\"http:\/\/5.45.101.177\/haut-allier\/usagers-transportse\/wp-content\/uploads\/2015\/12\/usagers-transports-haut-allier-eu-06nov2016-02.jpg\"\n\t\t\t\t\t\t data-link=\"http:\/\/5.45.101.177\/haut-allier\/usagers-transportse\/index.php\/2015\/12\/18\/eboulement-rd40-ligne-du-train251\/attachment-usagers-transports-haut-allier-eu-06nov2016-02-jpg\/\"\n\t\t\t\t\t\t class=\"wp-image-1619\" srcset=\"https:\/\/usagers-transports.haut-allier.eu\/wp-content\/uploads\/2015\/12\/usagers-transports-haut-allier-eu-06nov2016-02.jpg 800w, https:\/\/usagers-transports.haut-allier.eu\/wp-content\/uploads\/2015\/12\/usagers-transports-haut-allier-eu-06nov2016-02-297x300.jpg 297w, https:\/\/usagers-transports.haut-allier.eu\/wp-content\/uploads\/2015\/12\/usagers-transports-haut-allier-eu-06nov2016-02-768x777.jpg 768w\" sizes=\"auto, (max-width: 800px) 100vw, 800px\" \/>\n\t\t\t\t<\/figure>\n\t\t\t<\/li>\n\t\t\t<li class=\"blocks-gallery-item\">\n\t\t\t\t<figure>\n\t\t\t\t\t\t\t\t\t\t\t<img loading=\"lazy\" decoding=\"async\" width=\"800\" height=\"590\" src=\"http:\/\/5.45.101.177\/haut-allier\/usagers-transportse\/wp-content\/uploads\/2015\/12\/usagers-transports-haut-allier-eu-08dec2015-00.jpg\"\n\t\t\t\t\t\t alt=\"usagers-transports-haut-allier-eu-08dec2015-00.jpg\"\n\t\t\t\t\t\t data-id=\"1652\"\n\t\t\t\t\t\t data-full-url=\"http:\/\/5.45.101.177\/haut-allier\/usagers-transportse\/wp-content\/uploads\/2015\/12\/usagers-transports-haut-allier-eu-08dec2015-00.jpg\"\n\t\t\t\t\t\t data-link=\"http:\/\/5.45.101.177\/haut-allier\/usagers-transportse\/index.php\/2015\/12\/18\/eboulement-rd40-ligne-du-train251\/attachment-usagers-transports-haut-allier-eu-08dec2015-00-jpg\/\"\n\t\t\t\t\t\t class=\"wp-image-1652\" srcset=\"https:\/\/usagers-transports.haut-allier.eu\/wp-content\/uploads\/2015\/12\/usagers-transports-haut-allier-eu-08dec2015-00.jpg 800w, https:\/\/usagers-transports.haut-allier.eu\/wp-content\/uploads\/2015\/12\/usagers-transports-haut-allier-eu-08dec2015-00-300x221.jpg 300w, https:\/\/usagers-transports.haut-allier.eu\/wp-content\/uploads\/2015\/12\/usagers-transports-haut-allier-eu-08dec2015-00-768x566.jpg 768w\" sizes=\"auto, (max-width: 800px) 100vw, 800px\" \/>\n\t\t\t\t<\/figure>\n\t\t\t<\/li>\n\t\t\t<li class=\"blocks-gallery-item\">\n\t\t\t\t<figure>\n\t\t\t\t\t\t\t\t\t\t\t<img loading=\"lazy\" decoding=\"async\" width=\"800\" height=\"490\" src=\"http:\/\/5.45.101.177\/haut-allier\/usagers-transportse\/wp-content\/uploads\/2015\/12\/usagers-transports-haut-allier-eu-09nov2016-00.jpg\"\n\t\t\t\t\t\t alt=\"usagers-transports-haut-allier-eu-09nov2016-00.jpg\"\n\t\t\t\t\t\t data-id=\"1620\"\n\t\t\t\t\t\t data-full-url=\"http:\/\/5.45.101.177\/haut-allier\/usagers-transportse\/wp-content\/uploads\/2015\/12\/usagers-transports-haut-allier-eu-09nov2016-00.jpg\"\n\t\t\t\t\t\t data-link=\"http:\/\/5.45.101.177\/haut-allier\/usagers-transportse\/index.php\/2015\/12\/18\/eboulement-rd40-ligne-du-train251\/attachment-usagers-transports-haut-allier-eu-09nov2016-00-jpg\/\"\n\t\t\t\t\t\t class=\"wp-image-1620\" srcset=\"https:\/\/usagers-transports.haut-allier.eu\/wp-content\/uploads\/2015\/12\/usagers-transports-haut-allier-eu-09nov2016-00.jpg 800w, https:\/\/usagers-transports.haut-allier.eu\/wp-content\/uploads\/2015\/12\/usagers-transports-haut-allier-eu-09nov2016-00-300x184.jpg 300w, https:\/\/usagers-transports.haut-allier.eu\/wp-content\/uploads\/2015\/12\/usagers-transports-haut-allier-eu-09nov2016-00-768x470.jpg 768w\" sizes=\"auto, (max-width: 800px) 100vw, 800px\" \/>\n\t\t\t\t<\/figure>\n\t\t\t<\/li>\n\t\t\t<li class=\"blocks-gallery-item\">\n\t\t\t\t<figure>\n\t\t\t\t\t\t\t\t\t\t\t<img loading=\"lazy\" decoding=\"async\" width=\"800\" height=\"574\" src=\"http:\/\/5.45.101.177\/haut-allier\/usagers-transportse\/wp-content\/uploads\/2015\/12\/usagers-transports-haut-allier-eu-10dec2015-00.jpg\"\n\t\t\t\t\t\t alt=\"usagers-transports-haut-allier-eu-10dec2015-00.jpg\"\n\t\t\t\t\t\t data-id=\"1653\"\n\t\t\t\t\t\t data-full-url=\"http:\/\/5.45.101.177\/haut-allier\/usagers-transportse\/wp-content\/uploads\/2015\/12\/usagers-transports-haut-allier-eu-10dec2015-00.jpg\"\n\t\t\t\t\t\t data-link=\"http:\/\/5.45.101.177\/haut-allier\/usagers-transportse\/index.php\/2015\/12\/18\/eboulement-rd40-ligne-du-train251\/attachment-usagers-transports-haut-allier-eu-10dec2015-00-jpg\/\"\n\t\t\t\t\t\t class=\"wp-image-1653\" srcset=\"https:\/\/usagers-transports.haut-allier.eu\/wp-content\/uploads\/2015\/12\/usagers-transports-haut-allier-eu-10dec2015-00.jpg 800w, https:\/\/usagers-transports.haut-allier.eu\/wp-content\/uploads\/2015\/12\/usagers-transports-haut-allier-eu-10dec2015-00-300x215.jpg 300w, https:\/\/usagers-transports.haut-allier.eu\/wp-content\/uploads\/2015\/12\/usagers-transports-haut-allier-eu-10dec2015-00-768x551.jpg 768w\" sizes=\"auto, (max-width: 800px) 100vw, 800px\" \/>\n\t\t\t\t<\/figure>\n\t\t\t<\/li>\n\t\t\t<li class=\"blocks-gallery-item\">\n\t\t\t\t<figure>\n\t\t\t\t\t\t\t\t\t\t\t<img loading=\"lazy\" decoding=\"async\" width=\"800\" height=\"491\" src=\"http:\/\/5.45.101.177\/haut-allier\/usagers-transportse\/wp-content\/uploads\/2015\/12\/usagers-transports-haut-allier-eu-10nov2015-00.jpg\"\n\t\t\t\t\t\t alt=\"usagers-transports-haut-allier-eu-10nov2015-00.jpg\"\n\t\t\t\t\t\t data-id=\"1621\"\n\t\t\t\t\t\t data-full-url=\"http:\/\/5.45.101.177\/haut-allier\/usagers-transportse\/wp-content\/uploads\/2015\/12\/usagers-transports-haut-allier-eu-10nov2015-00.jpg\"\n\t\t\t\t\t\t data-link=\"http:\/\/5.45.101.177\/haut-allier\/usagers-transportse\/index.php\/2015\/12\/18\/eboulement-rd40-ligne-du-train251\/attachment-usagers-transports-haut-allier-eu-10nov2015-00-jpg\/\"\n\t\t\t\t\t\t class=\"wp-image-1621\" srcset=\"https:\/\/usagers-transports.haut-allier.eu\/wp-content\/uploads\/2015\/12\/usagers-transports-haut-allier-eu-10nov2015-00.jpg 800w, https:\/\/usagers-transports.haut-allier.eu\/wp-content\/uploads\/2015\/12\/usagers-transports-haut-allier-eu-10nov2015-00-300x184.jpg 300w, https:\/\/usagers-transports.haut-allier.eu\/wp-content\/uploads\/2015\/12\/usagers-transports-haut-allier-eu-10nov2015-00-768x471.jpg 768w\" sizes=\"auto, (max-width: 800px) 100vw, 800px\" \/>\n\t\t\t\t<\/figure>\n\t\t\t<\/li>\n\t\t\t<li class=\"blocks-gallery-item\">\n\t\t\t\t<figure>\n\t\t\t\t\t\t\t\t\t\t\t<img loading=\"lazy\" decoding=\"async\" width=\"800\" height=\"567\" src=\"http:\/\/5.45.101.177\/haut-allier\/usagers-transportse\/wp-content\/uploads\/2015\/12\/usagers-transports-haut-allier-eu-10nov2015-01.jpg\"\n\t\t\t\t\t\t alt=\"usagers-transports-haut-allier-eu-10nov2015-01.jpg\"\n\t\t\t\t\t\t data-id=\"1622\"\n\t\t\t\t\t\t data-full-url=\"http:\/\/5.45.101.177\/haut-allier\/usagers-transportse\/wp-content\/uploads\/2015\/12\/usagers-transports-haut-allier-eu-10nov2015-01.jpg\"\n\t\t\t\t\t\t data-link=\"http:\/\/5.45.101.177\/haut-allier\/usagers-transportse\/index.php\/2015\/12\/18\/eboulement-rd40-ligne-du-train251\/attachment-usagers-transports-haut-allier-eu-10nov2015-01-jpg\/\"\n\t\t\t\t\t\t class=\"wp-image-1622\" srcset=\"https:\/\/usagers-transports.haut-allier.eu\/wp-content\/uploads\/2015\/12\/usagers-transports-haut-allier-eu-10nov2015-01.jpg 800w, https:\/\/usagers-transports.haut-allier.eu\/wp-content\/uploads\/2015\/12\/usagers-transports-haut-allier-eu-10nov2015-01-300x213.jpg 300w, https:\/\/usagers-transports.haut-allier.eu\/wp-content\/uploads\/2015\/12\/usagers-transports-haut-allier-eu-10nov2015-01-768x544.jpg 768w\" sizes=\"auto, (max-width: 800px) 100vw, 800px\" \/>\n\t\t\t\t<\/figure>\n\t\t\t<\/li>\n\t\t\t<li class=\"blocks-gallery-item\">\n\t\t\t\t<figure>\n\t\t\t\t\t\t\t\t\t\t\t<img loading=\"lazy\" decoding=\"async\" width=\"700\" height=\"933\" src=\"http:\/\/5.45.101.177\/haut-allier\/usagers-transportse\/wp-content\/uploads\/2015\/12\/usagers-transports-haut-allier-eu-11nov2015-00.jpg\"\n\t\t\t\t\t\t alt=\"usagers-transports-haut-allier-eu-11nov2015-00.jpg\"\n\t\t\t\t\t\t data-id=\"1623\"\n\t\t\t\t\t\t data-full-url=\"http:\/\/5.45.101.177\/haut-allier\/usagers-transportse\/wp-content\/uploads\/2015\/12\/usagers-transports-haut-allier-eu-11nov2015-00.jpg\"\n\t\t\t\t\t\t data-link=\"http:\/\/5.45.101.177\/haut-allier\/usagers-transportse\/index.php\/2015\/12\/18\/eboulement-rd40-ligne-du-train251\/attachment-usagers-transports-haut-allier-eu-11nov2015-00-jpg\/\"\n\t\t\t\t\t\t class=\"wp-image-1623\" srcset=\"https:\/\/usagers-transports.haut-allier.eu\/wp-content\/uploads\/2015\/12\/usagers-transports-haut-allier-eu-11nov2015-00.jpg 700w, https:\/\/usagers-transports.haut-allier.eu\/wp-content\/uploads\/2015\/12\/usagers-transports-haut-allier-eu-11nov2015-00-225x300.jpg 225w\" sizes=\"auto, (max-width: 700px) 100vw, 700px\" \/>\n\t\t\t\t<\/figure>\n\t\t\t<\/li>\n\t\t\t<li class=\"blocks-gallery-item\">\n\t\t\t\t<figure>\n\t\t\t\t\t\t\t\t\t\t\t<img loading=\"lazy\" decoding=\"async\" width=\"800\" height=\"550\" src=\"http:\/\/5.45.101.177\/haut-allier\/usagers-transportse\/wp-content\/uploads\/2015\/12\/usagers-transports-haut-allier-eu-11nov2015-01.jpg\"\n\t\t\t\t\t\t alt=\"usagers-transports-haut-allier-eu-11nov2015-01.jpg\"\n\t\t\t\t\t\t data-id=\"1624\"\n\t\t\t\t\t\t data-full-url=\"http:\/\/5.45.101.177\/haut-allier\/usagers-transportse\/wp-content\/uploads\/2015\/12\/usagers-transports-haut-allier-eu-11nov2015-01.jpg\"\n\t\t\t\t\t\t data-link=\"http:\/\/5.45.101.177\/haut-allier\/usagers-transportse\/index.php\/2015\/12\/18\/eboulement-rd40-ligne-du-train251\/attachment-usagers-transports-haut-allier-eu-11nov2015-01-jpg\/\"\n\t\t\t\t\t\t class=\"wp-image-1624\" srcset=\"https:\/\/usagers-transports.haut-allier.eu\/wp-content\/uploads\/2015\/12\/usagers-transports-haut-allier-eu-11nov2015-01.jpg 800w, https:\/\/usagers-transports.haut-allier.eu\/wp-content\/uploads\/2015\/12\/usagers-transports-haut-allier-eu-11nov2015-01-300x206.jpg 300w, https:\/\/usagers-transports.haut-allier.eu\/wp-content\/uploads\/2015\/12\/usagers-transports-haut-allier-eu-11nov2015-01-768x528.jpg 768w\" sizes=\"auto, (max-width: 800px) 100vw, 800px\" \/>\n\t\t\t\t<\/figure>\n\t\t\t<\/li>\n\t\t\t<li class=\"blocks-gallery-item\">\n\t\t\t\t<figure>\n\t\t\t\t\t\t\t\t\t\t\t<img loading=\"lazy\" decoding=\"async\" width=\"800\" height=\"544\" src=\"http:\/\/5.45.101.177\/haut-allier\/usagers-transportse\/wp-content\/uploads\/2015\/12\/usagers-transports-haut-allier-eu-12nov2015-00.jpg\"\n\t\t\t\t\t\t alt=\"usagers-transports-haut-allier-eu-12nov2015-00.jpg\"\n\t\t\t\t\t\t data-id=\"1625\"\n\t\t\t\t\t\t data-full-url=\"http:\/\/5.45.101.177\/haut-allier\/usagers-transportse\/wp-content\/uploads\/2015\/12\/usagers-transports-haut-allier-eu-12nov2015-00.jpg\"\n\t\t\t\t\t\t data-link=\"http:\/\/5.45.101.177\/haut-allier\/usagers-transportse\/index.php\/2015\/12\/18\/eboulement-rd40-ligne-du-train251\/attachment-usagers-transports-haut-allier-eu-12nov2015-00-jpg\/\"\n\t\t\t\t\t\t class=\"wp-image-1625\" srcset=\"https:\/\/usagers-transports.haut-allier.eu\/wp-content\/uploads\/2015\/12\/usagers-transports-haut-allier-eu-12nov2015-00.jpg 800w, https:\/\/usagers-transports.haut-allier.eu\/wp-content\/uploads\/2015\/12\/usagers-transports-haut-allier-eu-12nov2015-00-300x204.jpg 300w, https:\/\/usagers-transports.haut-allier.eu\/wp-content\/uploads\/2015\/12\/usagers-transports-haut-allier-eu-12nov2015-00-768x522.jpg 768w\" sizes=\"auto, (max-width: 800px) 100vw, 800px\" \/>\n\t\t\t\t<\/figure>\n\t\t\t<\/li>\n\t\t\t<li class=\"blocks-gallery-item\">\n\t\t\t\t<figure>\n\t\t\t\t\t\t\t\t\t\t\t<img loading=\"lazy\" decoding=\"async\" width=\"800\" height=\"469\" src=\"http:\/\/5.45.101.177\/haut-allier\/usagers-transportse\/wp-content\/uploads\/2015\/12\/usagers-transports-haut-allier-eu-12nov2015-01.jpg\"\n\t\t\t\t\t\t alt=\"usagers-transports-haut-allier-eu-12nov2015-01.jpg\"\n\t\t\t\t\t\t data-id=\"1626\"\n\t\t\t\t\t\t data-full-url=\"http:\/\/5.45.101.177\/haut-allier\/usagers-transportse\/wp-content\/uploads\/2015\/12\/usagers-transports-haut-allier-eu-12nov2015-01.jpg\"\n\t\t\t\t\t\t data-link=\"http:\/\/5.45.101.177\/haut-allier\/usagers-transportse\/index.php\/2015\/12\/18\/eboulement-rd40-ligne-du-train251\/attachment-usagers-transports-haut-allier-eu-12nov2015-01-jpg\/\"\n\t\t\t\t\t\t class=\"wp-image-1626\" srcset=\"https:\/\/usagers-transports.haut-allier.eu\/wp-content\/uploads\/2015\/12\/usagers-transports-haut-allier-eu-12nov2015-01.jpg 800w, https:\/\/usagers-transports.haut-allier.eu\/wp-content\/uploads\/2015\/12\/usagers-transports-haut-allier-eu-12nov2015-01-300x176.jpg 300w, https:\/\/usagers-transports.haut-allier.eu\/wp-content\/uploads\/2015\/12\/usagers-transports-haut-allier-eu-12nov2015-01-768x450.jpg 768w\" sizes=\"auto, (max-width: 800px) 100vw, 800px\" \/>\n\t\t\t\t<\/figure>\n\t\t\t<\/li>\n\t\t\t<li class=\"blocks-gallery-item\">\n\t\t\t\t<figure>\n\t\t\t\t\t\t\t\t\t\t\t<img loading=\"lazy\" decoding=\"async\" width=\"800\" height=\"1067\" src=\"http:\/\/5.45.101.177\/haut-allier\/usagers-transportse\/wp-content\/uploads\/2015\/12\/usagers-transports-haut-allier-eu-13nov2015-00.jpg\"\n\t\t\t\t\t\t alt=\"usagers-transports-haut-allier-eu-13nov2015-00.jpg\"\n\t\t\t\t\t\t data-id=\"1627\"\n\t\t\t\t\t\t data-full-url=\"http:\/\/5.45.101.177\/haut-allier\/usagers-transportse\/wp-content\/uploads\/2015\/12\/usagers-transports-haut-allier-eu-13nov2015-00.jpg\"\n\t\t\t\t\t\t data-link=\"http:\/\/5.45.101.177\/haut-allier\/usagers-transportse\/index.php\/2015\/12\/18\/eboulement-rd40-ligne-du-train251\/attachment-usagers-transports-haut-allier-eu-13nov2015-00-jpg\/\"\n\t\t\t\t\t\t class=\"wp-image-1627\" srcset=\"https:\/\/usagers-transports.haut-allier.eu\/wp-content\/uploads\/2015\/12\/usagers-transports-haut-allier-eu-13nov2015-00.jpg 800w, https:\/\/usagers-transports.haut-allier.eu\/wp-content\/uploads\/2015\/12\/usagers-transports-haut-allier-eu-13nov2015-00-225x300.jpg 225w, https:\/\/usagers-transports.haut-allier.eu\/wp-content\/uploads\/2015\/12\/usagers-transports-haut-allier-eu-13nov2015-00-768x1024.jpg 768w\" sizes=\"auto, (max-width: 800px) 100vw, 800px\" \/>\n\t\t\t\t<\/figure>\n\t\t\t<\/li>\n\t\t\t<li class=\"blocks-gallery-item\">\n\t\t\t\t<figure>\n\t\t\t\t\t\t\t\t\t\t\t<img loading=\"lazy\" decoding=\"async\" width=\"800\" height=\"600\" src=\"http:\/\/5.45.101.177\/haut-allier\/usagers-transportse\/wp-content\/uploads\/2015\/12\/usagers-transports-haut-allier-eu-14nov2015-00.jpg\"\n\t\t\t\t\t\t alt=\"usagers-transports-haut-allier-eu-14nov2015-00.jpg\"\n\t\t\t\t\t\t data-id=\"1628\"\n\t\t\t\t\t\t data-full-url=\"http:\/\/5.45.101.177\/haut-allier\/usagers-transportse\/wp-content\/uploads\/2015\/12\/usagers-transports-haut-allier-eu-14nov2015-00.jpg\"\n\t\t\t\t\t\t data-link=\"http:\/\/5.45.101.177\/haut-allier\/usagers-transportse\/index.php\/2015\/12\/18\/eboulement-rd40-ligne-du-train251\/attachment-usagers-transports-haut-allier-eu-14nov2015-00-jpg\/\"\n\t\t\t\t\t\t class=\"wp-image-1628\" srcset=\"https:\/\/usagers-transports.haut-allier.eu\/wp-content\/uploads\/2015\/12\/usagers-transports-haut-allier-eu-14nov2015-00.jpg 800w, https:\/\/usagers-transports.haut-allier.eu\/wp-content\/uploads\/2015\/12\/usagers-transports-haut-allier-eu-14nov2015-00-300x225.jpg 300w, https:\/\/usagers-transports.haut-allier.eu\/wp-content\/uploads\/2015\/12\/usagers-transports-haut-allier-eu-14nov2015-00-768x576.jpg 768w\" sizes=\"auto, (max-width: 800px) 100vw, 800px\" \/>\n\t\t\t\t<\/figure>\n\t\t\t<\/li>\n\t\t\t<li class=\"blocks-gallery-item\">\n\t\t\t\t<figure>\n\t\t\t\t\t\t\t\t\t\t\t<img loading=\"lazy\" decoding=\"async\" width=\"800\" height=\"600\" src=\"http:\/\/5.45.101.177\/haut-allier\/usagers-transportse\/wp-content\/uploads\/2015\/12\/usagers-transports-haut-allier-eu-14nov2015-01.jpg\"\n\t\t\t\t\t\t alt=\"usagers-transports-haut-allier-eu-14nov2015-01.jpg\"\n\t\t\t\t\t\t data-id=\"1629\"\n\t\t\t\t\t\t data-full-url=\"http:\/\/5.45.101.177\/haut-allier\/usagers-transportse\/wp-content\/uploads\/2015\/12\/usagers-transports-haut-allier-eu-14nov2015-01.jpg\"\n\t\t\t\t\t\t data-link=\"http:\/\/5.45.101.177\/haut-allier\/usagers-transportse\/index.php\/2015\/12\/18\/eboulement-rd40-ligne-du-train251\/attachment-usagers-transports-haut-allier-eu-14nov2015-01-jpg\/\"\n\t\t\t\t\t\t class=\"wp-image-1629\" srcset=\"https:\/\/usagers-transports.haut-allier.eu\/wp-content\/uploads\/2015\/12\/usagers-transports-haut-allier-eu-14nov2015-01.jpg 800w, https:\/\/usagers-transports.haut-allier.eu\/wp-content\/uploads\/2015\/12\/usagers-transports-haut-allier-eu-14nov2015-01-300x225.jpg 300w, https:\/\/usagers-transports.haut-allier.eu\/wp-content\/uploads\/2015\/12\/usagers-transports-haut-allier-eu-14nov2015-01-768x576.jpg 768w\" sizes=\"auto, (max-width: 800px) 100vw, 800px\" \/>\n\t\t\t\t<\/figure>\n\t\t\t<\/li>\n\t\t\t<li class=\"blocks-gallery-item\">\n\t\t\t\t<figure>\n\t\t\t\t\t\t\t\t\t\t\t<img loading=\"lazy\" decoding=\"async\" width=\"800\" height=\"600\" src=\"http:\/\/5.45.101.177\/haut-allier\/usagers-transportse\/wp-content\/uploads\/2015\/12\/usagers-transports-haut-allier-eu-14nov2015-02.jpg\"\n\t\t\t\t\t\t alt=\"usagers-transports-haut-allier-eu-14nov2015-02.jpg\"\n\t\t\t\t\t\t data-id=\"1630\"\n\t\t\t\t\t\t data-full-url=\"http:\/\/5.45.101.177\/haut-allier\/usagers-transportse\/wp-content\/uploads\/2015\/12\/usagers-transports-haut-allier-eu-14nov2015-02.jpg\"\n\t\t\t\t\t\t data-link=\"http:\/\/5.45.101.177\/haut-allier\/usagers-transportse\/index.php\/2015\/12\/18\/eboulement-rd40-ligne-du-train251\/attachment-usagers-transports-haut-allier-eu-14nov2015-02-jpg\/\"\n\t\t\t\t\t\t class=\"wp-image-1630\" srcset=\"https:\/\/usagers-transports.haut-allier.eu\/wp-content\/uploads\/2015\/12\/usagers-transports-haut-allier-eu-14nov2015-02.jpg 800w, https:\/\/usagers-transports.haut-allier.eu\/wp-content\/uploads\/2015\/12\/usagers-transports-haut-allier-eu-14nov2015-02-300x225.jpg 300w, https:\/\/usagers-transports.haut-allier.eu\/wp-content\/uploads\/2015\/12\/usagers-transports-haut-allier-eu-14nov2015-02-768x576.jpg 768w\" sizes=\"auto, (max-width: 800px) 100vw, 800px\" \/>\n\t\t\t\t<\/figure>\n\t\t\t<\/li>\n\t\t\t<li class=\"blocks-gallery-item\">\n\t\t\t\t<figure>\n\t\t\t\t\t\t\t\t\t\t\t<img loading=\"lazy\" decoding=\"async\" width=\"800\" height=\"1067\" src=\"http:\/\/5.45.101.177\/haut-allier\/usagers-transportse\/wp-content\/uploads\/2015\/12\/usagers-transports-haut-allier-eu-14nov2015-03.jpg\"\n\t\t\t\t\t\t alt=\"usagers-transports-haut-allier-eu-14nov2015-03.jpg\"\n\t\t\t\t\t\t data-id=\"1631\"\n\t\t\t\t\t\t data-full-url=\"http:\/\/5.45.101.177\/haut-allier\/usagers-transportse\/wp-content\/uploads\/2015\/12\/usagers-transports-haut-allier-eu-14nov2015-03.jpg\"\n\t\t\t\t\t\t data-link=\"http:\/\/5.45.101.177\/haut-allier\/usagers-transportse\/index.php\/2015\/12\/18\/eboulement-rd40-ligne-du-train251\/attachment-usagers-transports-haut-allier-eu-14nov2015-03-jpg\/\"\n\t\t\t\t\t\t class=\"wp-image-1631\" srcset=\"https:\/\/usagers-transports.haut-allier.eu\/wp-content\/uploads\/2015\/12\/usagers-transports-haut-allier-eu-14nov2015-03.jpg 800w, https:\/\/usagers-transports.haut-allier.eu\/wp-content\/uploads\/2015\/12\/usagers-transports-haut-allier-eu-14nov2015-03-225x300.jpg 225w, https:\/\/usagers-transports.haut-allier.eu\/wp-content\/uploads\/2015\/12\/usagers-transports-haut-allier-eu-14nov2015-03-768x1024.jpg 768w\" sizes=\"auto, (max-width: 800px) 100vw, 800px\" \/>\n\t\t\t\t<\/figure>\n\t\t\t<\/li>\n\t\t\t<li class=\"blocks-gallery-item\">\n\t\t\t\t<figure>\n\t\t\t\t\t\t\t\t\t\t\t<img loading=\"lazy\" decoding=\"async\" width=\"800\" height=\"600\" src=\"http:\/\/5.45.101.177\/haut-allier\/usagers-transportse\/wp-content\/uploads\/2015\/12\/usagers-transports-haut-allier-eu-14nov2015-04.jpg\"\n\t\t\t\t\t\t alt=\"usagers-transports-haut-allier-eu-14nov2015-04.jpg\"\n\t\t\t\t\t\t data-id=\"1632\"\n\t\t\t\t\t\t data-full-url=\"http:\/\/5.45.101.177\/haut-allier\/usagers-transportse\/wp-content\/uploads\/2015\/12\/usagers-transports-haut-allier-eu-14nov2015-04.jpg\"\n\t\t\t\t\t\t data-link=\"http:\/\/5.45.101.177\/haut-allier\/usagers-transportse\/index.php\/2015\/12\/18\/eboulement-rd40-ligne-du-train251\/attachment-usagers-transports-haut-allier-eu-14nov2015-04-jpg\/\"\n\t\t\t\t\t\t class=\"wp-image-1632\" srcset=\"https:\/\/usagers-transports.haut-allier.eu\/wp-content\/uploads\/2015\/12\/usagers-transports-haut-allier-eu-14nov2015-04.jpg 800w, https:\/\/usagers-transports.haut-allier.eu\/wp-content\/uploads\/2015\/12\/usagers-transports-haut-allier-eu-14nov2015-04-300x225.jpg 300w, https:\/\/usagers-transports.haut-allier.eu\/wp-content\/uploads\/2015\/12\/usagers-transports-haut-allier-eu-14nov2015-04-768x576.jpg 768w\" sizes=\"auto, (max-width: 800px) 100vw, 800px\" \/>\n\t\t\t\t<\/figure>\n\t\t\t<\/li>\n\t\t\t<li class=\"blocks-gallery-item\">\n\t\t\t\t<figure>\n\t\t\t\t\t\t\t\t\t\t\t<img loading=\"lazy\" decoding=\"async\" width=\"800\" height=\"600\" src=\"http:\/\/5.45.101.177\/haut-allier\/usagers-transportse\/wp-content\/uploads\/2015\/12\/usagers-transports-haut-allier-eu-14nov2015-05.jpg\"\n\t\t\t\t\t\t alt=\"usagers-transports-haut-allier-eu-14nov2015-05.jpg\"\n\t\t\t\t\t\t data-id=\"1633\"\n\t\t\t\t\t\t data-full-url=\"http:\/\/5.45.101.177\/haut-allier\/usagers-transportse\/wp-content\/uploads\/2015\/12\/usagers-transports-haut-allier-eu-14nov2015-05.jpg\"\n\t\t\t\t\t\t data-link=\"http:\/\/5.45.101.177\/haut-allier\/usagers-transportse\/index.php\/2015\/12\/18\/eboulement-rd40-ligne-du-train251\/attachment-usagers-transports-haut-allier-eu-14nov2015-05-jpg\/\"\n\t\t\t\t\t\t class=\"wp-image-1633\" srcset=\"https:\/\/usagers-transports.haut-allier.eu\/wp-content\/uploads\/2015\/12\/usagers-transports-haut-allier-eu-14nov2015-05.jpg 800w, https:\/\/usagers-transports.haut-allier.eu\/wp-content\/uploads\/2015\/12\/usagers-transports-haut-allier-eu-14nov2015-05-300x225.jpg 300w, https:\/\/usagers-transports.haut-allier.eu\/wp-content\/uploads\/2015\/12\/usagers-transports-haut-allier-eu-14nov2015-05-768x576.jpg 768w\" sizes=\"auto, (max-width: 800px) 100vw, 800px\" \/>\n\t\t\t\t<\/figure>\n\t\t\t<\/li>\n\t\t\t<li class=\"blocks-gallery-item\">\n\t\t\t\t<figure>\n\t\t\t\t\t\t\t\t\t\t\t<img loading=\"lazy\" decoding=\"async\" width=\"800\" height=\"600\" src=\"http:\/\/5.45.101.177\/haut-allier\/usagers-transportse\/wp-content\/uploads\/2015\/12\/usagers-transports-haut-allier-eu-14nov2015-06.jpg\"\n\t\t\t\t\t\t alt=\"usagers-transports-haut-allier-eu-14nov2015-06.jpg\"\n\t\t\t\t\t\t data-id=\"1634\"\n\t\t\t\t\t\t data-full-url=\"http:\/\/5.45.101.177\/haut-allier\/usagers-transportse\/wp-content\/uploads\/2015\/12\/usagers-transports-haut-allier-eu-14nov2015-06.jpg\"\n\t\t\t\t\t\t data-link=\"http:\/\/5.45.101.177\/haut-allier\/usagers-transportse\/index.php\/2015\/12\/18\/eboulement-rd40-ligne-du-train251\/attachment-usagers-transports-haut-allier-eu-14nov2015-06-jpg\/\"\n\t\t\t\t\t\t class=\"wp-image-1634\" srcset=\"https:\/\/usagers-transports.haut-allier.eu\/wp-content\/uploads\/2015\/12\/usagers-transports-haut-allier-eu-14nov2015-06.jpg 800w, https:\/\/usagers-transports.haut-allier.eu\/wp-content\/uploads\/2015\/12\/usagers-transports-haut-allier-eu-14nov2015-06-300x225.jpg 300w, https:\/\/usagers-transports.haut-allier.eu\/wp-content\/uploads\/2015\/12\/usagers-transports-haut-allier-eu-14nov2015-06-768x576.jpg 768w\" sizes=\"auto, (max-width: 800px) 100vw, 800px\" \/>\n\t\t\t\t<\/figure>\n\t\t\t<\/li>\n\t\t\t<li class=\"blocks-gallery-item\">\n\t\t\t\t<figure>\n\t\t\t\t\t\t\t\t\t\t\t<img loading=\"lazy\" decoding=\"async\" width=\"800\" height=\"600\" src=\"http:\/\/5.45.101.177\/haut-allier\/usagers-transportse\/wp-content\/uploads\/2015\/12\/usagers-transports-haut-allier-eu-14nov2015-07.jpg\"\n\t\t\t\t\t\t alt=\"usagers-transports-haut-allier-eu-14nov2015-07.jpg\"\n\t\t\t\t\t\t data-id=\"1635\"\n\t\t\t\t\t\t data-full-url=\"http:\/\/5.45.101.177\/haut-allier\/usagers-transportse\/wp-content\/uploads\/2015\/12\/usagers-transports-haut-allier-eu-14nov2015-07.jpg\"\n\t\t\t\t\t\t data-link=\"http:\/\/5.45.101.177\/haut-allier\/usagers-transportse\/index.php\/2015\/12\/18\/eboulement-rd40-ligne-du-train251\/attachment-usagers-transports-haut-allier-eu-14nov2015-07-jpg\/\"\n\t\t\t\t\t\t class=\"wp-image-1635\" srcset=\"https:\/\/usagers-transports.haut-allier.eu\/wp-content\/uploads\/2015\/12\/usagers-transports-haut-allier-eu-14nov2015-07.jpg 800w, https:\/\/usagers-transports.haut-allier.eu\/wp-content\/uploads\/2015\/12\/usagers-transports-haut-allier-eu-14nov2015-07-300x225.jpg 300w, https:\/\/usagers-transports.haut-allier.eu\/wp-content\/uploads\/2015\/12\/usagers-transports-haut-allier-eu-14nov2015-07-768x576.jpg 768w\" sizes=\"auto, (max-width: 800px) 100vw, 800px\" \/>\n\t\t\t\t<\/figure>\n\t\t\t<\/li>\n\t\t\t<li class=\"blocks-gallery-item\">\n\t\t\t\t<figure>\n\t\t\t\t\t\t\t\t\t\t\t<img loading=\"lazy\" decoding=\"async\" width=\"800\" height=\"518\" src=\"http:\/\/5.45.101.177\/haut-allier\/usagers-transportse\/wp-content\/uploads\/2015\/12\/usagers-transports-haut-allier-eu-16nov2015-00.jpg\"\n\t\t\t\t\t\t alt=\"usagers-transports-haut-allier-eu-16nov2015-00.jpg\"\n\t\t\t\t\t\t data-id=\"1636\"\n\t\t\t\t\t\t data-full-url=\"http:\/\/5.45.101.177\/haut-allier\/usagers-transportse\/wp-content\/uploads\/2015\/12\/usagers-transports-haut-allier-eu-16nov2015-00.jpg\"\n\t\t\t\t\t\t data-link=\"http:\/\/5.45.101.177\/haut-allier\/usagers-transportse\/index.php\/2015\/12\/18\/eboulement-rd40-ligne-du-train251\/attachment-usagers-transports-haut-allier-eu-16nov2015-00-jpg\/\"\n\t\t\t\t\t\t class=\"wp-image-1636\" srcset=\"https:\/\/usagers-transports.haut-allier.eu\/wp-content\/uploads\/2015\/12\/usagers-transports-haut-allier-eu-16nov2015-00.jpg 800w, https:\/\/usagers-transports.haut-allier.eu\/wp-content\/uploads\/2015\/12\/usagers-transports-haut-allier-eu-16nov2015-00-300x194.jpg 300w, https:\/\/usagers-transports.haut-allier.eu\/wp-content\/uploads\/2015\/12\/usagers-transports-haut-allier-eu-16nov2015-00-768x497.jpg 768w\" sizes=\"auto, (max-width: 800px) 100vw, 800px\" \/>\n\t\t\t\t<\/figure>\n\t\t\t<\/li>\n\t\t\t<li class=\"blocks-gallery-item\">\n\t\t\t\t<figure>\n\t\t\t\t\t\t\t\t\t\t\t<img loading=\"lazy\" decoding=\"async\" width=\"800\" height=\"476\" src=\"http:\/\/5.45.101.177\/haut-allier\/usagers-transportse\/wp-content\/uploads\/2015\/12\/usagers-transports-haut-allier-eu-16nov2015-01.jpg\"\n\t\t\t\t\t\t alt=\"usagers-transports-haut-allier-eu-16nov2015-01.jpg\"\n\t\t\t\t\t\t data-id=\"1637\"\n\t\t\t\t\t\t data-full-url=\"http:\/\/5.45.101.177\/haut-allier\/usagers-transportse\/wp-content\/uploads\/2015\/12\/usagers-transports-haut-allier-eu-16nov2015-01.jpg\"\n\t\t\t\t\t\t data-link=\"http:\/\/5.45.101.177\/haut-allier\/usagers-transportse\/index.php\/2015\/12\/18\/eboulement-rd40-ligne-du-train251\/attachment-usagers-transports-haut-allier-eu-16nov2015-01-jpg\/\"\n\t\t\t\t\t\t class=\"wp-image-1637\" srcset=\"https:\/\/usagers-transports.haut-allier.eu\/wp-content\/uploads\/2015\/12\/usagers-transports-haut-allier-eu-16nov2015-01.jpg 800w, https:\/\/usagers-transports.haut-allier.eu\/wp-content\/uploads\/2015\/12\/usagers-transports-haut-allier-eu-16nov2015-01-300x179.jpg 300w, https:\/\/usagers-transports.haut-allier.eu\/wp-content\/uploads\/2015\/12\/usagers-transports-haut-allier-eu-16nov2015-01-768x457.jpg 768w\" sizes=\"auto, (max-width: 800px) 100vw, 800px\" \/>\n\t\t\t\t<\/figure>\n\t\t\t<\/li>\n\t\t\t<li class=\"blocks-gallery-item\">\n\t\t\t\t<figure>\n\t\t\t\t\t\t\t\t\t\t\t<img loading=\"lazy\" decoding=\"async\" width=\"800\" height=\"587\" src=\"http:\/\/5.45.101.177\/haut-allier\/usagers-transportse\/wp-content\/uploads\/2015\/12\/usagers-transports-haut-allier-eu-17nov2015-00.jpg\"\n\t\t\t\t\t\t alt=\"usagers-transports-haut-allier-eu-17nov2015-00.jpg\"\n\t\t\t\t\t\t data-id=\"1638\"\n\t\t\t\t\t\t data-full-url=\"http:\/\/5.45.101.177\/haut-allier\/usagers-transportse\/wp-content\/uploads\/2015\/12\/usagers-transports-haut-allier-eu-17nov2015-00.jpg\"\n\t\t\t\t\t\t data-link=\"http:\/\/5.45.101.177\/haut-allier\/usagers-transportse\/index.php\/2015\/12\/18\/eboulement-rd40-ligne-du-train251\/attachment-usagers-transports-haut-allier-eu-17nov2015-00-jpg\/\"\n\t\t\t\t\t\t class=\"wp-image-1638\" srcset=\"https:\/\/usagers-transports.haut-allier.eu\/wp-content\/uploads\/2015\/12\/usagers-transports-haut-allier-eu-17nov2015-00.jpg 800w, https:\/\/usagers-transports.haut-allier.eu\/wp-content\/uploads\/2015\/12\/usagers-transports-haut-allier-eu-17nov2015-00-300x220.jpg 300w, https:\/\/usagers-transports.haut-allier.eu\/wp-content\/uploads\/2015\/12\/usagers-transports-haut-allier-eu-17nov2015-00-768x564.jpg 768w\" sizes=\"auto, (max-width: 800px) 100vw, 800px\" \/>\n\t\t\t\t<\/figure>\n\t\t\t<\/li>\n\t\t\t<li class=\"blocks-gallery-item\">\n\t\t\t\t<figure>\n\t\t\t\t\t\t\t\t\t\t\t<img loading=\"lazy\" decoding=\"async\" width=\"800\" height=\"1330\" src=\"http:\/\/5.45.101.177\/haut-allier\/usagers-transportse\/wp-content\/uploads\/2015\/12\/usagers-transports-haut-allier-eu-17nov2015-01.jpg\"\n\t\t\t\t\t\t alt=\"usagers-transports-haut-allier-eu-17nov2015-01.jpg\"\n\t\t\t\t\t\t data-id=\"1639\"\n\t\t\t\t\t\t data-full-url=\"http:\/\/5.45.101.177\/haut-allier\/usagers-transportse\/wp-content\/uploads\/2015\/12\/usagers-transports-haut-allier-eu-17nov2015-01.jpg\"\n\t\t\t\t\t\t data-link=\"http:\/\/5.45.101.177\/haut-allier\/usagers-transportse\/index.php\/2015\/12\/18\/eboulement-rd40-ligne-du-train251\/attachment-usagers-transports-haut-allier-eu-17nov2015-01-jpg\/\"\n\t\t\t\t\t\t class=\"wp-image-1639\" srcset=\"https:\/\/usagers-transports.haut-allier.eu\/wp-content\/uploads\/2015\/12\/usagers-transports-haut-allier-eu-17nov2015-01.jpg 800w, https:\/\/usagers-transports.haut-allier.eu\/wp-content\/uploads\/2015\/12\/usagers-transports-haut-allier-eu-17nov2015-01-180x300.jpg 180w, https:\/\/usagers-transports.haut-allier.eu\/wp-content\/uploads\/2015\/12\/usagers-transports-haut-allier-eu-17nov2015-01-616x1024.jpg 616w, https:\/\/usagers-transports.haut-allier.eu\/wp-content\/uploads\/2015\/12\/usagers-transports-haut-allier-eu-17nov2015-01-768x1277.jpg 768w\" sizes=\"auto, (max-width: 800px) 100vw, 800px\" \/>\n\t\t\t\t<\/figure>\n\t\t\t<\/li>\n\t\t\t<li class=\"blocks-gallery-item\">\n\t\t\t\t<figure>\n\t\t\t\t\t\t\t\t\t\t\t<img loading=\"lazy\" decoding=\"async\" width=\"800\" height=\"450\" src=\"http:\/\/5.45.101.177\/haut-allier\/usagers-transportse\/wp-content\/uploads\/2015\/12\/usagers-transports-haut-allier-eu-17nov2015-02.jpg\"\n\t\t\t\t\t\t alt=\"usagers-transports-haut-allier-eu-17nov2015-02.jpg\"\n\t\t\t\t\t\t data-id=\"1641\"\n\t\t\t\t\t\t data-full-url=\"http:\/\/5.45.101.177\/haut-allier\/usagers-transportse\/wp-content\/uploads\/2015\/12\/usagers-transports-haut-allier-eu-17nov2015-02.jpg\"\n\t\t\t\t\t\t data-link=\"http:\/\/5.45.101.177\/haut-allier\/usagers-transportse\/index.php\/2015\/12\/18\/eboulement-rd40-ligne-du-train251\/attachment-usagers-transports-haut-allier-eu-17nov2015-02-jpg\/\"\n\t\t\t\t\t\t class=\"wp-image-1641\" srcset=\"https:\/\/usagers-transports.haut-allier.eu\/wp-content\/uploads\/2015\/12\/usagers-transports-haut-allier-eu-17nov2015-02.jpg 800w, https:\/\/usagers-transports.haut-allier.eu\/wp-content\/uploads\/2015\/12\/usagers-transports-haut-allier-eu-17nov2015-02-300x169.jpg 300w, https:\/\/usagers-transports.haut-allier.eu\/wp-content\/uploads\/2015\/12\/usagers-transports-haut-allier-eu-17nov2015-02-768x432.jpg 768w\" sizes=\"auto, (max-width: 800px) 100vw, 800px\" \/>\n\t\t\t\t<\/figure>\n\t\t\t<\/li>\n\t\t\t<li class=\"blocks-gallery-item\">\n\t\t\t\t<figure>\n\t\t\t\t\t\t\t\t\t\t\t<img loading=\"lazy\" decoding=\"async\" width=\"800\" height=\"481\" src=\"http:\/\/5.45.101.177\/haut-allier\/usagers-transportse\/wp-content\/uploads\/2015\/12\/usagers-transports-haut-allier-eu-17nov2015-03.jpg\"\n\t\t\t\t\t\t alt=\"usagers-transports-haut-allier-eu-17nov2015-03.jpg\"\n\t\t\t\t\t\t data-id=\"1640\"\n\t\t\t\t\t\t data-full-url=\"http:\/\/5.45.101.177\/haut-allier\/usagers-transportse\/wp-content\/uploads\/2015\/12\/usagers-transports-haut-allier-eu-17nov2015-03.jpg\"\n\t\t\t\t\t\t data-link=\"http:\/\/5.45.101.177\/haut-allier\/usagers-transportse\/index.php\/2015\/12\/18\/eboulement-rd40-ligne-du-train251\/attachment-usagers-transports-haut-allier-eu-17nov2015-03-jpg\/\"\n\t\t\t\t\t\t class=\"wp-image-1640\" srcset=\"https:\/\/usagers-transports.haut-allier.eu\/wp-content\/uploads\/2015\/12\/usagers-transports-haut-allier-eu-17nov2015-03.jpg 800w, https:\/\/usagers-transports.haut-allier.eu\/wp-content\/uploads\/2015\/12\/usagers-transports-haut-allier-eu-17nov2015-03-300x180.jpg 300w, https:\/\/usagers-transports.haut-allier.eu\/wp-content\/uploads\/2015\/12\/usagers-transports-haut-allier-eu-17nov2015-03-768x462.jpg 768w\" sizes=\"auto, (max-width: 800px) 100vw, 800px\" \/>\n\t\t\t\t<\/figure>\n\t\t\t<\/li>\n\t\t\t<li class=\"blocks-gallery-item\">\n\t\t\t\t<figure>\n\t\t\t\t\t\t\t\t\t\t\t<img loading=\"lazy\" decoding=\"async\" width=\"800\" height=\"481\" src=\"http:\/\/5.45.101.177\/haut-allier\/usagers-transportse\/wp-content\/uploads\/2015\/12\/usagers-transports-haut-allier-eu-17nov2015-04.jpg\"\n\t\t\t\t\t\t alt=\"usagers-transports-haut-allier-eu-17nov2015-04.jpg\"\n\t\t\t\t\t\t data-id=\"1642\"\n\t\t\t\t\t\t data-full-url=\"http:\/\/5.45.101.177\/haut-allier\/usagers-transportse\/wp-content\/uploads\/2015\/12\/usagers-transports-haut-allier-eu-17nov2015-04.jpg\"\n\t\t\t\t\t\t data-link=\"http:\/\/5.45.101.177\/haut-allier\/usagers-transportse\/index.php\/2015\/12\/18\/eboulement-rd40-ligne-du-train251\/attachment-usagers-transports-haut-allier-eu-17nov2015-04-jpg\/\"\n\t\t\t\t\t\t class=\"wp-image-1642\" srcset=\"https:\/\/usagers-transports.haut-allier.eu\/wp-content\/uploads\/2015\/12\/usagers-transports-haut-allier-eu-17nov2015-04.jpg 800w, https:\/\/usagers-transports.haut-allier.eu\/wp-content\/uploads\/2015\/12\/usagers-transports-haut-allier-eu-17nov2015-04-300x180.jpg 300w, https:\/\/usagers-transports.haut-allier.eu\/wp-content\/uploads\/2015\/12\/usagers-transports-haut-allier-eu-17nov2015-04-768x462.jpg 768w\" sizes=\"auto, (max-width: 800px) 100vw, 800px\" \/>\n\t\t\t\t<\/figure>\n\t\t\t<\/li>\n\t\t\t<li class=\"blocks-gallery-item\">\n\t\t\t\t<figure>\n\t\t\t\t\t\t\t\t\t\t\t<img loading=\"lazy\" decoding=\"async\" width=\"800\" height=\"516\" src=\"http:\/\/5.45.101.177\/haut-allier\/usagers-transportse\/wp-content\/uploads\/2015\/12\/usagers-transports-haut-allier-eu-18nov2015-06.jpg\"\n\t\t\t\t\t\t alt=\"usagers-transports-haut-allier-eu-18nov2015-06.jpg\"\n\t\t\t\t\t\t data-id=\"1643\"\n\t\t\t\t\t\t data-full-url=\"http:\/\/5.45.101.177\/haut-allier\/usagers-transportse\/wp-content\/uploads\/2015\/12\/usagers-transports-haut-allier-eu-18nov2015-06.jpg\"\n\t\t\t\t\t\t data-link=\"http:\/\/5.45.101.177\/haut-allier\/usagers-transportse\/index.php\/2015\/12\/18\/eboulement-rd40-ligne-du-train251\/attachment-usagers-transports-haut-allier-eu-18nov2015-06-jpg\/\"\n\t\t\t\t\t\t class=\"wp-image-1643\" srcset=\"https:\/\/usagers-transports.haut-allier.eu\/wp-content\/uploads\/2015\/12\/usagers-transports-haut-allier-eu-18nov2015-06.jpg 800w, https:\/\/usagers-transports.haut-allier.eu\/wp-content\/uploads\/2015\/12\/usagers-transports-haut-allier-eu-18nov2015-06-300x194.jpg 300w, https:\/\/usagers-transports.haut-allier.eu\/wp-content\/uploads\/2015\/12\/usagers-transports-haut-allier-eu-18nov2015-06-768x495.jpg 768w\" sizes=\"auto, (max-width: 800px) 100vw, 800px\" \/>\n\t\t\t\t<\/figure>\n\t\t\t<\/li>\n\t\t\t<li class=\"blocks-gallery-item\">\n\t\t\t\t<figure>\n\t\t\t\t\t\t\t\t\t\t\t<img loading=\"lazy\" decoding=\"async\" width=\"800\" height=\"704\" src=\"http:\/\/5.45.101.177\/haut-allier\/usagers-transportse\/wp-content\/uploads\/2015\/12\/usagers-transports-haut-allier-eu-18nov2015-07.jpg\"\n\t\t\t\t\t\t alt=\"usagers-transports-haut-allier-eu-18nov2015-07.jpg\"\n\t\t\t\t\t\t data-id=\"1644\"\n\t\t\t\t\t\t data-full-url=\"http:\/\/5.45.101.177\/haut-allier\/usagers-transportse\/wp-content\/uploads\/2015\/12\/usagers-transports-haut-allier-eu-18nov2015-07.jpg\"\n\t\t\t\t\t\t data-link=\"http:\/\/5.45.101.177\/haut-allier\/usagers-transportse\/index.php\/2015\/12\/18\/eboulement-rd40-ligne-du-train251\/attachment-usagers-transports-haut-allier-eu-18nov2015-07-jpg\/\"\n\t\t\t\t\t\t class=\"wp-image-1644\" srcset=\"https:\/\/usagers-transports.haut-allier.eu\/wp-content\/uploads\/2015\/12\/usagers-transports-haut-allier-eu-18nov2015-07.jpg 800w, https:\/\/usagers-transports.haut-allier.eu\/wp-content\/uploads\/2015\/12\/usagers-transports-haut-allier-eu-18nov2015-07-300x264.jpg 300w, https:\/\/usagers-transports.haut-allier.eu\/wp-content\/uploads\/2015\/12\/usagers-transports-haut-allier-eu-18nov2015-07-768x676.jpg 768w\" sizes=\"auto, (max-width: 800px) 100vw, 800px\" \/>\n\t\t\t\t<\/figure>\n\t\t\t<\/li>\n\t\t\t<li class=\"blocks-gallery-item\">\n\t\t\t\t<figure>\n\t\t\t\t\t\t\t\t\t\t\t<img loading=\"lazy\" decoding=\"async\" width=\"800\" height=\"532\" src=\"http:\/\/5.45.101.177\/haut-allier\/usagers-transportse\/wp-content\/uploads\/2015\/12\/usagers-transports-haut-allier-eu-18nov2015-08.jpg\"\n\t\t\t\t\t\t alt=\"usagers-transports-haut-allier-eu-18nov2015-08.jpg\"\n\t\t\t\t\t\t data-id=\"1645\"\n\t\t\t\t\t\t data-full-url=\"http:\/\/5.45.101.177\/haut-allier\/usagers-transportse\/wp-content\/uploads\/2015\/12\/usagers-transports-haut-allier-eu-18nov2015-08.jpg\"\n\t\t\t\t\t\t data-link=\"http:\/\/5.45.101.177\/haut-allier\/usagers-transportse\/index.php\/2015\/12\/18\/eboulement-rd40-ligne-du-train251\/attachment-usagers-transports-haut-allier-eu-18nov2015-08-jpg\/\"\n\t\t\t\t\t\t class=\"wp-image-1645\" srcset=\"https:\/\/usagers-transports.haut-allier.eu\/wp-content\/uploads\/2015\/12\/usagers-transports-haut-allier-eu-18nov2015-08.jpg 800w, https:\/\/usagers-transports.haut-allier.eu\/wp-content\/uploads\/2015\/12\/usagers-transports-haut-allier-eu-18nov2015-08-300x200.jpg 300w, https:\/\/usagers-transports.haut-allier.eu\/wp-content\/uploads\/2015\/12\/usagers-transports-haut-allier-eu-18nov2015-08-768x511.jpg 768w\" sizes=\"auto, (max-width: 800px) 100vw, 800px\" \/>\n\t\t\t\t<\/figure>\n\t\t\t<\/li>\n\t\t\t<li class=\"blocks-gallery-item\">\n\t\t\t\t<figure>\n\t\t\t\t\t\t\t\t\t\t\t<img loading=\"lazy\" decoding=\"async\" width=\"800\" height=\"536\" src=\"http:\/\/5.45.101.177\/haut-allier\/usagers-transportse\/wp-content\/uploads\/2015\/12\/usagers-transports-haut-allier-eu-18nov2015-09.jpg\"\n\t\t\t\t\t\t alt=\"usagers-transports-haut-allier-eu-18nov2015-09.jpg\"\n\t\t\t\t\t\t data-id=\"1646\"\n\t\t\t\t\t\t data-full-url=\"http:\/\/5.45.101.177\/haut-allier\/usagers-transportse\/wp-content\/uploads\/2015\/12\/usagers-transports-haut-allier-eu-18nov2015-09.jpg\"\n\t\t\t\t\t\t data-link=\"http:\/\/5.45.101.177\/haut-allier\/usagers-transportse\/index.php\/2015\/12\/18\/eboulement-rd40-ligne-du-train251\/attachment-usagers-transports-haut-allier-eu-18nov2015-09-jpg\/\"\n\t\t\t\t\t\t class=\"wp-image-1646\" srcset=\"https:\/\/usagers-transports.haut-allier.eu\/wp-content\/uploads\/2015\/12\/usagers-transports-haut-allier-eu-18nov2015-09.jpg 800w, https:\/\/usagers-transports.haut-allier.eu\/wp-content\/uploads\/2015\/12\/usagers-transports-haut-allier-eu-18nov2015-09-300x201.jpg 300w, https:\/\/usagers-transports.haut-allier.eu\/wp-content\/uploads\/2015\/12\/usagers-transports-haut-allier-eu-18nov2015-09-768x515.jpg 768w\" sizes=\"auto, (max-width: 800px) 100vw, 800px\" \/>\n\t\t\t\t<\/figure>\n\t\t\t<\/li>\n\t\t\t<li class=\"blocks-gallery-item\">\n\t\t\t\t<figure>\n\t\t\t\t\t\t\t\t\t\t\t<img loading=\"lazy\" decoding=\"async\" width=\"800\" height=\"483\" src=\"http:\/\/5.45.101.177\/haut-allier\/usagers-transportse\/wp-content\/uploads\/2015\/12\/usagers-transports-haut-allier-eu-18nov2015-10.jpg\"\n\t\t\t\t\t\t alt=\"usagers-transports-haut-allier-eu-18nov2015-10.jpg\"\n\t\t\t\t\t\t data-id=\"1647\"\n\t\t\t\t\t\t data-full-url=\"http:\/\/5.45.101.177\/haut-allier\/usagers-transportse\/wp-content\/uploads\/2015\/12\/usagers-transports-haut-allier-eu-18nov2015-10.jpg\"\n\t\t\t\t\t\t data-link=\"http:\/\/5.45.101.177\/haut-allier\/usagers-transportse\/index.php\/2015\/12\/18\/eboulement-rd40-ligne-du-train251\/attachment-usagers-transports-haut-allier-eu-18nov2015-10-jpg\/\"\n\t\t\t\t\t\t class=\"wp-image-1647\" srcset=\"https:\/\/usagers-transports.haut-allier.eu\/wp-content\/uploads\/2015\/12\/usagers-transports-haut-allier-eu-18nov2015-10.jpg 800w, https:\/\/usagers-transports.haut-allier.eu\/wp-content\/uploads\/2015\/12\/usagers-transports-haut-allier-eu-18nov2015-10-300x181.jpg 300w, https:\/\/usagers-transports.haut-allier.eu\/wp-content\/uploads\/2015\/12\/usagers-transports-haut-allier-eu-18nov2015-10-768x464.jpg 768w\" sizes=\"auto, (max-width: 800px) 100vw, 800px\" \/>\n\t\t\t\t<\/figure>\n\t\t\t<\/li>\n\t\t\t<li class=\"blocks-gallery-item\">\n\t\t\t\t<figure>\n\t\t\t\t\t\t\t\t\t\t\t<img loading=\"lazy\" decoding=\"async\" width=\"800\" height=\"600\" src=\"http:\/\/5.45.101.177\/haut-allier\/usagers-transportse\/wp-content\/uploads\/2015\/12\/usagers-transports-haut-allier-eu-20nov2015-00.jpg\"\n\t\t\t\t\t\t alt=\"usagers-transports-haut-allier-eu-20nov2015-00.jpg\"\n\t\t\t\t\t\t data-id=\"1658\"\n\t\t\t\t\t\t data-full-url=\"http:\/\/5.45.101.177\/haut-allier\/usagers-transportse\/wp-content\/uploads\/2015\/12\/usagers-transports-haut-allier-eu-20nov2015-00.jpg\"\n\t\t\t\t\t\t data-link=\"http:\/\/5.45.101.177\/haut-allier\/usagers-transportse\/attachment-usagers-transports-haut-allier-eu-20nov2015-00-jpg\/\"\n\t\t\t\t\t\t class=\"wp-image-1658\" srcset=\"https:\/\/usagers-transports.haut-allier.eu\/wp-content\/uploads\/2015\/12\/usagers-transports-haut-allier-eu-20nov2015-00.jpg 800w, https:\/\/usagers-transports.haut-allier.eu\/wp-content\/uploads\/2015\/12\/usagers-transports-haut-allier-eu-20nov2015-00-300x225.jpg 300w, https:\/\/usagers-transports.haut-allier.eu\/wp-content\/uploads\/2015\/12\/usagers-transports-haut-allier-eu-20nov2015-00-768x576.jpg 768w\" sizes=\"auto, (max-width: 800px) 100vw, 800px\" \/>\n\t\t\t\t<\/figure>\n\t\t\t<\/li>\n\t\t\t<li class=\"blocks-gallery-item\">\n\t\t\t\t<figure>\n\t\t\t\t\t\t\t\t\t\t\t<img loading=\"lazy\" decoding=\"async\" width=\"800\" height=\"600\" src=\"http:\/\/5.45.101.177\/haut-allier\/usagers-transportse\/wp-content\/uploads\/2015\/12\/usagers-transports-haut-allier-eu-26nov2015-00.jpg\"\n\t\t\t\t\t\t alt=\"usagers-transports-haut-allier-eu-26nov2015-00.jpg\"\n\t\t\t\t\t\t data-id=\"1659\"\n\t\t\t\t\t\t data-full-url=\"http:\/\/5.45.101.177\/haut-allier\/usagers-transportse\/wp-content\/uploads\/2015\/12\/usagers-transports-haut-allier-eu-26nov2015-00.jpg\"\n\t\t\t\t\t\t data-link=\"http:\/\/5.45.101.177\/haut-allier\/usagers-transportse\/attachment-usagers-transports-haut-allier-eu-26nov2015-00-jpg\/\"\n\t\t\t\t\t\t class=\"wp-image-1659\" srcset=\"https:\/\/usagers-transports.haut-allier.eu\/wp-content\/uploads\/2015\/12\/usagers-transports-haut-allier-eu-26nov2015-00.jpg 800w, https:\/\/usagers-transports.haut-allier.eu\/wp-content\/uploads\/2015\/12\/usagers-transports-haut-allier-eu-26nov2015-00-300x225.jpg 300w, https:\/\/usagers-transports.haut-allier.eu\/wp-content\/uploads\/2015\/12\/usagers-transports-haut-allier-eu-26nov2015-00-768x576.jpg 768w\" sizes=\"auto, (max-width: 800px) 100vw, 800px\" \/>\n\t\t\t\t<\/figure>\n\t\t\t<\/li>\n\t\t\t<li class=\"blocks-gallery-item\">\n\t\t\t\t<figure>\n\t\t\t\t\t\t\t\t\t\t\t<img loading=\"lazy\" decoding=\"async\" width=\"800\" height=\"600\" src=\"http:\/\/5.45.101.177\/haut-allier\/usagers-transportse\/wp-content\/uploads\/2015\/12\/usagers-transports-haut-allier-eu-26nov2015-01.jpg\"\n\t\t\t\t\t\t alt=\"usagers-transports-haut-allier-eu-26nov2015-01.jpg\"\n\t\t\t\t\t\t data-id=\"1649\"\n\t\t\t\t\t\t data-full-url=\"http:\/\/5.45.101.177\/haut-allier\/usagers-transportse\/wp-content\/uploads\/2015\/12\/usagers-transports-haut-allier-eu-26nov2015-01.jpg\"\n\t\t\t\t\t\t data-link=\"http:\/\/5.45.101.177\/haut-allier\/usagers-transportse\/index.php\/2015\/12\/18\/eboulement-rd40-ligne-du-train251\/attachment-usagers-transports-haut-allier-eu-26nov2015-01-jpg\/\"\n\t\t\t\t\t\t class=\"wp-image-1649\" srcset=\"https:\/\/usagers-transports.haut-allier.eu\/wp-content\/uploads\/2015\/12\/usagers-transports-haut-allier-eu-26nov2015-01.jpg 800w, https:\/\/usagers-transports.haut-allier.eu\/wp-content\/uploads\/2015\/12\/usagers-transports-haut-allier-eu-26nov2015-01-300x225.jpg 300w, https:\/\/usagers-transports.haut-allier.eu\/wp-content\/uploads\/2015\/12\/usagers-transports-haut-allier-eu-26nov2015-01-768x576.jpg 768w\" sizes=\"auto, (max-width: 800px) 100vw, 800px\" \/>\n\t\t\t\t<\/figure>\n\t\t\t<\/li>\n\t\t\t<li class=\"blocks-gallery-item\">\n\t\t\t\t<figure>\n\t\t\t\t\t\t\t\t\t\t\t<img loading=\"lazy\" decoding=\"async\" width=\"294\" height=\"265\" src=\"http:\/\/5.45.101.177\/haut-allier\/usagers-transportse\/wp-content\/uploads\/2015\/12\/TweetDeck_-_2015-11-04_06-55-50.png\"\n\t\t\t\t\t\t alt=\"TweetDeck_-_2015-11-04_06-55-50.png\"\n\t\t\t\t\t\t data-id=\"1614\"\n\t\t\t\t\t\t data-full-url=\"http:\/\/5.45.101.177\/haut-allier\/usagers-transportse\/wp-content\/uploads\/2015\/12\/TweetDeck_-_2015-11-04_06-55-50.png\"\n\t\t\t\t\t\t data-link=\"http:\/\/5.45.101.177\/haut-allier\/usagers-transportse\/index.php\/2015\/12\/18\/eboulement-rd40-ligne-du-train251\/attachment-tweetdeck_-_2015-11-04_06-55-50-png\/\"\n\t\t\t\t\t\t class=\"wp-image-1614\" \/>\n\t\t\t\t<\/figure>\n\t\t\t<\/li>\n\t\t\t<li class=\"blocks-gallery-item\">\n\t\t\t\t<figure>\n\t\t\t\t\t\t\t\t\t\t\t<img loading=\"lazy\" decoding=\"async\" width=\"284\" height=\"160\" src=\"http:\/\/5.45.101.177\/haut-allier\/usagers-transportse\/wp-content\/uploads\/2015\/12\/TweetDeck_-_2015-11-04_06-56-22.png\"\n\t\t\t\t\t\t alt=\"TweetDeck_-_2015-11-04_06-56-22.png\"\n\t\t\t\t\t\t data-id=\"1615\"\n\t\t\t\t\t\t data-full-url=\"http:\/\/5.45.101.177\/haut-allier\/usagers-transportse\/wp-content\/uploads\/2015\/12\/TweetDeck_-_2015-11-04_06-56-22.png\"\n\t\t\t\t\t\t data-link=\"http:\/\/5.45.101.177\/haut-allier\/usagers-transportse\/index.php\/2015\/12\/18\/eboulement-rd40-ligne-du-train251\/attachment-tweetdeck_-_2015-11-04_06-56-22-png\/\"\n\t\t\t\t\t\t class=\"wp-image-1615\" \/>\n\t\t\t\t<\/figure>\n\t\t\t<\/li>\n\t\t\t<li class=\"blocks-gallery-item\">\n\t\t\t\t<figure>\n\t\t\t\t\t\t\t\t\t\t\t<img loading=\"lazy\" decoding=\"async\" width=\"800\" height=\"450\" src=\"http:\/\/5.45.101.177\/haut-allier\/usagers-transportse\/wp-content\/uploads\/2015\/12\/alleyras-capitale-info-20nov2015-on-coupe-rubane-02.jpg\"\n\t\t\t\t\t\t alt=\"alleyras-capitale-info-20nov2015-on-coupe-rubane-02.jpg\"\n\t\t\t\t\t\t data-id=\"1660\"\n\t\t\t\t\t\t data-full-url=\"http:\/\/5.45.101.177\/haut-allier\/usagers-transportse\/wp-content\/uploads\/2015\/12\/alleyras-capitale-info-20nov2015-on-coupe-rubane-02.jpg\"\n\t\t\t\t\t\t data-link=\"http:\/\/5.45.101.177\/haut-allier\/usagers-transportse\/attachment-alleyras-capitale-info-20nov2015-on-coupe-rubane-02-jpg\/\"\n\t\t\t\t\t\t class=\"wp-image-1660\" srcset=\"https:\/\/usagers-transports.haut-allier.eu\/wp-content\/uploads\/2015\/12\/alleyras-capitale-info-20nov2015-on-coupe-rubane-02.jpg 800w, https:\/\/usagers-transports.haut-allier.eu\/wp-content\/uploads\/2015\/12\/alleyras-capitale-info-20nov2015-on-coupe-rubane-02-300x169.jpg 300w, https:\/\/usagers-transports.haut-allier.eu\/wp-content\/uploads\/2015\/12\/alleyras-capitale-info-20nov2015-on-coupe-rubane-02-768x432.jpg 768w\" sizes=\"auto, (max-width: 800px) 100vw, 800px\" \/>\n\t\t\t\t<\/figure>\n\t\t\t<\/li>\n\t\t\t<li class=\"blocks-gallery-item\">\n\t\t\t\t<figure>\n\t\t\t\t\t\t\t\t\t\t\t<img loading=\"lazy\" decoding=\"async\" width=\"800\" height=\"450\" src=\"http:\/\/5.45.101.177\/haut-allier\/usagers-transportse\/wp-content\/uploads\/2015\/12\/alleyras-capitale-info-20nov2015-on-coupe-rubane-03.jpg\"\n\t\t\t\t\t\t alt=\"alleyras-capitale-info-20nov2015-on-coupe-rubane-03.jpg\"\n\t\t\t\t\t\t data-id=\"1661\"\n\t\t\t\t\t\t data-full-url=\"http:\/\/5.45.101.177\/haut-allier\/usagers-transportse\/wp-content\/uploads\/2015\/12\/alleyras-capitale-info-20nov2015-on-coupe-rubane-03.jpg\"\n\t\t\t\t\t\t data-link=\"http:\/\/5.45.101.177\/haut-allier\/usagers-transportse\/attachment-alleyras-capitale-info-20nov2015-on-coupe-rubane-03-jpg\/\"\n\t\t\t\t\t\t class=\"wp-image-1661\" srcset=\"https:\/\/usagers-transports.haut-allier.eu\/wp-content\/uploads\/2015\/12\/alleyras-capitale-info-20nov2015-on-coupe-rubane-03.jpg 800w, https:\/\/usagers-transports.haut-allier.eu\/wp-content\/uploads\/2015\/12\/alleyras-capitale-info-20nov2015-on-coupe-rubane-03-300x169.jpg 300w, https:\/\/usagers-transports.haut-allier.eu\/wp-content\/uploads\/2015\/12\/alleyras-capitale-info-20nov2015-on-coupe-rubane-03-768x432.jpg 768w\" sizes=\"auto, (max-width: 800px) 100vw, 800px\" \/>\n\t\t\t\t<\/figure>\n\t\t\t<\/li>\n\t\t\t<li class=\"blocks-gallery-item\">\n\t\t\t\t<figure>\n\t\t\t\t\t\t\t\t\t\t\t<img loading=\"lazy\" decoding=\"async\" width=\"800\" height=\"583\" src=\"http:\/\/5.45.101.177\/haut-allier\/usagers-transportse\/wp-content\/uploads\/2015\/12\/alleyras-capitale-info-20nov2015-on-coupe-rubane-04.jpg\"\n\t\t\t\t\t\t alt=\"alleyras-capitale-info-20nov2015-on-coupe-rubane-04.jpg\"\n\t\t\t\t\t\t data-id=\"1662\"\n\t\t\t\t\t\t data-full-url=\"http:\/\/5.45.101.177\/haut-allier\/usagers-transportse\/wp-content\/uploads\/2015\/12\/alleyras-capitale-info-20nov2015-on-coupe-rubane-04.jpg\"\n\t\t\t\t\t\t data-link=\"http:\/\/5.45.101.177\/haut-allier\/usagers-transportse\/attachment-alleyras-capitale-info-20nov2015-on-coupe-rubane-04-jpg\/\"\n\t\t\t\t\t\t class=\"wp-image-1662\" srcset=\"https:\/\/usagers-transports.haut-allier.eu\/wp-content\/uploads\/2015\/12\/alleyras-capitale-info-20nov2015-on-coupe-rubane-04.jpg 800w, https:\/\/usagers-transports.haut-allier.eu\/wp-content\/uploads\/2015\/12\/alleyras-capitale-info-20nov2015-on-coupe-rubane-04-300x219.jpg 300w, https:\/\/usagers-transports.haut-allier.eu\/wp-content\/uploads\/2015\/12\/alleyras-capitale-info-20nov2015-on-coupe-rubane-04-768x560.jpg 768w\" sizes=\"auto, (max-width: 800px) 100vw, 800px\" \/>\n\t\t\t\t<\/figure>\n\t\t\t<\/li>\n\t\t\t<li class=\"blocks-gallery-item\">\n\t\t\t\t<figure>\n\t\t\t\t\t\t\t\t\t\t\t<img loading=\"lazy\" decoding=\"async\" width=\"800\" height=\"389\" src=\"http:\/\/5.45.101.177\/haut-allier\/usagers-transportse\/wp-content\/uploads\/2015\/12\/Nimes_le_bout_du_tunnel_en_vue_pour_la_ligne_des_Cevennes_-_2015-09-11_07-16-46-w.jpg\"\n\t\t\t\t\t\t alt=\"Nimes_le_bout_du_tunnel_en_vue_pour_la_ligne_des_Cevennes_-_2015-09-11_07-16-46-w.jpg\"\n\t\t\t\t\t\t data-id=\"1609\"\n\t\t\t\t\t\t data-full-url=\"http:\/\/5.45.101.177\/haut-allier\/usagers-transportse\/wp-content\/uploads\/2015\/12\/Nimes_le_bout_du_tunnel_en_vue_pour_la_ligne_des_Cevennes_-_2015-09-11_07-16-46-w.jpg\"\n\t\t\t\t\t\t data-link=\"http:\/\/5.45.101.177\/haut-allier\/usagers-transportse\/index.php\/2015\/12\/18\/eboulement-rd40-ligne-du-train251\/attachment-nimes_le_bout_du_tunnel_en_vue_pour_la_ligne_des_cevennes_-_2015-09-11_07-16-46-w-jpg\/\"\n\t\t\t\t\t\t class=\"wp-image-1609\" srcset=\"https:\/\/usagers-transports.haut-allier.eu\/wp-content\/uploads\/2015\/12\/Nimes_le_bout_du_tunnel_en_vue_pour_la_ligne_des_Cevennes_-_2015-09-11_07-16-46-w.jpg 800w, https:\/\/usagers-transports.haut-allier.eu\/wp-content\/uploads\/2015\/12\/Nimes_le_bout_du_tunnel_en_vue_pour_la_ligne_des_Cevennes_-_2015-09-11_07-16-46-w-300x146.jpg 300w, https:\/\/usagers-transports.haut-allier.eu\/wp-content\/uploads\/2015\/12\/Nimes_le_bout_du_tunnel_en_vue_pour_la_ligne_des_Cevennes_-_2015-09-11_07-16-46-w-768x373.jpg 768w\" sizes=\"auto, (max-width: 800px) 100vw, 800px\" \/>\n\t\t\t\t<\/figure>\n\t\t\t<\/li>\n\t\t\t<li class=\"blocks-gallery-item\">\n\t\t\t\t<figure>\n\t\t\t\t\t\t\t\t\t\t\t<img loading=\"lazy\" decoding=\"async\" width=\"800\" height=\"450\" src=\"http:\/\/5.45.101.177\/haut-allier\/usagers-transportse\/wp-content\/uploads\/2015\/12\/usagers-transports-haut-allier-eu-18dec2015-00.jpg\"\n\t\t\t\t\t\t alt=\"usagers-transports-haut-allier-eu-18dec2015-00.jpg\"\n\t\t\t\t\t\t data-id=\"1664\"\n\t\t\t\t\t\t data-full-url=\"http:\/\/5.45.101.177\/haut-allier\/usagers-transportse\/wp-content\/uploads\/2015\/12\/usagers-transports-haut-allier-eu-18dec2015-00.jpg\"\n\t\t\t\t\t\t data-link=\"http:\/\/5.45.101.177\/haut-allier\/usagers-transportse\/attachment-usagers-transports-haut-allier-eu-18dec2015-00-jpg\/\"\n\t\t\t\t\t\t class=\"wp-image-1664\" srcset=\"https:\/\/usagers-transports.haut-allier.eu\/wp-content\/uploads\/2015\/12\/usagers-transports-haut-allier-eu-18dec2015-00.jpg 800w, https:\/\/usagers-transports.haut-allier.eu\/wp-content\/uploads\/2015\/12\/usagers-transports-haut-allier-eu-18dec2015-00-300x169.jpg 300w, https:\/\/usagers-transports.haut-allier.eu\/wp-content\/uploads\/2015\/12\/usagers-transports-haut-allier-eu-18dec2015-00-768x432.jpg 768w\" sizes=\"auto, (max-width: 800px) 100vw, 800px\" \/>\n\t\t\t\t<\/figure>\n\t\t\t<\/li>\n\t\t<\/ul>\n\t<\/figure>\n\n<h2 class=\"wp-block-heading\">Documents joints<\/h2>\n\n\n\n<div class=\"wp-block-file\"><a href=\"http:\/\/5.45.101.177\/haut-allier\/usagers-transportse\/wp-content\/uploads\/2015\/12\/usagers-haut-allier-eu-20nov2015-f3auvergne-19h00.mp4\">usagers-haut-allier-eu-20nov2015-f3auvergne-19h00.mp4<\/a><\/div>\n\n\n\n<div class=\"wp-block-file\"><a href=\"http:\/\/5.45.101.177\/haut-allier\/usagers-transportse\/wp-content\/uploads\/2015\/12\/usagers-haut-allier-eu-20nov2015-on-lit-la-plaque.mp4\">usagers-haut-allier-eu-20nov2015-on-lit-la-plaque.mp4<\/a><\/div>\n\n\n\n<div class=\"wp-block-file\"><a href=\"http:\/\/5.45.101.177\/haut-allier\/usagers-transportse\/wp-content\/uploads\/2015\/12\/usagers-haut-allier-eu-21nov2015-patrice-vincent-itw.mp3\">usagers-haut-allier-eu-21nov2015-patrice-vincent-itw.mp3<\/a><\/div>\n\n\n","protected":false},"excerpt":{"rendered":"<p>[Suite au piratage de notre site le 15 d\u00e9cembre les images ont disparues. Nous les r\u00e9tablirons petit \u00e0<\/p>\n","protected":false},"author":1,"featured_media":1609,"comment_status":"closed","ping_status":"open","sticky":false,"template":"","format":"standard","meta":{"footnotes":""},"categories":[2],"tags":[],"class_list":["post-251","post","type-post","status-publish","format-standard","has-post-thumbnail","hentry","category-infos"],"_links":{"self":[{"href":"https:\/\/usagers-transports.haut-allier.eu\/index.php\/wp-json\/wp\/v2\/posts\/251","targetHints":{"allow":["GET"]}}],"collection":[{"href":"https:\/\/usagers-transports.haut-allier.eu\/index.php\/wp-json\/wp\/v2\/posts"}],"about":[{"href":"https:\/\/usagers-transports.haut-allier.eu\/index.php\/wp-json\/wp\/v2\/types\/post"}],"author":[{"embeddable":true,"href":"https:\/\/usagers-transports.haut-allier.eu\/index.php\/wp-json\/wp\/v2\/users\/1"}],"replies":[{"embeddable":true,"href":"https:\/\/usagers-transports.haut-allier.eu\/index.php\/wp-json\/wp\/v2\/comments?post=251"}],"version-history":[{"count":2,"href":"https:\/\/usagers-transports.haut-allier.eu\/index.php\/wp-json\/wp\/v2\/posts\/251\/revisions"}],"predecessor-version":[{"id":1666,"href":"https:\/\/usagers-transports.haut-allier.eu\/index.php\/wp-json\/wp\/v2\/posts\/251\/revisions\/1666"}],"wp:featuredmedia":[{"embeddable":true,"href":"https:\/\/usagers-transports.haut-allier.eu\/index.php\/wp-json\/wp\/v2\/media\/1609"}],"wp:attachment":[{"href":"https:\/\/usagers-transports.haut-allier.eu\/index.php\/wp-json\/wp\/v2\/media?parent=251"}],"wp:term":[{"taxonomy":"category","embeddable":true,"href":"https:\/\/usagers-transports.haut-allier.eu\/index.php\/wp-json\/wp\/v2\/categories?post=251"},{"taxonomy":"post_tag","embeddable":true,"href":"https:\/\/usagers-transports.haut-allier.eu\/index.php\/wp-json\/wp\/v2\/tags?post=251"}],"curies":[{"name":"wp","href":"https:\/\/api.w.org\/{rel}","templated":true}]}}