{"id":252,"date":"2015-11-03T17:37:25","date_gmt":"2015-11-03T16:37:25","guid":{"rendered":"http:\/\/5.45.101.177\/haut-allier\/usagers-transportse\/index.php\/2015\/11\/03\/ligne-du-train-cevenol-gare-de252\/"},"modified":"2015-11-03T17:37:25","modified_gmt":"2015-11-03T16:37:25","slug":"ligne-du-train-cevenol-gare-de252","status":"publish","type":"post","link":"https:\/\/usagers-transports.haut-allier.eu\/index.php\/2015\/11\/03\/ligne-du-train-cevenol-gare-de252\/","title":{"rendered":"Ligne du train C\u00e9venol : gare de Villefort le guichet est enfin rouvert"},"content":{"rendered":"<p><em>Nous reproduisons le communiqu\u00e9 des amis du collectif citoyen de Villefort :<\/em><br \/>\n&nbsp;<\/p>\n<p>[(<br \/>\nLe guichet SNCF de Villefort enfin rouvert.<br \/>\n&nbsp;<br \/>\nLa SNCF avait ferm\u00e9 au 1\/1\/2015 trois guichets de la ligne des C\u00e9vennes. A la suite d&rsquo;une forte mobilisation des citoyens et des \u00e9lus locaux le guichet de G\u00e9nolhac a rouvert en d\u00e9but d&rsquo;\u00e9t\u00e9 et ceux de La Grand&rsquo;Combe et de Villefort viennent de rouvrir ce lundi 2 novembre.<br \/>\n&nbsp;<br \/>\nA Villefort le Collectif citoyen pour la r\u00e9ouverture du Guichet SNCF a organis\u00e9, avec la participation de la mairie, un \u00ab pot \u00bb \u00e0 la gare pour saluer cet \u00e9v\u00e9nement.<br \/>\n&nbsp;<br \/>\nCitoyens, \u00e9lus locaux, avec une d\u00e9l\u00e9gation du Comit\u00e9 de d\u00e9fense des services publics et des usagers en Hautes C\u00e9vennes, se sont rassembl\u00e9s \u00e0 cette occasion.<br \/>\n&nbsp;<br \/>\nDeux br\u00e8ves prises de parole par des membres du Collectif ont invit\u00e9 la population \u00e0 prendre le train et \u00e0 utiliser ce guichet pour prendre les billets, elles ont soulign\u00e9 le chemin parcouru pour arriver \u00e0 cette r\u00e9ouverture. C&rsquo;est en s&rsquo;y mettant \u00e0 tous, citoyens, \u00e9lus locaux, que l&rsquo;on a r\u00e9ussi \u00e0 porter un coup d&rsquo;arr\u00eat au processus d&rsquo;asphyxie de la ligne engag\u00e9 par la SNCF.<br \/>\n&nbsp;<br \/>\nPour autant la bataille doit continuer car la SNCF n&rsquo;a pas renonc\u00e9 \u00e0 son projet, il suffit pour s&rsquo;en convaincre de voir avec quelle bonne volont\u00e9 la SNCF a recul\u00e9 : horaires d&rsquo;ouverture quasi ridicules (6h15-10h15 et rien le week-end) et une soi-disant \u00ab exp\u00e9rimentation \u00bb de 18 mois dont on voit bien venir la conclusion&#8230; Exp\u00e9rimentation sans doute fond\u00e9e sur l&rsquo;observation du chiffre d&rsquo;affaires alors que ce crit\u00e8re n&rsquo;est pas pertinent quand il s&rsquo;agit d&rsquo;un service public essentiel en milieu rural.<br \/>\n&nbsp;<br \/>\nLe collectif va s&rsquo;adresser aux candidats de Loz\u00e8re aux r\u00e9gionales et leur demander de s&rsquo;engager sur :<br \/>\n&nbsp;<br \/>\n&#8211; des horaires d&rsquo;ouverture d\u00e9cents (matin et apr\u00e8s midi, week-end compris)<br \/>\n&nbsp;<br \/>\n&#8211; la p\u00e9rennit\u00e9 de l&rsquo;ouverture du guichet (abandon de cette notion d&rsquo;exp\u00e9rimentation)<br \/>\n&nbsp;<br \/>\n&#8211; le maintien du statut de TET du C\u00e9venol<br \/>\n&nbsp;<\/p>\n<p>Les deux premiers points \u00e9tant sp\u00e9cifiquement de la comp\u00e9tence du Conseil R\u00e9gional, le troisi\u00e8me relevant de celle de l\u2019\u00c9tat. Nous publierons leur r\u00e9ponse ou bien leur absence de r\u00e9ponse.<br \/>\n&nbsp;<br \/>\nDe plus, une d\u00e9l\u00e9gation du collectif sera re\u00e7ue par le Pr\u00e9fet de Loz\u00e8re le 9 novembre, elle lui demandera d&rsquo;appuyer ces trois demandes.<br \/>\n&nbsp;<br \/>\nIl est pr\u00e9vu de se retrouver au d\u00e9but du printemps pour faire le point, et envisager d&rsquo;autres initiatives.<br \/>\n&nbsp;<br \/>\nLe collectif sera dor\u00e9navant nomm\u00e9 collectif citoyen pour la d\u00e9fense de la gare de Villefort.<br \/>\n&nbsp;<br \/>\n<img decoding=\"async\" src=\"IMG\/jpg\/collectifvillefort1.jpg\" alt=\"collectifvillefort1.jpg\" align=\"center\" \/><br \/>\n&nbsp;<br \/>\n<img decoding=\"async\" src=\"IMG\/jpg\/collectifvillefort2.jpg\" alt=\"collectifvillefort2.jpg\" align=\"center\" \/><br \/>\n&nbsp;<br \/>\n)]<\/p>\n","protected":false},"excerpt":{"rendered":"<p>Nous reproduisons le communiqu\u00e9 des amis du collectif citoyen de Villefort : &nbsp; [( Le guichet SNCF de<\/p>\n","protected":false},"author":1,"featured_media":0,"comment_status":"closed","ping_status":"open","sticky":false,"template":"","format":"standard","meta":{"footnotes":""},"categories":[3],"tags":[],"class_list":["post-252","post","type-post","status-publish","format-standard","hentry","category-en-train"],"_links":{"self":[{"href":"https:\/\/usagers-transports.haut-allier.eu\/index.php\/wp-json\/wp\/v2\/posts\/252","targetHints":{"allow":["GET"]}}],"collection":[{"href":"https:\/\/usagers-transports.haut-allier.eu\/index.php\/wp-json\/wp\/v2\/posts"}],"about":[{"href":"https:\/\/usagers-transports.haut-allier.eu\/index.php\/wp-json\/wp\/v2\/types\/post"}],"author":[{"embeddable":true,"href":"https:\/\/usagers-transports.haut-allier.eu\/index.php\/wp-json\/wp\/v2\/users\/1"}],"replies":[{"embeddable":true,"href":"https:\/\/usagers-transports.haut-allier.eu\/index.php\/wp-json\/wp\/v2\/comments?post=252"}],"version-history":[{"count":0,"href":"https:\/\/usagers-transports.haut-allier.eu\/index.php\/wp-json\/wp\/v2\/posts\/252\/revisions"}],"wp:attachment":[{"href":"https:\/\/usagers-transports.haut-allier.eu\/index.php\/wp-json\/wp\/v2\/media?parent=252"}],"wp:term":[{"taxonomy":"category","embeddable":true,"href":"https:\/\/usagers-transports.haut-allier.eu\/index.php\/wp-json\/wp\/v2\/categories?post=252"},{"taxonomy":"post_tag","embeddable":true,"href":"https:\/\/usagers-transports.haut-allier.eu\/index.php\/wp-json\/wp\/v2\/tags?post=252"}],"curies":[{"name":"wp","href":"https:\/\/api.w.org\/{rel}","templated":true}]}}