{"id":253,"date":"2015-11-08T23:03:16","date_gmt":"2015-11-08T22:03:16","guid":{"rendered":"http:\/\/5.45.101.177\/haut-allier\/usagers-transportse\/index.php\/2015\/11\/08\/quand-la-sncf-veut-pas-elle-veut253\/"},"modified":"2015-11-08T23:03:16","modified_gmt":"2015-11-08T22:03:16","slug":"quand-la-sncf-veut-pas-elle-veut253","status":"publish","type":"post","link":"https:\/\/usagers-transports.haut-allier.eu\/index.php\/2015\/11\/08\/quand-la-sncf-veut-pas-elle-veut253\/","title":{"rendered":"Quand la SNCF veut pas elle veut pas : dans l&rsquo;Aude"},"content":{"rendered":"<p>Et tous les pr\u00e9textes sont bons, l\u00e0 dans ce cas c&rsquo;est : on n&rsquo;a pas assez de personnel. Car tout est pr\u00eat pour la r\u00e9novation de la ligne Carcassonne Quillan, financements y compris.<br \/>\n&nbsp;<br \/>\nUne bien belle soci\u00e9t\u00e9 dite ferroviaire tr\u00e8s pr\u00e9sente quand il s&rsquo;agit de tuer toute activit\u00e9 en zone rurale.<br \/>\n&nbsp;<br \/>\nLe script du sujet de France 3 Languedoc Roussillon du 6 novembre 2015 \u00e0 19h00 :<br \/>\n&nbsp;<br \/>\n[(<br \/>\nPelles et pioches en main environ cinquante personnes ont manifest\u00e9 ce matin \u00e0 Limoux, elles demandent le lancement des travaux de r\u00e9novation de la voie ferr\u00e9e, le financement est boucl\u00e9, mais R\u00e9seau ferr\u00e9 de France reporte le chantier en raison d&rsquo;un manque de personnel.<br \/>\n&nbsp;<br \/>\nA force d&rsquo;attendre les \u00e9lus et les usagers de la ligne ferroviaire Carcassonne \u2013 Quillan ont d\u00e9cid\u00e9 de faire eux m\u00eame les travaux.<br \/>\n&nbsp;<br \/>\nYvan Efratas, d\u00e9fenseur de la ligne Carcassonne &#8211; Quillan :<br \/>\n<strong>\u00ab\u00a0Je suis en train de d\u00e9sherber la voie de chemin de fer pour prouver \u00e0 la SNCF qu&rsquo;il y a assez de travailleurs dispos\u00e9s \u00e0 faire les travaux\u00a0!\u00a0\u00bb<\/strong><br \/>\n&nbsp;<br \/>\nUne action symbolique pour un combat vieux de sept ans maintenant. L&rsquo;association de d\u00e9fense de cette ligne ferroviaire a obtenu une enveloppe de onze millions d&rsquo;euros pour financer le chantier de r\u00e9novation. Des travaux qui ont sans cesse \u00e9t\u00e9 report\u00e9s, d&rsquo;abord en 2008, puis en 2014, pourtant sur les rails rien n&rsquo;a boug\u00e9.<br \/>\n&nbsp;<br \/>\nMarie-Ange Larruy, membre association Ligne Carcassonne \u2013 Quillan :<br \/>\n<strong>\u00ab\u00a0On est l\u00e0 pour dire que il y en a mare, qu&rsquo;on souhaite que \u00e7a commence le plus t\u00f4t possible, c&rsquo;est \u00e0 dire on souhaiterai que les travaux soient fait en 2016 parce que bon pour l&rsquo;avenir on sait pas trop ce que \u00e7a va donner.\u00a0\u00bb<\/strong><br \/>\n&nbsp;<br \/>\nEntre temps la ligne vieilli et se d\u00e9grade de plus en plus. Difficile d&rsquo;imaginer ce que seront les priorit\u00e9s de r\u00e9seau ferr\u00e9 de France, a situation financi\u00e8re de l&rsquo;Etat et de la nouvelle r\u00e9gion dans trois ans, nouvelle ann\u00e9e retenue pour lancer les travaux.<br \/>\n&nbsp;<br \/>\nPatrick Bacot, pr\u00e9sident association de d\u00e9fense ligne Carcassonne &#8211; Quillan :<br \/>\n<strong>\u00ab\u00a0On a vu en 2008 le chantier nous filer entre les mains et partir dans les PO, voil\u00e0 ce qu&rsquo;on craint, et bien sur la mobilisation aujourd&rsquo;hui c&rsquo;est pour dire et faire entendre \u00e0 tout le monde nous sommes mobilis\u00e9s, extr\u00eamement mobilis\u00e9s vous nous ferez pas le coup\u00a0!\u00a0\u00bb<\/strong><br \/>\n&nbsp;<br \/>\nChaque jour 750 usagers empruntent cette ligne, elle joue aussi un r\u00f4le important pour le d\u00e9veloppement et l&rsquo;\u00e9conomie de la haute vall\u00e9e de l&rsquo;Aude.<br \/>\n)]<br \/>\n&nbsp;<br \/>\n<iframe loading=\"lazy\" width=\"544\" height=\"306\" src=\"\/\/embedftv-a.akamaihd.net\/?ue=99359de1e61c85ce290c477215400333\" frameborder=\"0\" scrolling=\"no\"><\/iframe><br \/><a href=\"http:\/\/france3-regions.francetvinfo.fr\/languedoc-roussillon\/aude\/carcassonne\/manifestation-limoux-pour-l-acceleration-des-travaux-de-la-ligne-carcassonne-quillan-846257.html\" target=\"_blank\"><\/a><\/p>\n","protected":false},"excerpt":{"rendered":"<p>Et tous les pr\u00e9textes sont bons, l\u00e0 dans ce cas c&rsquo;est : on n&rsquo;a pas assez de personnel.<\/p>\n","protected":false},"author":1,"featured_media":0,"comment_status":"closed","ping_status":"open","sticky":false,"template":"","format":"standard","meta":{"footnotes":""},"categories":[3],"tags":[],"class_list":["post-253","post","type-post","status-publish","format-standard","hentry","category-en-train"],"_links":{"self":[{"href":"https:\/\/usagers-transports.haut-allier.eu\/index.php\/wp-json\/wp\/v2\/posts\/253","targetHints":{"allow":["GET"]}}],"collection":[{"href":"https:\/\/usagers-transports.haut-allier.eu\/index.php\/wp-json\/wp\/v2\/posts"}],"about":[{"href":"https:\/\/usagers-transports.haut-allier.eu\/index.php\/wp-json\/wp\/v2\/types\/post"}],"author":[{"embeddable":true,"href":"https:\/\/usagers-transports.haut-allier.eu\/index.php\/wp-json\/wp\/v2\/users\/1"}],"replies":[{"embeddable":true,"href":"https:\/\/usagers-transports.haut-allier.eu\/index.php\/wp-json\/wp\/v2\/comments?post=253"}],"version-history":[{"count":0,"href":"https:\/\/usagers-transports.haut-allier.eu\/index.php\/wp-json\/wp\/v2\/posts\/253\/revisions"}],"wp:attachment":[{"href":"https:\/\/usagers-transports.haut-allier.eu\/index.php\/wp-json\/wp\/v2\/media?parent=253"}],"wp:term":[{"taxonomy":"category","embeddable":true,"href":"https:\/\/usagers-transports.haut-allier.eu\/index.php\/wp-json\/wp\/v2\/categories?post=253"},{"taxonomy":"post_tag","embeddable":true,"href":"https:\/\/usagers-transports.haut-allier.eu\/index.php\/wp-json\/wp\/v2\/tags?post=253"}],"curies":[{"name":"wp","href":"https:\/\/api.w.org\/{rel}","templated":true}]}}