{"id":254,"date":"2015-11-10T05:54:02","date_gmt":"2015-11-10T04:54:02","guid":{"rendered":"http:\/\/5.45.101.177\/haut-allier\/usagers-transportse\/index.php\/2015\/11\/10\/ligne-du-train-cevenol-la-gare-d254\/"},"modified":"2015-11-10T05:54:02","modified_gmt":"2015-11-10T04:54:02","slug":"ligne-du-train-cevenol-la-gare-d254","status":"publish","type":"post","link":"https:\/\/usagers-transports.haut-allier.eu\/index.php\/2015\/11\/10\/ligne-du-train-cevenol-la-gare-d254\/","title":{"rendered":"Ligne du train C\u00e9venol : la gare d&rsquo;Arles ray\u00e9e de la carte ?"},"content":{"rendered":"<p>C&rsquo;est ce que redoute l&rsquo;association d&rsquo;usagers ADUGARE, association des usagers de la gare d&rsquo;Arles et de sa r\u00e9gion.<br \/>\n&nbsp;<br \/>\nLa politique actuelle de la SNCF ne tue pas que les zones rurales et de montagne, elle s&rsquo;en prend aussi aux villes moyennes, exemple Arles dont on voit le service se d\u00e9grader d&rsquo;ann\u00e9e en ann\u00e9e. L\u00e0 il s&rsquo;agit de ne plus y faire arr\u00eater les trains Intercit\u00e9s qui repr\u00e9sentent pas moins de 12 arr\u00eats par jour !<br \/>\n&nbsp;<br \/>\nEt cela avait commenc\u00e9 bien entendu avec la suppression du passage de l&rsquo;IC Le C\u00e9venol qui proposait Paris Clermont-Ferrand Marseille d&rsquo;un seul trait par le massif central, au m\u00e9pris des conventions pass\u00e9es avec l&rsquo;\u00e9tat, au m\u00e9pris des territoires travers\u00e9s, au m\u00e9pris des \u00e9lus et des usagers.<br \/>\n&nbsp;<br \/>\nPlus que jamais, et c&rsquo;est le cas nous le savons, la r\u00e9gion PACA doit \u00eatre associ\u00e9e aux d\u00e9marches pour le r\u00e9tablissement et le d\u00e9veloppement de l&rsquo;axe Marseille Clermont-Ferrand via Arles, N\u00eemes et Al\u00e8s.<br \/>\n&nbsp;<br \/>\nCela continue de plus belle avec la pr\u00e9f\u00e9rence par la SNCF de la ligne Miramas Avignon Centre puis Avignon TGV via Salon et Cavaillon, et l&rsquo;abandon de l&rsquo;axe direct Marseille N\u00eemes Montpellier. On le voit se dessiner depuis longtemps.<br \/>\n&nbsp;<br \/>\nLes usagers n&rsquo;en peuvent plus de cette gestion aveugle par l&rsquo;argent, par le seul int\u00e9r\u00eat financier, des moyens de transports cens\u00e9s desservir tous les territoires d&rsquo;une mani\u00e8re \u00e9galitaire. Sans la p\u00e9rennisation d&rsquo;un traitement \u00e9quitable des pays et des r\u00e9gions, c&rsquo;est tout l&rsquo;int\u00e9r\u00eat de vivre dans un pays autrefois \u00e9quilibr\u00e9 qui se d\u00e9lite, et ce sera irr\u00e9m\u00e9diablement l&rsquo;arriv\u00e9e ou l&rsquo;accentuation des grandes crises que l&rsquo;on conna\u00eet, avec la pr\u00e9cipitation des citoyens d\u00e9gout\u00e9s dans les bras de l&rsquo;extr\u00eame. Honte \u00e0 nos gestionnaires frileux sans vision qui ne jurent que par les truqu\u00e9es statistiques. On y va, dans le trou.<br \/>\n&nbsp;<br \/>\nUne p\u00e9tition a \u00e9t\u00e9 mise en ligne par ADUGARE <a href=\"https:\/\/secure.avaaz.org\/fr\/petition\/SNCF_Sauvons_notre_Gare_dArles_et_ses_12_trains_intercites\/?tIBMEdb\">ici<\/a>.<br \/>\n&nbsp;<br \/>\nL&rsquo;article \u00e0 lire de La Provence du 10 novembre : <a href=\"http:\/\/www.laprovence.com\/article\/actualites\/3660105\/trains-intercites-la-gare-darles-rayee-de-la-carte.html\">Trains intercit\u00e9s \/ la gare d&rsquo;Arles ray\u00e9e de la carte ?<\/a><br \/>\n&nbsp;<br \/>\n<img decoding=\"async\" src=\"IMG\/jpg\/20151109_150dpi.jpg\" alt=\"20151109_150dpi.jpg\" align=\"center\" \/><br \/>\n&nbsp;<\/p>\n","protected":false},"excerpt":{"rendered":"<p>C&rsquo;est ce que redoute l&rsquo;association d&rsquo;usagers ADUGARE, association des usagers de la gare d&rsquo;Arles et de sa r\u00e9gion.<\/p>\n","protected":false},"author":1,"featured_media":0,"comment_status":"closed","ping_status":"open","sticky":false,"template":"","format":"standard","meta":{"footnotes":""},"categories":[3],"tags":[],"class_list":["post-254","post","type-post","status-publish","format-standard","hentry","category-en-train"],"_links":{"self":[{"href":"https:\/\/usagers-transports.haut-allier.eu\/index.php\/wp-json\/wp\/v2\/posts\/254","targetHints":{"allow":["GET"]}}],"collection":[{"href":"https:\/\/usagers-transports.haut-allier.eu\/index.php\/wp-json\/wp\/v2\/posts"}],"about":[{"href":"https:\/\/usagers-transports.haut-allier.eu\/index.php\/wp-json\/wp\/v2\/types\/post"}],"author":[{"embeddable":true,"href":"https:\/\/usagers-transports.haut-allier.eu\/index.php\/wp-json\/wp\/v2\/users\/1"}],"replies":[{"embeddable":true,"href":"https:\/\/usagers-transports.haut-allier.eu\/index.php\/wp-json\/wp\/v2\/comments?post=254"}],"version-history":[{"count":0,"href":"https:\/\/usagers-transports.haut-allier.eu\/index.php\/wp-json\/wp\/v2\/posts\/254\/revisions"}],"wp:attachment":[{"href":"https:\/\/usagers-transports.haut-allier.eu\/index.php\/wp-json\/wp\/v2\/media?parent=254"}],"wp:term":[{"taxonomy":"category","embeddable":true,"href":"https:\/\/usagers-transports.haut-allier.eu\/index.php\/wp-json\/wp\/v2\/categories?post=254"},{"taxonomy":"post_tag","embeddable":true,"href":"https:\/\/usagers-transports.haut-allier.eu\/index.php\/wp-json\/wp\/v2\/tags?post=254"}],"curies":[{"name":"wp","href":"https:\/\/api.w.org\/{rel}","templated":true}]}}