{"id":255,"date":"2015-12-06T02:04:00","date_gmt":"2015-12-06T01:04:00","guid":{"rendered":"http:\/\/5.45.101.177\/haut-allier\/usagers-transportse\/index.php\/2015\/12\/06\/regionales-lettre-ouverte-aux255\/"},"modified":"2015-12-06T02:04:00","modified_gmt":"2015-12-06T01:04:00","slug":"regionales-lettre-ouverte-aux255","status":"publish","type":"post","link":"https:\/\/usagers-transports.haut-allier.eu\/index.php\/2015\/12\/06\/regionales-lettre-ouverte-aux255\/","title":{"rendered":"R\u00e9gionales : lettre ouverte aux candidats sur l&rsquo;avenir du train dans le massif central [3 r\u00e9ponses sur 10]"},"content":{"rendered":"<p>Malgr\u00e9 nos relances quotidiennes seuls 3 candidats, Dominique Reyni\u00e9, G\u00e9rard Onesta et Jean-Charles Kohlhaas ont daign\u00e9 r\u00e9pondre \u00e0 la lettre des 4 groupes de d\u00e9fense d&rsquo;utilisateurs des transports publics en milieu rural et de montagne. Les r\u00e9ponses sont affich\u00e9es en bas d&rsquo;article.<br \/>\n&nbsp;<\/p>\n<p>[(<strong>Bien entendu devant ces silences m\u00e9prisants et d\u00e9lib\u00e9r\u00e9s les usagers tireront toutes les cons\u00e9quences pour leur \u00e9ventuel vote des 6 et 13 d\u00e9cembre.<\/strong>)]<\/p>\n<p>&nbsp;<br \/>\n<strong>Par contre on fait les beaux sur Twitter<\/strong><br \/>\n&nbsp;<br \/>\nCa \u00e9vite de r\u00e9pondre aux dossiers et surtout \u00e7a brasse de l&rsquo;air pour rien. Avec photos svp. Ils sont tr\u00e8s pr\u00e9sents \u00e0 tweetter et retweeter, \u00e0 invectiver, \u00e0 s&rsquo;autoglorifier, \u00e0 remercier&#8230; et ne parlons pas de Facebouk !<br \/>\n<img decoding=\"async\" src=\"IMG\/png\/TweetDeck_-_2015-12-06_06-39-48.png\" alt=\"TweetDeck_-_2015-12-06_06-39-48.png\" align=\"center\" \/><br \/>\n<img decoding=\"async\" src=\"IMG\/png\/TweetDeck_-_2015-12-06_06-41-03.png\" alt=\"TweetDeck_-_2015-12-06_06-41-03.png\" align=\"center\" \/><br \/>\n<img decoding=\"async\" src=\"IMG\/png\/TweetDeck_-_2015-12-06_06-43-14.png\" alt=\"TweetDeck_-_2015-12-06_06-43-14.png\" align=\"center\" \/><br \/>\n<img decoding=\"async\" src=\"IMG\/png\/TweetDeck_-_2015-12-06_06-44-59.png\" alt=\"TweetDeck_-_2015-12-06_06-44-59.png\" align=\"center\" \/><br \/>\n<img decoding=\"async\" src=\"IMG\/png\/TweetDeck_-_2015-12-06_06-46-32.png\" alt=\"TweetDeck_-_2015-12-06_06-46-32.png\" align=\"center\" \/><br \/>\n<img decoding=\"async\" src=\"IMG\/png\/TweetDeck_-_2015-12-06_06-48-47.png\" alt=\"TweetDeck_-_2015-12-06_06-48-47.png\" align=\"center\" \/><br \/>\n&nbsp;<\/p>\n<hr>\n<p>&nbsp;<br \/>\nQuatre organisations du massif central, ind\u00e9pendantes, ont adress\u00e9 ce jour 13 novembre la lettre suivante :<\/p>\n<p>[(<br \/>\nAux candidats \u00e0 la pr\u00e9sidence des r\u00e9gions<br \/>\nLanguedoc Roussillon Midi Pyr\u00e9n\u00e9es<br \/>\nRh\u00f4ne Alpes Auvergne.<\/p>\n<p>Le 13 novembre 2015.<\/p>\n<p>Monsieur, Madame.<\/p>\n<p><strong>Quelle politique comptez-vous conduire pour renouer avec l&rsquo;attractivit\u00e9 du r\u00e9seau ferroviaire qui irrigue le massif central tr\u00e8s menac\u00e9 par les objectifs d&rsquo;une soci\u00e9t\u00e9 dite des chemins de fer fran\u00e7ais qui s&rsquo;en d\u00e9tourne et pr\u00e9f\u00e8re des zones moins rurales et plus juteuses ?<\/strong><\/p>\n<p>Nous sommes impatients de lire votre r\u00e9ponse que nous r\u00e9percuterons aux usagers des transports du quotidien et aux m\u00e9dias.<\/p>\n<p>Avec nos salutations.<\/p>\n<p>Collectif des Usagers des Transports du Haut-Allier<br \/>\n<a href=\"http:\/\/usagers-transports.haut-allier.eu\">http:\/\/usagers-transports.haut-allier.eu<\/a><\/p>\n<p>Association des usagers de la SNCF du Gard et des d\u00e9partements limitrophes<br \/>\n<a href=\"http:\/\/usagerstergard.free.fr\">http:\/\/usagerstergard.free.fr<\/a><\/p>\n<p>Comit\u00e9 de D\u00e9fense des Services Publics et des Usagers dans les Hautes-C\u00e9vennes<br \/>\n<a href=\"http:\/\/servicespublicshautescevennes.over-blog.com\/\">http:\/\/servicespublicshautescevennes.over-blog.com\/<\/a><\/p>\n<p>Collectif citoyen pour la d\u00e9fense de la gare de Villefort<\/p>\n<p>)]<\/p>\n<p>&nbsp;<br \/>\n<a href=\"http:\/\/5.45.101.177\/haut-allier\/usagers-transportse\/wp-content\/uploads\/2015\/12\/lettre-ouverte-aux-candidats-des-regionales-2015-13nov2015-v3.pdf\">lettre-ouverte-aux-candidats-des-regionales-2015-13nov2015-v3.pdf<\/a><br \/>\n&nbsp;<br \/>\n&nbsp;<\/p>\n<p><strong>[R\u00e9ponses]<\/strong><br \/>\n&nbsp;<br \/>\n&#8211; Le 1er d\u00e9cembre <strong>Dominique Reyni\u00e9<\/strong> (Les R\u00e9publicains &#8211; UDI &#8211; Soci\u00e9t\u00e9 Civile &#8211; CPNT &#8211; Mouvement d\u00e9mocrate)(Midi Pyr\u00e9n\u00e9es Languedoc Roussillon) :<br \/>\n&nbsp;<\/p>\n<blockquote><p><em>Concernant votre demande, je vous assure que nous ferons tout pour maintenir les Trains d\u2019Equilibre du Territoire que sont les lignes Clermont-N\u00eemes et Clermont-B\u00e9ziers.<br \/>\n&nbsp;<br \/>\nCes lignes maillant le Massif Central nous paraissent essentiel pour assurer la vie de ces territoires ruraux.<\/em><br \/>\n<\/quote><br \/>\n&nbsp;<br \/>\n&#8211; Le 3 d\u00e9cembre <strong>Jean-Charles Kohlhaas<\/strong> (EELV Front De Gauche Nouvelle Donne NGS )(Rh\u00f4ne-Alpes-Auvergne) :<br \/>\n&nbsp;<\/p>\n<p><quote><br \/>\n<em>Madame, monsieur,<br \/>\n&nbsp;<br \/>\nNous avons bien re\u00e7u votre interpellation en direction des candidats du Rassemblement citoyen, \u00e9cologique et solidaire aux \u00e9lections r\u00e9gionales des 6 et 13 d\u00e9cembre 2015. J\u2019appr\u00e9cie votre d\u00e9marche car c&rsquo;est un sujet que je connais bien et sur lequel je me suis plusieurs fois positionn\u00e9 ces derniers mois, en particulier aupr\u00e8s des militants du C\u00e9venol.<br \/>\n&nbsp;<br \/>\nEn ce qui concerne la ligne des C\u00e9vennes, notre action au conseil r\u00e9gional d\u2019Auvergne Rh\u00f4ne-Alpes, en liaison avec celui du Languedoc Roussillon Midi-Pyr\u00e9n\u00e9es, aura pour objectif, non seulement de renouer avec les meilleurs temps de parcourus des ann\u00e9es 1970, o\u00f9 l&rsquo;autorail panoramique le C\u00e9venol reliait Clermont-Ferrand \u00e0 N\u00eemes en moins de 4h30 (plus de 5 h en 2015), mais de poursuivre la modernisation de la ligne pour obtenir un temps de parcours de 3h45 en relevant les vitesses partout o\u00f9 cela sera possible et, si possible, avec un automoteur pendulaire, de 3h30.<br \/>\n&nbsp;<br \/>\nCes temps de parcours ont \u00e9t\u00e9 calcul\u00e9s sur la base des essais de l&rsquo;automoteur pendulaire effectu\u00e9s en mars 1994 entre Langogne et Al\u00e8s.<br \/>\n&nbsp;<br \/>\nCertes, le montant de la modernisation compl\u00e8te risque d&rsquo;atteindre 300 millions d&rsquo;euros mais elle sera certainement plus utile aux habitants que le projet de LGV Paris-Orl\u00e9ans-Clermont-Ferrand-Lyon qui fait doublon \u00e0 la ligne Lyon-Paris et dont le co\u00fbt global est estim\u00e9 entre 15 et 20 milliards d\u2019euros. La priorit\u00e9 du Rassemblement citoyen, \u00e9cologique et solidaire sera la modernisation de la ligne des C\u00e9vennes.<br \/>\n&nbsp;<br \/>\nLes trains du quotidien sont notre priorit\u00e9, nous pr\u00e9f\u00e9rons nous \u00ab contenter \u00bb de TGV existants et roulant \u00e0 250 km\/h pour permettre l\u2019investissement sur des lignes de desserte r\u00e9gionale.<\/em><br \/>\n&nbsp;<br \/>\n<\/quote><br \/>\n&nbsp;<br \/>\n&#8211; Le 2 d\u00e9cembre <strong>G\u00e9rard Onesta<\/strong> (EELV Front De Gauche Les Citoyens Signataires Le Parti Occitan NGS )(Midi-Pyr\u00e9n\u00e9es Languedoc Roussillon) :<br \/>\n&nbsp;<\/p>\n<p><quote><br \/>\n<em>Madame, monsieur, j\u2019ai bien re\u00e7u votre interpellation en direction des candidat-e-s aux \u00e9lections r\u00e9gionales des 6 et 13 d\u00e9cembre 2015. Je comprends votre d\u00e9marche et votre souci de clart\u00e9 de la part des candidat-e-s qui se pr\u00e9sentent aux suffrages de nos concitoyen-n-e-s. Comme vous l\u2019imaginez il m\u2019est dif\ufb01cile de satisfaire \u00e0 toutes les sollicitations et de r\u00e9pondre \u00e0 l\u2019int\u00e9gralit\u00e9 des questionnaires qui me sont adress\u00e9s, n\u00e9anmoins j\u2019ai tenu \u00e0 prendre le temps de r\u00e9pondre aux interrogations de votre collectif de la mani\u00e8re qui me semble le plus juste et la plus pr\u00e9cise possible.<br \/>\n&nbsp;<br \/>\nEn ce qui concerne la ligne des C\u00e9vennes, notre action au conseil r\u00e9gional LRMP en liaison avec celui de Auvergne Rh\u00f4ne-Alpes aura pour objectif, non seulement de renouer avec les meilleurs temps de parcourus des ann\u00e9es 1970, o\u00f9 l&rsquo;autorail panoramique le C\u00e9venol reliait Clermont-Ferrand \u00e0 N\u00eemes en moins de\u00a0 4h30 (plus de 5 h en 2015), mais de poursuivre la modernisation de la ligne pour obtenir un temps de parcours de 3h45 en relevant les vitesses partout o\u00f9 cela sera possible (140 \u00e0 160 km\/h entre Al\u00e8s et N\u00eemes par exemple) et, si possible, avec un automoteur pendulaire, de 3h30.<br \/>\n&nbsp;<br \/>\nCes temps de parcours ont \u00e9t\u00e9 calcul\u00e9s sur la base des essais de l&rsquo;automoteur pendulaire\u00a0 effectu\u00e9s en mars 1994 entre Langogne et Al\u00e8s. Certes, le montant de la modernisation compl\u00e8te risque d&rsquo;atteindre 300 millions d&rsquo;\u20ac<br \/>\n&nbsp;<br \/>\nMais le cout des quatre inutiles gares \u00ab\u00a0TGV\u00a0\u00bb entre N\u00eemes et Narbonne est<br \/>\n\u00e9valu\u00e9 \u00e0 465 millions d&rsquo;\u20ac<br \/>\n&nbsp;<br \/>\nLa priorit\u00e9 de Nouveau Monde sera la modernisation de la ligne\u00a0 des C\u00e9vennes.<br \/>\n&nbsp;<br \/>\nLes trains du quotidien sont notre priorit\u00e9, nous pr\u00e9f\u00e9rons nous \u00ab\u00a0contenter\u00a0\u00bb de TGV qui rouleraient \u00e0 250 km\/h entre Toulouse et Bordeaux ou Montpellier et Perpignan, en lieu et place des LGV \u00e9voqu\u00e9es, pour permettre l\u2019investissement sur des lignes de desserte r\u00e9gionale.<br \/>\n&nbsp;<br \/>\nJe vous joins \u00e0 ce courrier un article du 1er Octobre qui relate la mobilisation que nous avions mise en place pour d\u00e9noncer la mise en place d\u2019un car en substitution de la ligne du C\u00e9venol.<\/p>\n<p><img decoding=\"async\" src=\"IMG\/jpg\/art01-10-2015.jpg\" alt=\"art01-10-2015.jpg\" align=\"center\" \/><\/p>\n<p><\/em><\/p><\/blockquote>\n<p>&nbsp;<\/p>\n","protected":false},"excerpt":{"rendered":"<p>Malgr\u00e9 nos relances quotidiennes seuls 3 candidats, Dominique Reyni\u00e9, G\u00e9rard Onesta et Jean-Charles Kohlhaas ont daign\u00e9 r\u00e9pondre \u00e0<\/p>\n","protected":false},"author":1,"featured_media":0,"comment_status":"closed","ping_status":"open","sticky":false,"template":"","format":"standard","meta":{"footnotes":""},"categories":[3],"tags":[],"class_list":["post-255","post","type-post","status-publish","format-standard","hentry","category-en-train"],"_links":{"self":[{"href":"https:\/\/usagers-transports.haut-allier.eu\/index.php\/wp-json\/wp\/v2\/posts\/255","targetHints":{"allow":["GET"]}}],"collection":[{"href":"https:\/\/usagers-transports.haut-allier.eu\/index.php\/wp-json\/wp\/v2\/posts"}],"about":[{"href":"https:\/\/usagers-transports.haut-allier.eu\/index.php\/wp-json\/wp\/v2\/types\/post"}],"author":[{"embeddable":true,"href":"https:\/\/usagers-transports.haut-allier.eu\/index.php\/wp-json\/wp\/v2\/users\/1"}],"replies":[{"embeddable":true,"href":"https:\/\/usagers-transports.haut-allier.eu\/index.php\/wp-json\/wp\/v2\/comments?post=255"}],"version-history":[{"count":0,"href":"https:\/\/usagers-transports.haut-allier.eu\/index.php\/wp-json\/wp\/v2\/posts\/255\/revisions"}],"wp:attachment":[{"href":"https:\/\/usagers-transports.haut-allier.eu\/index.php\/wp-json\/wp\/v2\/media?parent=255"}],"wp:term":[{"taxonomy":"category","embeddable":true,"href":"https:\/\/usagers-transports.haut-allier.eu\/index.php\/wp-json\/wp\/v2\/categories?post=255"},{"taxonomy":"post_tag","embeddable":true,"href":"https:\/\/usagers-transports.haut-allier.eu\/index.php\/wp-json\/wp\/v2\/tags?post=255"}],"curies":[{"name":"wp","href":"https:\/\/api.w.org\/{rel}","templated":true}]}}