{"id":257,"date":"2015-12-03T11:33:15","date_gmt":"2015-12-03T10:33:15","guid":{"rendered":"http:\/\/5.45.101.177\/haut-allier\/usagers-transportse\/index.php\/2015\/12\/03\/nouvelle-ligne-de-bus-macron-le257\/"},"modified":"2026-09-01T15:53:30","modified_gmt":"2026-09-01T13:53:30","slug":"nouvelle-ligne-de-bus-macron-le257","status":"publish","type":"post","link":"https:\/\/usagers-transports.haut-allier.eu\/index.php\/2015\/12\/03\/nouvelle-ligne-de-bus-macron-le257\/","title":{"rendered":"Nouvelle ligne de bus Macron : Le Puy en Velay &#8211; Conques (Aveyron)"},"content":{"rendered":"Int\u00e9ressante cette nouvelle ligne \u00ab\u00a0loi Macron\u00a0\u00bb mise en place par le transporteur priv\u00e9 du Puy <a href=\"http:\/\/www.bus-chemin-compostelle.com\/\">Migratour<\/a>. Elle permet en saison, <strong>du 9 avril au 16  octobre<\/strong>, de relier la capitale ponote \u00e0 Conques dans l&rsquo;Aveyron avec un aller retour par jour samedis et dimanches compris.\n&nbsp;\nCroisant l&rsquo;autoroute A 75 \u00e0 Aumont &#8211; Aubrac ainsi que la ligne de chemin de fer Clermont-Ferrand B\u00e9ziers dite du train Aubrac, elle peut permettre aussi des combinaisons de voyage impossibles jusqu&rsquo;\u00e0 pr\u00e9sent. Un p\u00e9riple Lyon Saint-Etienne Le Puy Saugues Aumont-Aubrac puis Millau B\u00e9ziers avec les <a href=\"https:\/\/www.train1euro.fr\/\">TER \u00e0 un euro<\/a> ou bien vers Toulouse.  \n&nbsp;\nLe transporteur indique sur son site que malgr\u00e9 sa d\u00e9nomination le <a href=\"http:\/\/www.bus-chemin-compostelle.com\/\"><em>Compostel&rsquo;Bus<\/em><\/a> n&rsquo;est pas que destin\u00e9e aux marcheurs vers Compostelle mais aussi aux habitants du parcours. On ne peut que plussoyer abondamment lorsqu&rsquo;on connait le pitoyable service de bus qu&rsquo;assure le Conseil d\u00e9partemental entre Saugues et Le Puy en Velay. Il est dommage que cette nouvelle ligne ne soit pas d&rsquo;ailleurs un service public propos\u00e9 par le d\u00e9partement quitte \u00e0 coop\u00e9rer avec celui de l&rsquo;Aveyron. Mais bon. En tous cas bonne initiative qui profitera \u00e0 tous \u00e0 la belle saison.   \n&nbsp;\n<img loading=\"lazy\" decoding=\"async\" class=\" aligncenter size-full wp-image-1672\" src=\"http:\/\/5.45.101.177\/haut-allier\/usagers-transportse\/wp-content\/uploads\/2015\/12\/Ligne_de_Bus_Le_Puy_-_Conques_sur_le_Chemin_de_Compostelle_-_2015-12-03_12-08-21.png\" alt=\"Ligne_de_Bus_Le_Puy_-_Conques_sur_le_Chemin_de_Compostelle_-_2015-12-03_12-08-21.png\" align=\"center\" width=\"555\" height=\"331\" srcset=\"https:\/\/usagers-transports.haut-allier.eu\/wp-content\/uploads\/2015\/12\/Ligne_de_Bus_Le_Puy_-_Conques_sur_le_Chemin_de_Compostelle_-_2015-12-03_12-08-21.png 555w, https:\/\/usagers-transports.haut-allier.eu\/wp-content\/uploads\/2015\/12\/Ligne_de_Bus_Le_Puy_-_Conques_sur_le_Chemin_de_Compostelle_-_2015-12-03_12-08-21-300x179.png 300w\" sizes=\"auto, (max-width: 555px) 100vw, 555px\" \/>\n&nbsp;\n\n<strong>Arr\u00eats desservis :<\/strong>\n\n&#8211;    1. CONQUES, Parking de la Salesse\n&#8211;    2. SENERGUES, Devant la mairie\n&#8211;    3. ESPEYRAC, Fontaine, Place de l\u2019\u00e9glise\n&#8211;    4. GOLINHAC, Place de l\u2019\u00e9glise\n&#8211;    5. ESTAING, Arr\u00eat des cars, Quai du Lot\n&#8211;    6. ESPALION, Parking A. Bessi\u00e8re (route St C\u00f4me)\n&#8211;    7. SAINT-C\u00d4ME-D\u2019OLT, Pharmacie, 1 avenue de Pig\u00fce\n&#8211;    8. SAINT-CHELY-D\u2019AUBRAC, devant l\u2019H\u00f4tel de la Vall\u00e9e\n&#8211;    9. AUBRAC, devant restaurant Chez Germaine, Place des F\u00eates\n&#8211;    10. NASBINALS, La Poste, Place Du Foirail\n&#8211;    11. LES 4 CHEMINS, au croisement de la D53\n&#8211;    12. AUMONT AUBRAC, Mairie, Place du Portail\n&#8211;    13. SAINT ALBAN SUR LIMAGNOLE, Mairie, Place du Breuil\n&#8211;    14. LES FAUX, Au panneau de l\u2019Oustal de Parent\n&#8211;    15. LA ROCHE 48120 Lajo, Croisement avec le GR4\n&#8211;    16. LA CHAPELLE SAINT-ROCHE, devant la Chapelle\n&#8211;    17. LE VILLERET D\u2019APCHIER, devant l\u2019Auberge des 2 p\u00e9lerins\n&#8211;    18. SAUGUES, devant la Poste, Arr\u00eat de bus ligne 4 (Avenue Lucien Gire)\n&#8211;    19. MONISTROL D\u2019ALLIER, Arr\u00eat des cars du pont sur l\u2019Allier\n&#8211;    20. SAINT-PRIVAT D\u2019ALLIER, devant le bar le Kompostel\n&#8211;    21. MONTBONNET, devant le Bar Le Saint Jacques\n&#8211;    22. LA ROCHE 43370 Saint Christophe sur Dolaison, Arr\u00eat de Bus\n&#8211;    23. LE PUY-EN-VELAY, Arr\u00eat de bus Lafayette (36 bd Saint-Louis)\n&#8211;    24. LE PUY EN VELAY, Devant le th\u00e9\u00e2tre (arr\u00eat des taxis)\n&#8211;    25. LE PUY-EN-VELAY, Gare SNCF\n\n\n<strong>Les horaires quotidiens :<\/strong>\n\nD\u00e9part \u00e0 7h50 au Puy, Place Michelet\nArriv\u00e9e \u00e0 12h05 \u00e0 Conques\nD\u00e9part \u00e0 13h00 de Conques\nArriv\u00e9e \u00e0 17h15 au Puy\n\n\n<strong>Le prix :<\/strong>\n\nIl faut compter 35 euros pour Le Puy &#8211; Conques, 15 euros pour Le Puy Saugues, 20 euros pour Le Puy Aumont-Aubrac\n\n<strong>Il faut r\u00e9server obligatoirement :<\/strong>\n\n&#8211; la veille du d\u00e9part pour le sens aller Le Puy &#8211; Conques\n&#8211; avant 6H du matin pour le sens retour Conques &#8211; Le Puy\n\n<strong>Pr\u00e9paration du voyage :<\/strong>\n\nLe site d\u00e9di\u00e9 est tr\u00e8s bien fait avec des propositions de gites, de curiosit\u00e9s \u00e0 visiter et ce pour chaque \u00e9tape :  Que voir ? O\u00f9 dormir ? Une rubrique Bon \u00e0 savoir&#8230;<p>&nbsp;<\/p>\n\n\t<figure class=\"wp-block-gallery columns-1 is-cropped wp-block-gallery-1 is-layout-flex wp-block-gallery-is-layout-flex\">\n\t\t<ul class=\"blocks-gallery-grid\">\n\t\t\t<li class=\"blocks-gallery-item\">\n\t\t\t\t<figure>\n\t\t\t\t\t\t\t\t\t\t\t<img loading=\"lazy\" decoding=\"async\" width=\"555\" height=\"331\" src=\"http:\/\/5.45.101.177\/haut-allier\/usagers-transportse\/wp-content\/uploads\/2015\/12\/Ligne_de_Bus_Le_Puy_-_Conques_sur_le_Chemin_de_Compostelle_-_2015-12-03_12-08-21.png\"\n\t\t\t\t\t\t alt=\"Ligne_de_Bus_Le_Puy_-_Conques_sur_le_Chemin_de_Compostelle_-_2015-12-03_12-08-21.png\"\n\t\t\t\t\t\t data-id=\"1672\"\n\t\t\t\t\t\t data-full-url=\"http:\/\/5.45.101.177\/haut-allier\/usagers-transportse\/wp-content\/uploads\/2015\/12\/Ligne_de_Bus_Le_Puy_-_Conques_sur_le_Chemin_de_Compostelle_-_2015-12-03_12-08-21.png\"\n\t\t\t\t\t\t data-link=\"http:\/\/5.45.101.177\/haut-allier\/usagers-transportse\/index.php\/2015\/12\/03\/nouvelle-ligne-de-bus-macron-le257\/attachment-ligne_de_bus_le_puy_-_conques_sur_le_chemin_de_compostelle_-_2015-12-03_12-08-21-png\/\"\n\t\t\t\t\t\t class=\"wp-image-1672\" srcset=\"https:\/\/usagers-transports.haut-allier.eu\/wp-content\/uploads\/2015\/12\/Ligne_de_Bus_Le_Puy_-_Conques_sur_le_Chemin_de_Compostelle_-_2015-12-03_12-08-21.png 555w, https:\/\/usagers-transports.haut-allier.eu\/wp-content\/uploads\/2015\/12\/Ligne_de_Bus_Le_Puy_-_Conques_sur_le_Chemin_de_Compostelle_-_2015-12-03_12-08-21-300x179.png 300w\" sizes=\"auto, (max-width: 555px) 100vw, 555px\" \/>\n\t\t\t\t<\/figure>\n\t\t\t<\/li>\n\t\t<\/ul>\n\t<\/figure>\n","protected":false},"excerpt":{"rendered":"<p>Int\u00e9ressante cette nouvelle ligne \u00ab\u00a0loi Macron\u00a0\u00bb mise en place par le transporteur priv\u00e9 du Puy Migratour. Elle permet<\/p>\n","protected":false},"author":1,"featured_media":1672,"comment_status":"closed","ping_status":"open","sticky":false,"template":"","format":"standard","meta":{"footnotes":""},"categories":[4],"tags":[],"class_list":["post-257","post","type-post","status-publish","format-standard","has-post-thumbnail","hentry","category-en-bus"],"_links":{"self":[{"href":"https:\/\/usagers-transports.haut-allier.eu\/index.php\/wp-json\/wp\/v2\/posts\/257","targetHints":{"allow":["GET"]}}],"collection":[{"href":"https:\/\/usagers-transports.haut-allier.eu\/index.php\/wp-json\/wp\/v2\/posts"}],"about":[{"href":"https:\/\/usagers-transports.haut-allier.eu\/index.php\/wp-json\/wp\/v2\/types\/post"}],"author":[{"embeddable":true,"href":"https:\/\/usagers-transports.haut-allier.eu\/index.php\/wp-json\/wp\/v2\/users\/1"}],"replies":[{"embeddable":true,"href":"https:\/\/usagers-transports.haut-allier.eu\/index.php\/wp-json\/wp\/v2\/comments?post=257"}],"version-history":[{"count":1,"href":"https:\/\/usagers-transports.haut-allier.eu\/index.php\/wp-json\/wp\/v2\/posts\/257\/revisions"}],"predecessor-version":[{"id":1673,"href":"https:\/\/usagers-transports.haut-allier.eu\/index.php\/wp-json\/wp\/v2\/posts\/257\/revisions\/1673"}],"wp:featuredmedia":[{"embeddable":true,"href":"https:\/\/usagers-transports.haut-allier.eu\/index.php\/wp-json\/wp\/v2\/media\/1672"}],"wp:attachment":[{"href":"https:\/\/usagers-transports.haut-allier.eu\/index.php\/wp-json\/wp\/v2\/media?parent=257"}],"wp:term":[{"taxonomy":"category","embeddable":true,"href":"https:\/\/usagers-transports.haut-allier.eu\/index.php\/wp-json\/wp\/v2\/categories?post=257"},{"taxonomy":"post_tag","embeddable":true,"href":"https:\/\/usagers-transports.haut-allier.eu\/index.php\/wp-json\/wp\/v2\/tags?post=257"}],"curies":[{"name":"wp","href":"https:\/\/api.w.org\/{rel}","templated":true}]}}