{"id":258,"date":"2015-12-16T04:53:51","date_gmt":"2015-12-16T03:53:51","guid":{"rendered":"http:\/\/5.45.101.177\/haut-allier\/usagers-transportse\/index.php\/2015\/12\/16\/train-intercites-aubrac-le-couteau258\/"},"modified":"2015-12-16T04:53:51","modified_gmt":"2015-12-16T03:53:51","slug":"train-intercites-aubrac-le-couteau258","status":"publish","type":"post","link":"https:\/\/usagers-transports.haut-allier.eu\/index.php\/2015\/12\/16\/train-intercites-aubrac-le-couteau258\/","title":{"rendered":"Train Intercit\u00e9s Aubrac : le couteau sous la gorge de la SNCF aux r\u00e9gions"},"content":{"rendered":"<p>A peine les nouveaux pr\u00e9sidents des r\u00e9gions \u00e9lus, la SNCF en profite et elle a parl\u00e9 sans d\u00e9tour hier lors d&rsquo;une r\u00e9union interne \u00e0 Clermont Ferrand avec le directeur r\u00e9gional : Intercit\u00e9s ne veut plus financer cette relation, point barre. La situation actuelle est maintenue jusqu&rsquo;\u00e0 fin janvier pour que les \u00e9lus r\u00e9gionaux aient le temps de prendre leur d\u00e9cision : qu&rsquo;ils le passent en TER . Si les r\u00e9gions ne sont pas d&rsquo;accord ou n&rsquo;en veulent pas, il sera transf\u00e9r\u00e9 sur route sur la partie Neussargues Millau.<br \/>\n&nbsp;<br \/>\nC&rsquo;est pas beau \u00e7a ? Le programme mortif\u00e8re de la soci\u00e9t\u00e9 dite ferroviaire est men\u00e9 sans piti\u00e9 et elle avance ses pions profitant de chaque occasion. Et \u00e7a nous pend au nez \u00e9galement pour l&rsquo;Intercit\u00e9s C\u00e9venol Clermont N\u00eemes au printemps.<br \/>\n&nbsp;<br \/>\nGageons que le nouveau et merveilleux pr\u00e9sident d&rsquo;Auvergne Rh\u00f4ne Alpes \u00ab\u00a0Les R\u00e9publicains de la droite extr\u00eame\u00a0\u00bb Laurent W, le nouveau cowboy de Sarko, va se pr\u00e9cipiter pour financer une liaison dont il ignore jusqu&rsquo;\u00e0 l&rsquo;existence.<br \/>\n&nbsp;<\/p>\n","protected":false},"excerpt":{"rendered":"<p>A peine les nouveaux pr\u00e9sidents des r\u00e9gions \u00e9lus, la SNCF en profite et elle a parl\u00e9 sans d\u00e9tour<\/p>\n","protected":false},"author":1,"featured_media":1674,"comment_status":"closed","ping_status":"open","sticky":false,"template":"","format":"standard","meta":{"footnotes":""},"categories":[3],"tags":[],"class_list":["post-258","post","type-post","status-publish","format-standard","has-post-thumbnail","hentry","category-en-train"],"_links":{"self":[{"href":"https:\/\/usagers-transports.haut-allier.eu\/index.php\/wp-json\/wp\/v2\/posts\/258","targetHints":{"allow":["GET"]}}],"collection":[{"href":"https:\/\/usagers-transports.haut-allier.eu\/index.php\/wp-json\/wp\/v2\/posts"}],"about":[{"href":"https:\/\/usagers-transports.haut-allier.eu\/index.php\/wp-json\/wp\/v2\/types\/post"}],"author":[{"embeddable":true,"href":"https:\/\/usagers-transports.haut-allier.eu\/index.php\/wp-json\/wp\/v2\/users\/1"}],"replies":[{"embeddable":true,"href":"https:\/\/usagers-transports.haut-allier.eu\/index.php\/wp-json\/wp\/v2\/comments?post=258"}],"version-history":[{"count":0,"href":"https:\/\/usagers-transports.haut-allier.eu\/index.php\/wp-json\/wp\/v2\/posts\/258\/revisions"}],"wp:featuredmedia":[{"embeddable":true,"href":"https:\/\/usagers-transports.haut-allier.eu\/index.php\/wp-json\/wp\/v2\/media\/1674"}],"wp:attachment":[{"href":"https:\/\/usagers-transports.haut-allier.eu\/index.php\/wp-json\/wp\/v2\/media?parent=258"}],"wp:term":[{"taxonomy":"category","embeddable":true,"href":"https:\/\/usagers-transports.haut-allier.eu\/index.php\/wp-json\/wp\/v2\/categories?post=258"},{"taxonomy":"post_tag","embeddable":true,"href":"https:\/\/usagers-transports.haut-allier.eu\/index.php\/wp-json\/wp\/v2\/tags?post=258"}],"curies":[{"name":"wp","href":"https:\/\/api.w.org\/{rel}","templated":true}]}}