{"id":259,"date":"2015-12-18T17:06:01","date_gmt":"2015-12-18T16:06:01","guid":{"rendered":"http:\/\/5.45.101.177\/haut-allier\/usagers-transportse\/index.php\/2015\/12\/18\/reouverture-de-la-ligne-des259\/"},"modified":"2015-12-18T17:06:01","modified_gmt":"2015-12-18T16:06:01","slug":"reouverture-de-la-ligne-des259","status":"publish","type":"post","link":"https:\/\/usagers-transports.haut-allier.eu\/index.php\/2015\/12\/18\/reouverture-de-la-ligne-des259\/","title":{"rendered":"R\u00e9ouverture de la ligne des C\u00e9vennes : l&rsquo;hommage des usagers des transports du haut Allier au C\u00e9venol"},"content":{"rendered":"<p>Quelques membres du collectif des Usagers des Transports du Haut-Allier se sont r\u00e9unis ce vendredi 18 d\u00e9cembre \u00e0 15 heures \u00e0 la gare du Pont d&rsquo;Alleyras pour saluer le passage du train C\u00e9venol dont l&rsquo;existence est s\u00e9rieusement menac\u00e9e par la SNCF malgr\u00e9 les d\u00e9clarations mensong\u00e8res et rassurantes de ses responsables.<br \/>\n&nbsp;<br \/>\nQuelques bouteilles moussues furent d\u00e9bouch\u00e9es pour f\u00eater tout \u00e7a et les pandores amen\u00e9s par Monsieur le Maire d&rsquo;Alleyras eurent droit eux aussi \u00e0 un breuvage non alcoolis\u00e9.<br \/>\n&nbsp;<br \/>\n<iframe loading=\"lazy\" width=\"560\" height=\"315\" src=\"https:\/\/www.youtube.com\/embed\/gpYmIxyZDU8\" frameborder=\"0\" allowfullscreen><\/iframe><br \/>\n&nbsp;<br \/>\n&nbsp;<br \/>\n<strong>Dans les m\u00e9dias :<em><\/strong><\/em><br \/>\n&nbsp;<br \/>\n&#8211; <strong>Midi Libre<\/strong> Gard Loz\u00e8re du 19 d\u00e9cembre :<br \/>\n<img loading=\"lazy\" decoding=\"async\" class=\" aligncenter size-full wp-image-1676\" src=\"http:\/\/5.45.101.177\/haut-allier\/usagers-transportse\/wp-content\/uploads\/2015\/12\/Gard_Lozere_le_train_cevenol_a_repris_du_service_-_2015-12-19_17-16-51.png\" alt=\"Gard_Lozere_le_train_cevenol_a_repris_du_service_-_2015-12-19_17-16-51.png\" align=\"center\" width=\"680\" height=\"1640\" srcset=\"https:\/\/usagers-transports.haut-allier.eu\/wp-content\/uploads\/2015\/12\/Gard_Lozere_le_train_cevenol_a_repris_du_service_-_2015-12-19_17-16-51.png 680w, https:\/\/usagers-transports.haut-allier.eu\/wp-content\/uploads\/2015\/12\/Gard_Lozere_le_train_cevenol_a_repris_du_service_-_2015-12-19_17-16-51-124x300.png 124w, https:\/\/usagers-transports.haut-allier.eu\/wp-content\/uploads\/2015\/12\/Gard_Lozere_le_train_cevenol_a_repris_du_service_-_2015-12-19_17-16-51-425x1024.png 425w, https:\/\/usagers-transports.haut-allier.eu\/wp-content\/uploads\/2015\/12\/Gard_Lozere_le_train_cevenol_a_repris_du_service_-_2015-12-19_17-16-51-637x1536.png 637w\" sizes=\"auto, (max-width: 680px) 100vw, 680px\" \/><br \/>\n&nbsp;<br \/>\n<em>Et en version papier&#8230;<\/em><br \/>\n<img loading=\"lazy\" decoding=\"async\" class=\" aligncenter size-full wp-image-1677\" src=\"http:\/\/5.45.101.177\/haut-allier\/usagers-transportse\/wp-content\/uploads\/2015\/12\/midilibre1_191215.jpg\" alt=\"midilibre1_191215.jpg\" align=\"center\" width=\"473\" height=\"1000\" srcset=\"https:\/\/usagers-transports.haut-allier.eu\/wp-content\/uploads\/2015\/12\/midilibre1_191215.jpg 473w, https:\/\/usagers-transports.haut-allier.eu\/wp-content\/uploads\/2015\/12\/midilibre1_191215-142x300.jpg 142w\" sizes=\"auto, (max-width: 473px) 100vw, 473px\" \/><br \/>\n&nbsp;<br \/>\n&#8211; <strong>Midi Libre<\/strong> N\u00eemes du 19 d\u00e9cembre :<br \/>\n<img loading=\"lazy\" decoding=\"async\" class=\" aligncenter size-full wp-image-1678\" src=\"http:\/\/5.45.101.177\/haut-allier\/usagers-transportse\/wp-content\/uploads\/2015\/12\/Cevenol-Midi-Libre-Gard.jpg\" alt=\"Cevenol-Midi-Libre-Gard.jpg\" align=\"center\" width=\"700\" height=\"722\" srcset=\"https:\/\/usagers-transports.haut-allier.eu\/wp-content\/uploads\/2015\/12\/Cevenol-Midi-Libre-Gard.jpg 700w, https:\/\/usagers-transports.haut-allier.eu\/wp-content\/uploads\/2015\/12\/Cevenol-Midi-Libre-Gard-291x300.jpg 291w\" sizes=\"auto, (max-width: 700px) 100vw, 700px\" \/><br \/>\n&nbsp;<br \/>\n&#8211; Zoom d&rsquo;ici 43 du 19 d\u00e9cembre :<br \/>\n<img loading=\"lazy\" decoding=\"async\" class=\" aligncenter size-full wp-image-1679\" src=\"http:\/\/5.45.101.177\/haut-allier\/usagers-transportse\/wp-content\/uploads\/2015\/12\/Le_Cevenol_de_nouveau_sur_les_rails_sur_zoomdici-fr__Zoom43-fr_et_Zoom42-fr__-_2015-12-19_17-33-08.png\" alt=\"Le_Cevenol_de_nouveau_sur_les_rails_sur_zoomdici-fr__Zoom43-fr_et_Zoom42-fr__-_2015-12-19_17-33-08.png\" align=\"center\" width=\"800\" height=\"985\" srcset=\"https:\/\/usagers-transports.haut-allier.eu\/wp-content\/uploads\/2015\/12\/Le_Cevenol_de_nouveau_sur_les_rails_sur_zoomdici-fr__Zoom43-fr_et_Zoom42-fr__-_2015-12-19_17-33-08.png 800w, https:\/\/usagers-transports.haut-allier.eu\/wp-content\/uploads\/2015\/12\/Le_Cevenol_de_nouveau_sur_les_rails_sur_zoomdici-fr__Zoom43-fr_et_Zoom42-fr__-_2015-12-19_17-33-08-244x300.png 244w, https:\/\/usagers-transports.haut-allier.eu\/wp-content\/uploads\/2015\/12\/Le_Cevenol_de_nouveau_sur_les_rails_sur_zoomdici-fr__Zoom43-fr_et_Zoom42-fr__-_2015-12-19_17-33-08-768x946.png 768w\" sizes=\"auto, (max-width: 800px) 100vw, 800px\" \/><br \/>\n&nbsp;<br \/>\n&#8211; Loz\u00e8re Nouvelle du 25 d\u00e9cembre :<br \/>\n<img loading=\"lazy\" decoding=\"async\" class=\" aligncenter size-full wp-image-1680\" src=\"http:\/\/5.45.101.177\/haut-allier\/usagers-transportse\/wp-content\/uploads\/2015\/12\/PicsArt_12-25-11-09-12.jpg\" alt=\"PicsArt_12-25-11-09-12.jpg\" align=\"center\" width=\"700\" height=\"374\" srcset=\"https:\/\/usagers-transports.haut-allier.eu\/wp-content\/uploads\/2015\/12\/PicsArt_12-25-11-09-12.jpg 700w, https:\/\/usagers-transports.haut-allier.eu\/wp-content\/uploads\/2015\/12\/PicsArt_12-25-11-09-12-300x160.jpg 300w\" sizes=\"auto, (max-width: 700px) 100vw, 700px\" \/><\/p>\n<p><img loading=\"lazy\" decoding=\"async\" class=\" aligncenter size-full wp-image-1681\" src=\"http:\/\/5.45.101.177\/haut-allier\/usagers-transportse\/wp-content\/uploads\/2015\/12\/PicsArt_12-25-11-10-34.jpg\" alt=\"PicsArt_12-25-11-10-34.jpg\" align=\"center\" width=\"700\" height=\"496\" srcset=\"https:\/\/usagers-transports.haut-allier.eu\/wp-content\/uploads\/2015\/12\/PicsArt_12-25-11-10-34.jpg 700w, https:\/\/usagers-transports.haut-allier.eu\/wp-content\/uploads\/2015\/12\/PicsArt_12-25-11-10-34-300x213.jpg 300w\" sizes=\"auto, (max-width: 700px) 100vw, 700px\" \/><br \/>\n&nbsp;<\/p>\n<p><strong>Le retour chez nos amis du <a href=\"http:\/\/servicespublicshautescevennes.over-blog.com\/2015\/12\/le-cevenol-de-retour-sur-ses-rails.html\">Comit\u00e9 de d\u00e9fense des services publics en Hautes C\u00e9vennes<\/a> :<\/strong><\/p>\n<p><img loading=\"lazy\" decoding=\"async\" class=\" aligncenter size-full wp-image-1682\" src=\"http:\/\/5.45.101.177\/haut-allier\/usagers-transportse\/wp-content\/uploads\/2015\/12\/Le_Cevenol_de_retour_sur_ses_rails___-_Defense_Services_Publics_-_2015-12-27_09-34-21-scaled.jpg\" alt=\"Le_Cevenol_de_retour_sur_ses_rails___-_Defense_Services_Publics_-_2015-12-27_09-34-21.jpg\" align=\"center\" width=\"481\" height=\"2560\" srcset=\"https:\/\/usagers-transports.haut-allier.eu\/wp-content\/uploads\/2015\/12\/Le_Cevenol_de_retour_sur_ses_rails___-_Defense_Services_Publics_-_2015-12-27_09-34-21-scaled.jpg 481w, https:\/\/usagers-transports.haut-allier.eu\/wp-content\/uploads\/2015\/12\/Le_Cevenol_de_retour_sur_ses_rails___-_Defense_Services_Publics_-_2015-12-27_09-34-21-385x2048.jpg 385w\" sizes=\"auto, (max-width: 481px) 100vw, 481px\" \/><br \/>\n&nbsp;<\/p>\n","protected":false},"excerpt":{"rendered":"<p>Quelques membres du collectif des Usagers des Transports du Haut-Allier se sont r\u00e9unis ce vendredi 18 d\u00e9cembre \u00e0<\/p>\n","protected":false},"author":1,"featured_media":1675,"comment_status":"closed","ping_status":"open","sticky":false,"template":"","format":"standard","meta":{"footnotes":""},"categories":[3],"tags":[],"class_list":["post-259","post","type-post","status-publish","format-standard","has-post-thumbnail","hentry","category-en-train"],"_links":{"self":[{"href":"https:\/\/usagers-transports.haut-allier.eu\/index.php\/wp-json\/wp\/v2\/posts\/259","targetHints":{"allow":["GET"]}}],"collection":[{"href":"https:\/\/usagers-transports.haut-allier.eu\/index.php\/wp-json\/wp\/v2\/posts"}],"about":[{"href":"https:\/\/usagers-transports.haut-allier.eu\/index.php\/wp-json\/wp\/v2\/types\/post"}],"author":[{"embeddable":true,"href":"https:\/\/usagers-transports.haut-allier.eu\/index.php\/wp-json\/wp\/v2\/users\/1"}],"replies":[{"embeddable":true,"href":"https:\/\/usagers-transports.haut-allier.eu\/index.php\/wp-json\/wp\/v2\/comments?post=259"}],"version-history":[{"count":0,"href":"https:\/\/usagers-transports.haut-allier.eu\/index.php\/wp-json\/wp\/v2\/posts\/259\/revisions"}],"wp:featuredmedia":[{"embeddable":true,"href":"https:\/\/usagers-transports.haut-allier.eu\/index.php\/wp-json\/wp\/v2\/media\/1675"}],"wp:attachment":[{"href":"https:\/\/usagers-transports.haut-allier.eu\/index.php\/wp-json\/wp\/v2\/media?parent=259"}],"wp:term":[{"taxonomy":"category","embeddable":true,"href":"https:\/\/usagers-transports.haut-allier.eu\/index.php\/wp-json\/wp\/v2\/categories?post=259"},{"taxonomy":"post_tag","embeddable":true,"href":"https:\/\/usagers-transports.haut-allier.eu\/index.php\/wp-json\/wp\/v2\/tags?post=259"}],"curies":[{"name":"wp","href":"https:\/\/api.w.org\/{rel}","templated":true}]}}