{"id":26,"date":"2011-06-10T10:54:00","date_gmt":"2011-06-10T08:54:00","guid":{"rendered":"http:\/\/5.45.101.177\/haut-allier\/usagers-transportse\/index.php\/2011\/06\/10\/galeres-sncf-suite-a-alleyras-le026\/"},"modified":"2011-06-10T10:54:00","modified_gmt":"2011-06-10T08:54:00","slug":"galeres-sncf-suite-a-alleyras-le026","status":"publish","type":"post","link":"https:\/\/usagers-transports.haut-allier.eu\/index.php\/2011\/06\/10\/galeres-sncf-suite-a-alleyras-le026\/","title":{"rendered":"Gal\u00e8res SNCF (suite) : \u00e0 Alleyras, le site Internet officiel ne propose que les trajets longs et \u00e0 prix \u00e9lev\u00e9s"},"content":{"rendered":"<p>Grogne du matin chagrin :<\/p>\n<p>Ca continue ! On va me dire que c&rsquo;est une obsession, mais je viens de m&rsquo;apercevoir d&rsquo;une chose en cherchant les horaires Alleyras Nimes sur leur site officiel voyages-sncf.com \u00e0 7 heures 30 : ne sont donn\u00e9s en r\u00e9sultat que le train de 11h07, vers Clermont, le C\u00e9venol, \u00e0 prendre \u00e0 Langeac, en aval, apr\u00e8s un trajet rebrousse poil de 30kms au prix de plus de 30 euros bien entendu ! <\/p>\n<p>Alors que le site de <a href=\"http:\/\/www.bahn.com\/i\/view\/FRA\/fr\/index.shtml\">DB France<\/a>, encore une fois, ou celui de  <a href=\"http:\/\/www.ter-sncf.com\/Regions\/auvergne\/Fr\/Se_deplacer_en_TER\/Avant_mon_voyage\/Recherche_d_itineraires\/Default.aspx\">TER Auvergne<\/a> affichent bien les trains de 8h49 et 18h59 qui sont directs et d&rsquo;un co\u00fbt moindre et qu&rsquo;il n&rsquo;y a aucun travaux !<\/p>\n<p>Bien que la situation soit redevenue normale l&rsquo;an dernier en octobre, voil\u00e0 que les bons faux conseils incomplets de la voyages.SNCF reviennent, les fourbes&#8230;<\/p>\n<p>Donc m\u00e9fiance : ne plus utiliser le site voyages SNCF qu&rsquo;en cas de force majeure, lui pr\u00e9f\u00e9rer celui du <a href=\"http:\/\/www.ter-sncf.com\/Regions\/auvergne\/Fr\/Se_deplacer_en_TER\/Avant_mon_voyage\/Recherche_d_itineraires\/Default.aspx\">TER Auvergne<\/a> et pr\u00e9f\u00e9rer s&rsquo;adresser au contr\u00f4leur pour la confection de votre billet en lui (re)expliquant la situation.<\/p>\n<p>A ce train et \u00e0 mille lieux des beaux discours destin\u00e9s au CAC 40, nous sommes bien loin de retrouver la confiance et le service que nous attendons de l&rsquo;entreprise \/ soci\u00e9t\u00e9, peu importe, SNCF qui m\u00e9prise toujours autant ses usagers.<\/p>\n","protected":false},"excerpt":{"rendered":"<p>Grogne du matin chagrin : Ca continue ! On va me dire que c&rsquo;est une obsession, mais je<\/p>\n","protected":false},"author":1,"featured_media":0,"comment_status":"closed","ping_status":"open","sticky":false,"template":"","format":"standard","meta":{"footnotes":""},"categories":[2],"tags":[],"class_list":["post-26","post","type-post","status-publish","format-standard","hentry","category-infos"],"_links":{"self":[{"href":"https:\/\/usagers-transports.haut-allier.eu\/index.php\/wp-json\/wp\/v2\/posts\/26","targetHints":{"allow":["GET"]}}],"collection":[{"href":"https:\/\/usagers-transports.haut-allier.eu\/index.php\/wp-json\/wp\/v2\/posts"}],"about":[{"href":"https:\/\/usagers-transports.haut-allier.eu\/index.php\/wp-json\/wp\/v2\/types\/post"}],"author":[{"embeddable":true,"href":"https:\/\/usagers-transports.haut-allier.eu\/index.php\/wp-json\/wp\/v2\/users\/1"}],"replies":[{"embeddable":true,"href":"https:\/\/usagers-transports.haut-allier.eu\/index.php\/wp-json\/wp\/v2\/comments?post=26"}],"version-history":[{"count":0,"href":"https:\/\/usagers-transports.haut-allier.eu\/index.php\/wp-json\/wp\/v2\/posts\/26\/revisions"}],"wp:attachment":[{"href":"https:\/\/usagers-transports.haut-allier.eu\/index.php\/wp-json\/wp\/v2\/media?parent=26"}],"wp:term":[{"taxonomy":"category","embeddable":true,"href":"https:\/\/usagers-transports.haut-allier.eu\/index.php\/wp-json\/wp\/v2\/categories?post=26"},{"taxonomy":"post_tag","embeddable":true,"href":"https:\/\/usagers-transports.haut-allier.eu\/index.php\/wp-json\/wp\/v2\/tags?post=26"}],"curies":[{"name":"wp","href":"https:\/\/api.w.org\/{rel}","templated":true}]}}