{"id":260,"date":"2015-12-22T10:09:14","date_gmt":"2015-12-22T09:09:14","guid":{"rendered":"http:\/\/5.45.101.177\/haut-allier\/usagers-transportse\/index.php\/2015\/12\/22\/languedoc-roussillon-midi-pyrenees260\/"},"modified":"2015-12-22T10:09:14","modified_gmt":"2015-12-22T09:09:14","slug":"languedoc-roussillon-midi-pyrenees260","status":"publish","type":"post","link":"https:\/\/usagers-transports.haut-allier.eu\/index.php\/2015\/12\/22\/languedoc-roussillon-midi-pyrenees260\/","title":{"rendered":"Languedoc Roussillon Midi Pyr\u00e9n\u00e9es : Am\u00e9nager le territoire au travers du rail"},"content":{"rendered":"<p>Un extrait du document intitul\u00e9 <a href=\"http:\/\/fr.scribd.com\/doc\/293791090\/LRMP-consititution-d-une-majoritei-au-Conseil-regional\"><em>\u00ab\u00a0Constitution d&rsquo;une majorit\u00e9 au Conseil R\u00e9gional &#8211; La gauche et les \u00e9cologistes s&rsquo;engagent pour la mandature 2016 \/ 2021\u00a0\u00bb<\/a><\/em> publi\u00e9 hier par la nouvelle \u00e9quipe de la r\u00e9gion Midi Pyr\u00e9n\u00e9es Languedoc Roussillon concernant les transports :<br \/>\n&nbsp;<\/p>\n<blockquote>\n<p><strong> 3 &#8211; Am\u00e9nager le territoire au travers du rail<\/strong><br \/>\n&nbsp;<br \/>\nLe rail est structurant en Languedoc Roussillo Midi Pyr\u00e9n\u00e9es. Il a souvent fait division, il doit d\u00e9sormais \u00ab\u00a0faire r\u00e9gion\u00a0\u00bb dans le cadre d\u2019un service public renforc\u00e9. Des \u00c9tats G\u00e9n\u00e9raux du Rail seront convoqu\u00e9s au premier semestre 2016 pour qu\u2019ensemble, usagers, salari\u00e9s, financeurs, entreprises et \u00e9lu-es \u00e9tudient &#8211; sans tabou &#8211; les dossiers, et d\u00e9cident d\u2019un grand sch\u00e9ma r\u00e9gional garantissant l\u2019attractivit\u00e9 et l\u2019\u00e9galit\u00e9 de nos territoires, le d\u00e9veloppement des trains du quotidien, la grande vitesse, une meilleure prise en compte du fret et de l\u2019inter-modalit\u00e9 ainsi que des tarifs accessibles \u00e0 tous. Dans l&rsquo;attente des conclusions prochaines de ces \u00c9tats G\u00e9n\u00e9raux, nous proposons un moratoire sur les financements r\u00e9gionaux sur les projets faisant d\u00e9bat, tout en permettant le lancement des travaux pour les investissements ferroviaires pour lesquelles des \u00e9tudes consensuelles ont \u00e9t\u00e9 men\u00e9es.<\/p><\/blockquote>\n<p>&nbsp;<br \/>\nIl ne reste plus qu&rsquo;\u00e0 esp\u00e9rer que la nouvelle \u00e9quipe de la r\u00e9gion Auvergne Rh\u00f4ne Alpes aille aussi dans ce sens dans sa politique concernant la mobilit\u00e9.<br \/>\n&nbsp;<\/p>\n","protected":false},"excerpt":{"rendered":"<p>Un extrait du document intitul\u00e9 \u00ab\u00a0Constitution d&rsquo;une majorit\u00e9 au Conseil R\u00e9gional &#8211; La gauche et les \u00e9cologistes s&rsquo;engagent<\/p>\n","protected":false},"author":1,"featured_media":1683,"comment_status":"closed","ping_status":"open","sticky":false,"template":"","format":"standard","meta":{"footnotes":""},"categories":[3],"tags":[],"class_list":["post-260","post","type-post","status-publish","format-standard","has-post-thumbnail","hentry","category-en-train"],"_links":{"self":[{"href":"https:\/\/usagers-transports.haut-allier.eu\/index.php\/wp-json\/wp\/v2\/posts\/260","targetHints":{"allow":["GET"]}}],"collection":[{"href":"https:\/\/usagers-transports.haut-allier.eu\/index.php\/wp-json\/wp\/v2\/posts"}],"about":[{"href":"https:\/\/usagers-transports.haut-allier.eu\/index.php\/wp-json\/wp\/v2\/types\/post"}],"author":[{"embeddable":true,"href":"https:\/\/usagers-transports.haut-allier.eu\/index.php\/wp-json\/wp\/v2\/users\/1"}],"replies":[{"embeddable":true,"href":"https:\/\/usagers-transports.haut-allier.eu\/index.php\/wp-json\/wp\/v2\/comments?post=260"}],"version-history":[{"count":0,"href":"https:\/\/usagers-transports.haut-allier.eu\/index.php\/wp-json\/wp\/v2\/posts\/260\/revisions"}],"wp:featuredmedia":[{"embeddable":true,"href":"https:\/\/usagers-transports.haut-allier.eu\/index.php\/wp-json\/wp\/v2\/media\/1683"}],"wp:attachment":[{"href":"https:\/\/usagers-transports.haut-allier.eu\/index.php\/wp-json\/wp\/v2\/media?parent=260"}],"wp:term":[{"taxonomy":"category","embeddable":true,"href":"https:\/\/usagers-transports.haut-allier.eu\/index.php\/wp-json\/wp\/v2\/categories?post=260"},{"taxonomy":"post_tag","embeddable":true,"href":"https:\/\/usagers-transports.haut-allier.eu\/index.php\/wp-json\/wp\/v2\/tags?post=260"}],"curies":[{"name":"wp","href":"https:\/\/api.w.org\/{rel}","templated":true}]}}