{"id":261,"date":"2016-01-06T06:44:36","date_gmt":"2016-01-06T05:44:36","guid":{"rendered":"http:\/\/5.45.101.177\/haut-allier\/usagers-transportse\/index.php\/2016\/01\/06\/patrick-mignola-nouveau-delegue261\/"},"modified":"2016-01-06T06:44:36","modified_gmt":"2016-01-06T05:44:36","slug":"patrick-mignola-nouveau-delegue261","status":"publish","type":"post","link":"https:\/\/usagers-transports.haut-allier.eu\/index.php\/2016\/01\/06\/patrick-mignola-nouveau-delegue261\/","title":{"rendered":"Patrick Mignola nouveau d\u00e9l\u00e9gu\u00e9 aux transports d&rsquo;Auvergne Rh\u00f4ne Alpes"},"content":{"rendered":"<p>Il est \u00e9tiquet\u00e9 Modem, vient de Savoie et son alliance avec L. Wauquiez passe assez mal dans les hautes instances de Les R\u00e9publicains, ce qui est bon signe. C&rsquo;est ce qu&rsquo;il pouvait arriver de mieux \u00e0 la d\u00e9l\u00e9gation transports au vu des inqui\u00e9tantes d\u00e9clarations de campagne de LW.<br \/>\n&nbsp;<br \/>\nLors des r\u00e9gionales il y avait eu un d\u00e9bat sur les TER sur France 3 et il s&rsquo;\u00e9tait exprim\u00e9 suite au m\u00e9contentement des usagers (retards, annulations, pannes etc.). Le lot du quotidien d&rsquo;un usagers des TER normal en France.<br \/>\n&nbsp;<br \/>\n<iframe loading=\"lazy\" width=\"544\" height=\"306\" src=\"\/\/embedftv-a.akamaihd.net\/97f3795b79e7338b6ae9d21e17a8558a\" frameborder=\"0\" scrolling=\"no\"><\/iframe><br \/><a href=\"http:\/\/france3-regions.francetvinfo.fr\/rhone-alpes\/regionales-la-controverse-sur-les-ter-au-coeur-du-debat-865259.html\" target=\"_blank\"><\/a><br \/>\n&nbsp;<br \/>\nEt ce pour mieux conna\u00eetre donc la personne qui va d\u00e9fendre d\u00e9sormais les liaisons r\u00e9gionales ferroviaires.<br \/>\n&nbsp;<br \/>\nAvec un salut amical de notre collectif \u00e0 Luc Bourduge qui aura laiss\u00e9 un excellent souvenir \u00e0 la d\u00e9l\u00e9gation transports de la r\u00e9gion Auvergne et avec qui il a toujours \u00e9t\u00e9 facile de faire avancer les choses. Merci \u00e0 lui.<\/p>\n","protected":false},"excerpt":{"rendered":"<p>Il est \u00e9tiquet\u00e9 Modem, vient de Savoie et son alliance avec L. Wauquiez passe assez mal dans les<\/p>\n","protected":false},"author":1,"featured_media":1684,"comment_status":"closed","ping_status":"open","sticky":false,"template":"","format":"standard","meta":{"footnotes":""},"categories":[2],"tags":[],"class_list":["post-261","post","type-post","status-publish","format-standard","has-post-thumbnail","hentry","category-infos"],"_links":{"self":[{"href":"https:\/\/usagers-transports.haut-allier.eu\/index.php\/wp-json\/wp\/v2\/posts\/261","targetHints":{"allow":["GET"]}}],"collection":[{"href":"https:\/\/usagers-transports.haut-allier.eu\/index.php\/wp-json\/wp\/v2\/posts"}],"about":[{"href":"https:\/\/usagers-transports.haut-allier.eu\/index.php\/wp-json\/wp\/v2\/types\/post"}],"author":[{"embeddable":true,"href":"https:\/\/usagers-transports.haut-allier.eu\/index.php\/wp-json\/wp\/v2\/users\/1"}],"replies":[{"embeddable":true,"href":"https:\/\/usagers-transports.haut-allier.eu\/index.php\/wp-json\/wp\/v2\/comments?post=261"}],"version-history":[{"count":0,"href":"https:\/\/usagers-transports.haut-allier.eu\/index.php\/wp-json\/wp\/v2\/posts\/261\/revisions"}],"wp:featuredmedia":[{"embeddable":true,"href":"https:\/\/usagers-transports.haut-allier.eu\/index.php\/wp-json\/wp\/v2\/media\/1684"}],"wp:attachment":[{"href":"https:\/\/usagers-transports.haut-allier.eu\/index.php\/wp-json\/wp\/v2\/media?parent=261"}],"wp:term":[{"taxonomy":"category","embeddable":true,"href":"https:\/\/usagers-transports.haut-allier.eu\/index.php\/wp-json\/wp\/v2\/categories?post=261"},{"taxonomy":"post_tag","embeddable":true,"href":"https:\/\/usagers-transports.haut-allier.eu\/index.php\/wp-json\/wp\/v2\/tags?post=261"}],"curies":[{"name":"wp","href":"https:\/\/api.w.org\/{rel}","templated":true}]}}