{"id":262,"date":"2016-01-18T18:28:59","date_gmt":"2016-01-18T17:28:59","guid":{"rendered":"http:\/\/5.45.101.177\/haut-allier\/usagers-transportse\/index.php\/2016\/01\/18\/le-nouveau-mensonge-de-pepy-sur-le262\/"},"modified":"2016-01-18T18:28:59","modified_gmt":"2016-01-18T17:28:59","slug":"le-nouveau-mensonge-de-pepy-sur-le262","status":"publish","type":"post","link":"https:\/\/usagers-transports.haut-allier.eu\/index.php\/2016\/01\/18\/le-nouveau-mensonge-de-pepy-sur-le262\/","title":{"rendered":"Le nouveau mensonge de P\u00e9py sur le wifi pour tous les trains en 2016 se confirme"},"content":{"rendered":"<p>Comme nous le pressentions d\u00e9j\u00e0 lors de son annonce en juillet de l&rsquo;an dernier la promesse du wifi dans tous les trains TGV, Intercit\u00e9s et TER pour 2016 ne sera \u00e9videmment pas tenue ! Un nouveau mensonge du pr\u00e9sident de la soci\u00e9t\u00e9 nationale dite ferroviaire Guillaume P\u00e9py. Mais non pas de vagues et aucune d\u00e9mission en vue comme nous le r\u00e9clamons depuis longtemps. Tout va bien \u00e0 la SNCF.<br \/>\n&nbsp;<br \/>\n<img loading=\"lazy\" decoding=\"async\" class=\" aligncenter size-full wp-image-1686\" src=\"http:\/\/5.45.101.177\/haut-allier\/usagers-transportse\/wp-content\/uploads\/2016\/01\/Capture-decran-2015-07-06-a-11.jpg\" alt=\"Capture-decran-2015-07-06-a-11.jpg\" align=\"center\" width=\"858\" height=\"429\" srcset=\"https:\/\/usagers-transports.haut-allier.eu\/wp-content\/uploads\/2016\/01\/Capture-decran-2015-07-06-a-11.jpg 858w, https:\/\/usagers-transports.haut-allier.eu\/wp-content\/uploads\/2016\/01\/Capture-decran-2015-07-06-a-11-300x150.jpg 300w, https:\/\/usagers-transports.haut-allier.eu\/wp-content\/uploads\/2016\/01\/Capture-decran-2015-07-06-a-11-768x384.jpg 768w\" sizes=\"auto, (max-width: 858px) 100vw, 858px\" \/><br \/>\n<em>L&rsquo;annonce mensong\u00e8re du wifi dans tous les trains pour 2016 c&rsquo;\u00e9tait il n&rsquo;y a que six mois<\/em><br \/>\n&nbsp;<br \/>\nC&rsquo;est seulement d\u00e9but 2017 que certains TGV en seraient \u00e9quip\u00e9s. Et le reste des trains attendra : la directrice g\u00e9n\u00e9rale de la branche SNCF voyageurs, Barbara Dallibard, a indiqu\u00e9 \u00e0 BFM Business <em>\u00ab On va mettre en \u0153uvre des syst\u00e8mes dans les trains pour permettre d\u2019avoir le wifi, en commen\u00e7ant par les trains \u00e0 grande vitesse. En 2017, vous allez commencer \u00e0 avoir \u00e7a. \u00bb<\/em><br \/>\n&nbsp;<br \/>\n<strong>Et m\u00eame nous apprenons que ce n&rsquo;est que 90% des trains qui seront \u00e9quip\u00e9s du Wifi avant&#8230; 2020. Le train Intercit\u00e9s, s&rsquo;il l&rsquo;est encore Intercit\u00e9s, de la ligne du C\u00e9venol avec ses 106 tunnels, attendra certainement l&rsquo;\u00e9ternit\u00e9 !  Ca on peut sans peine l&rsquo;affirmer.<\/strong><br \/>\n&nbsp;<br \/>\nQue dire ? Que faire avec cette politique syst\u00e9matique d&rsquo;enfumage de la SNCF concernant le train, son coeur de m\u00e9tier ?<br \/>\n&nbsp;<br \/>\n<strong>Les m\u00e9dias offusqu\u00e9s : <\/strong><br \/>\n&nbsp;<br \/>\n&#8211; Silicon.fr le 15 janvier :  <a href=\"http:\/\/www.silicon.fr\/la-sncf-rate-le-train-du-wifi-en-2016-136029.html\">La SNCF rate le train du WiFi en 2016<\/a><br \/>\n&#8211; Next Inpact le 18 janvier : <a href=\"http:\/\/www.nextinpact.com\/news\/98116-sncf-wi-fi-dans-trains-narrivera-finalement-pas-avant-2017.htm\">SNCF \/ le Wi-Fi dans les trains n&rsquo;arrivera finalement pas avant 2017<\/a><br \/>\n&#8211; Les Num\u00e9riques le 18 janvier : <a href=\"http:\/\/www.lesnumeriques.com\/vie-du-net\/sncf-wi-fi-dans-trains-attendra-finalement-2017-n49061.html\">Le Wi-Fi dans les trains attendra finalement 2017<\/a><br \/>\n&#8211; Le Figaro du 15 janvier : <a href=\"http:\/\/www.lefigaro.fr\/secteur\/high-tech\/2016\/01\/15\/32001-20160115ARTFIG00098-wi-fi-dans-les-trains-la-sncf-prend-du-retard.php\"> Wi-Fi dans les trains &#8211; la SNCF prend du retard<\/a><br \/>\n&#8211; Boursier.com :  <a href=\"http:\/\/www.boursier.com\/actualites\/economie\/sncf-90-des-trains-seront-equipes-du-wifi-avant-2020-30315.html\">90% des trains seront \u00e9quip\u00e9s du Wifi avant 2020<\/a><br \/>\n&#8211; etc. etc.<\/p>\n","protected":false},"excerpt":{"rendered":"<p>Comme nous le pressentions d\u00e9j\u00e0 lors de son annonce en juillet de l&rsquo;an dernier la promesse du wifi<\/p>\n","protected":false},"author":1,"featured_media":1685,"comment_status":"closed","ping_status":"open","sticky":false,"template":"","format":"standard","meta":{"footnotes":""},"categories":[8],"tags":[],"class_list":["post-262","post","type-post","status-publish","format-standard","has-post-thumbnail","hentry","category-communiques"],"_links":{"self":[{"href":"https:\/\/usagers-transports.haut-allier.eu\/index.php\/wp-json\/wp\/v2\/posts\/262","targetHints":{"allow":["GET"]}}],"collection":[{"href":"https:\/\/usagers-transports.haut-allier.eu\/index.php\/wp-json\/wp\/v2\/posts"}],"about":[{"href":"https:\/\/usagers-transports.haut-allier.eu\/index.php\/wp-json\/wp\/v2\/types\/post"}],"author":[{"embeddable":true,"href":"https:\/\/usagers-transports.haut-allier.eu\/index.php\/wp-json\/wp\/v2\/users\/1"}],"replies":[{"embeddable":true,"href":"https:\/\/usagers-transports.haut-allier.eu\/index.php\/wp-json\/wp\/v2\/comments?post=262"}],"version-history":[{"count":0,"href":"https:\/\/usagers-transports.haut-allier.eu\/index.php\/wp-json\/wp\/v2\/posts\/262\/revisions"}],"wp:featuredmedia":[{"embeddable":true,"href":"https:\/\/usagers-transports.haut-allier.eu\/index.php\/wp-json\/wp\/v2\/media\/1685"}],"wp:attachment":[{"href":"https:\/\/usagers-transports.haut-allier.eu\/index.php\/wp-json\/wp\/v2\/media?parent=262"}],"wp:term":[{"taxonomy":"category","embeddable":true,"href":"https:\/\/usagers-transports.haut-allier.eu\/index.php\/wp-json\/wp\/v2\/categories?post=262"},{"taxonomy":"post_tag","embeddable":true,"href":"https:\/\/usagers-transports.haut-allier.eu\/index.php\/wp-json\/wp\/v2\/tags?post=262"}],"curies":[{"name":"wp","href":"https:\/\/api.w.org\/{rel}","templated":true}]}}