{"id":263,"date":"2016-01-18T20:22:57","date_gmt":"2016-01-18T19:22:57","guid":{"rendered":"http:\/\/5.45.101.177\/haut-allier\/usagers-transportse\/index.php\/2016\/01\/18\/carole-delga-s-engage-pour-la263\/"},"modified":"2016-01-18T20:22:57","modified_gmt":"2016-01-18T19:22:57","slug":"carole-delga-s-engage-pour-la263","status":"publish","type":"post","link":"https:\/\/usagers-transports.haut-allier.eu\/index.php\/2016\/01\/18\/carole-delga-s-engage-pour-la263\/","title":{"rendered":"Carole Delga s&rsquo;engage pour la ligne B\u00e9ziers Neussargues"},"content":{"rendered":"<p>Lors de la 2\u00e8me assembl\u00e9e pl\u00e9ni\u00e8re de la nouvelle grande r\u00e9gion Languedoc Roussillon Midi Pyr\u00e9n\u00e9es \u00e0 Toulouse ce lundi 18 janvier la pr\u00e9sidente de la collectivit\u00e9 a d\u00e9clar\u00e9 \u00e0 propos du maintien de la ligne ferroviaire du train Aubrac :<br \/>\n&nbsp;<br \/>\n<strong> <em>\u00ab\u00a0Il ne sera pas question de transiger.\u00a0\u00bb<\/em> <\/strong><br \/>\n&nbsp;<br \/>\n<img loading=\"lazy\" decoding=\"async\" class=\" aligncenter size-full wp-image-1688\" src=\"http:\/\/5.45.101.177\/haut-allier\/usagers-transportse\/wp-content\/uploads\/2016\/01\/la-presidente-carole-delga-a-rappele-son-plan-marshall-de_1748232_667x333.jpg\" alt=\"la-presidente-carole-delga-a-rappele-son-plan-marshall-de_1748232_667x333.jpg\" align=\"center\" width=\"600\" height=\"539\" srcset=\"https:\/\/usagers-transports.haut-allier.eu\/wp-content\/uploads\/2016\/01\/la-presidente-carole-delga-a-rappele-son-plan-marshall-de_1748232_667x333.jpg 600w, https:\/\/usagers-transports.haut-allier.eu\/wp-content\/uploads\/2016\/01\/la-presidente-carole-delga-a-rappele-son-plan-marshall-de_1748232_667x333-300x270.jpg 300w\" sizes=\"auto, (max-width: 600px) 100vw, 600px\" \/><br \/>\n&nbsp;<br \/>\nC&rsquo;est certes un peu court mais le message est clair et direct pour la pr\u00e9sidence de la soci\u00e9t\u00e9 dite ferroviaire. La nouvelle direction de la grande r\u00e9gion continuera \u00e0 se battre contre la SNCF puisqu&rsquo;il s&rsquo;agit d&rsquo;un combat permanent pour la d\u00e9fense des territoires ruraux et pas que, nous le constatons tous les jours.<br \/>\n&nbsp;<br \/>\nIl faut souhaiter que la r\u00e9gion Rh\u00f4ne-Alpes Auvergne suive la m\u00eame fermet\u00e9 pour d\u00e9fendre ses Intercit\u00e9s et ses lignes de montagne.<\/p>\n","protected":false},"excerpt":{"rendered":"<p>Lors de la 2\u00e8me assembl\u00e9e pl\u00e9ni\u00e8re de la nouvelle grande r\u00e9gion Languedoc Roussillon Midi Pyr\u00e9n\u00e9es \u00e0 Toulouse ce<\/p>\n","protected":false},"author":1,"featured_media":1687,"comment_status":"closed","ping_status":"open","sticky":false,"template":"","format":"standard","meta":{"footnotes":""},"categories":[3],"tags":[],"class_list":["post-263","post","type-post","status-publish","format-standard","has-post-thumbnail","hentry","category-en-train"],"_links":{"self":[{"href":"https:\/\/usagers-transports.haut-allier.eu\/index.php\/wp-json\/wp\/v2\/posts\/263","targetHints":{"allow":["GET"]}}],"collection":[{"href":"https:\/\/usagers-transports.haut-allier.eu\/index.php\/wp-json\/wp\/v2\/posts"}],"about":[{"href":"https:\/\/usagers-transports.haut-allier.eu\/index.php\/wp-json\/wp\/v2\/types\/post"}],"author":[{"embeddable":true,"href":"https:\/\/usagers-transports.haut-allier.eu\/index.php\/wp-json\/wp\/v2\/users\/1"}],"replies":[{"embeddable":true,"href":"https:\/\/usagers-transports.haut-allier.eu\/index.php\/wp-json\/wp\/v2\/comments?post=263"}],"version-history":[{"count":0,"href":"https:\/\/usagers-transports.haut-allier.eu\/index.php\/wp-json\/wp\/v2\/posts\/263\/revisions"}],"wp:featuredmedia":[{"embeddable":true,"href":"https:\/\/usagers-transports.haut-allier.eu\/index.php\/wp-json\/wp\/v2\/media\/1687"}],"wp:attachment":[{"href":"https:\/\/usagers-transports.haut-allier.eu\/index.php\/wp-json\/wp\/v2\/media?parent=263"}],"wp:term":[{"taxonomy":"category","embeddable":true,"href":"https:\/\/usagers-transports.haut-allier.eu\/index.php\/wp-json\/wp\/v2\/categories?post=263"},{"taxonomy":"post_tag","embeddable":true,"href":"https:\/\/usagers-transports.haut-allier.eu\/index.php\/wp-json\/wp\/v2\/tags?post=263"}],"curies":[{"name":"wp","href":"https:\/\/api.w.org\/{rel}","templated":true}]}}