{"id":264,"date":"2016-01-21T12:06:30","date_gmt":"2016-01-21T11:06:30","guid":{"rendered":"http:\/\/5.45.101.177\/haut-allier\/usagers-transportse\/index.php\/2016\/01\/21\/monistrol-alleyras-chapeauroux264\/"},"modified":"2026-09-01T15:53:33","modified_gmt":"2026-09-01T13:53:33","slug":"monistrol-alleyras-chapeauroux264","status":"publish","type":"post","link":"https:\/\/usagers-transports.haut-allier.eu\/index.php\/2016\/01\/21\/monistrol-alleyras-chapeauroux264\/","title":{"rendered":"Monistrol Alleyras Chapeauroux impact\u00e9s par une suppression de trains jusqu&rsquo;au 29 janvier !"},"content":{"rendered":"Une nouvelle fois serait-on amen\u00e9 \u00e0 dire. La raison annonc\u00e9e est \u00ab\u00a0Des difficult\u00e9s de production\u00a0\u00bb. Sous ce vocable obscur utilis\u00e9 \u00e0 toutes les sauces peuvent se cacher des travaux ou bien l&rsquo;indisponibilit\u00e9 de plusieurs rames ou encore&#8230; on ne sait.\n&nbsp;\n<strong>Ce sont les deux trains TER du soir le montant et le descendant qui sont supprim\u00e9s depuis hier 20 janvier et jusqu&rsquo;au 29 janvier.<\/strong>\n&nbsp;\n<strong>ATTENTION NE PAS UTILISER LES SITES INTERNET VOYAGES SNCF et TER AUVERGNE : ILS VOUS VENDENT LES BILLETS ET VOUS NE POURREZ PAS VOYAGER EN TRAIN !!!. <\/strong> \n&nbsp;\nSur le site TER il faudra cliquer sur le pictogramme \u00ab\u00a0i\u00a0\u00bb pour s&rsquo;apercevoir qu&rsquo;il n&rsquo;y a pas de train ! On vous propose d&rsquo;appeler un taxi la veille ! C&rsquo;est pas se ficher des usagers \u00e7a ?\n&nbsp;\nUn bus est mis en remplacement de Clermont \u00e0 Langogne et aucune solution correcte de substitution pour nos trois communes des gorges sauvages \u00e0 part le taxi \u00e0 la demande qu&rsquo;il faut avertir la veille.\n&nbsp;\nDe cette fa\u00e7on on pourra f\u00eater dignement l&rsquo;anniversaire de la coupure de fin janvier de 2015 avec le d\u00e9raillement du train de fret \u00e0 Chapeauroux&#8230;\n&nbsp;\nVoici les infos de la SNCF :\n&nbsp;\n <a href=\"http:\/\/5.45.101.177\/haut-allier\/usagers-transportse\/wp-content\/uploads\/2016\/01\/UTHA-873994_et_873995_des_17_au_22_janvier_2016_tcm60-31834_tcm60-69467.pdf\">UTHA-873994_et_873995_des_17_au_22_janvier_2016_tcm60-31834_tcm60-69467.pdf<\/a>\n&nbsp;\n<a href=\"http:\/\/5.45.101.177\/haut-allier\/usagers-transportse\/wp-content\/uploads\/2016\/01\/UTHA-CLE_NI_du_25_au_29-01-16_tcm52-65812_tcm52-64648.pdf\">UTHA-CLE_NI_du_25_au_29-01-16_tcm52-65812_tcm52-64648.pdf<\/a>\n&nbsp;\n<a href=\"http:\/\/5.45.101.177\/haut-allier\/usagers-transportse\/wp-content\/uploads\/2016\/01\/UTHT-CLE_NI_du_18_au_22-01-16_tcm52-24045_tcm52-49754.pdf\">UTHT-CLE_NI_du_18_au_22-01-16_tcm52-24045_tcm52-49754.pdf<\/a>\n&nbsp;\n<a href=\"http:\/\/5.45.101.177\/haut-allier\/usagers-transportse\/wp-content\/uploads\/2016\/01\/UTHT-CLE_NI_du_25_au_29-01-16_tcm52-65812_tcm52-64648.pdf\">UTHT-CLE_NI_du_25_au_29-01-16_tcm52-65812_tcm52-64648.pdf<\/a>\n&nbsp;\n<strong>[Mise \u00e0 jour du 22 janvier 6h]<\/strong>\nUn d\u00e9but d&rsquo;explication avec la lettre que vient d&rsquo;adresser le maire de Brioude au pr\u00e9sident de r\u00e9gion Auvergne Rh\u00f4ne Alpes : Apparemment ce n&rsquo;est que le d\u00e9but de la gal\u00e8re ! Des histoires de non entretien, de mat\u00e9riels insuffisants et de s\u00e9curitaire. Tous les pr\u00e9textes seront bons. \n&nbsp;\n<img loading=\"lazy\" decoding=\"async\" class=\" aligncenter size-full wp-image-1694\" src=\"http:\/\/5.45.101.177\/haut-allier\/usagers-transportse\/wp-content\/uploads\/2016\/01\/SMAIRIE_BRI16012110061.jpg\" alt=\"SMAIRIE_BRI16012110061.jpg\" align=\"center\" width=\"743\" height=\"1052\" srcset=\"https:\/\/usagers-transports.haut-allier.eu\/wp-content\/uploads\/2016\/01\/SMAIRIE_BRI16012110061.jpg 743w, https:\/\/usagers-transports.haut-allier.eu\/wp-content\/uploads\/2016\/01\/SMAIRIE_BRI16012110061-212x300.jpg 212w, https:\/\/usagers-transports.haut-allier.eu\/wp-content\/uploads\/2016\/01\/SMAIRIE_BRI16012110061-723x1024.jpg 723w\" sizes=\"auto, (max-width: 743px) 100vw, 743px\" \/>\n&nbsp;\n<em>(Source : association des \u00e9lus pour la d\u00e9fense du C\u00e9venol)<\/em><p>&nbsp;<\/p>\n\n\t<figure class=\"wp-block-gallery columns-3 is-cropped wp-block-gallery-1 is-layout-flex wp-block-gallery-is-layout-flex\">\n\t\t<ul class=\"blocks-gallery-grid\">\n\t\t\t<li class=\"blocks-gallery-item\">\n\t\t\t\t<figure>\n\t\t\t\t\t\t\t\t\t\t\t<img loading=\"lazy\" decoding=\"async\" width=\"694\" height=\"982\" src=\"http:\/\/5.45.101.177\/haut-allier\/usagers-transportse\/wp-content\/uploads\/2016\/01\/UTHA-873994_et_873995_des_17_au_22_janvier_2016_tcm60-31834_tcm60-69467.jpg\"\n\t\t\t\t\t\t alt=\"UTHA-873994_et_873995_des_17_au_22_janvier_2016_tcm60-31834_tcm60-69467.jpg\"\n\t\t\t\t\t\t data-id=\"1695\"\n\t\t\t\t\t\t data-full-url=\"http:\/\/5.45.101.177\/haut-allier\/usagers-transportse\/wp-content\/uploads\/2016\/01\/UTHA-873994_et_873995_des_17_au_22_janvier_2016_tcm60-31834_tcm60-69467.jpg\"\n\t\t\t\t\t\t data-link=\"http:\/\/5.45.101.177\/haut-allier\/usagers-transportse\/attachment-utha-873994_et_873995_des_17_au_22_janvier_2016_tcm60-31834_tcm60-69467-jpg\/\"\n\t\t\t\t\t\t class=\"wp-image-1695\" srcset=\"https:\/\/usagers-transports.haut-allier.eu\/wp-content\/uploads\/2016\/01\/UTHA-873994_et_873995_des_17_au_22_janvier_2016_tcm60-31834_tcm60-69467.jpg 694w, https:\/\/usagers-transports.haut-allier.eu\/wp-content\/uploads\/2016\/01\/UTHA-873994_et_873995_des_17_au_22_janvier_2016_tcm60-31834_tcm60-69467-212x300.jpg 212w\" sizes=\"auto, (max-width: 694px) 100vw, 694px\" \/>\n\t\t\t\t<\/figure>\n\t\t\t<\/li>\n\t\t\t<li class=\"blocks-gallery-item\">\n\t\t\t\t<figure>\n\t\t\t\t\t\t\t\t\t\t\t<img loading=\"lazy\" decoding=\"async\" width=\"694\" height=\"981\" src=\"http:\/\/5.45.101.177\/haut-allier\/usagers-transportse\/wp-content\/uploads\/2016\/01\/UTHA-CLE_NI_du_25_au_29-01-16_tcm52-65812_tcm52-64648.jpg\"\n\t\t\t\t\t\t alt=\"UTHA-CLE_NI_du_25_au_29-01-16_tcm52-65812_tcm52-64648.jpg\"\n\t\t\t\t\t\t data-id=\"1696\"\n\t\t\t\t\t\t data-full-url=\"http:\/\/5.45.101.177\/haut-allier\/usagers-transportse\/wp-content\/uploads\/2016\/01\/UTHA-CLE_NI_du_25_au_29-01-16_tcm52-65812_tcm52-64648.jpg\"\n\t\t\t\t\t\t data-link=\"http:\/\/5.45.101.177\/haut-allier\/usagers-transportse\/attachment-utha-cle_ni_du_25_au_29-01-16_tcm52-65812_tcm52-64648-jpg\/\"\n\t\t\t\t\t\t class=\"wp-image-1696\" srcset=\"https:\/\/usagers-transports.haut-allier.eu\/wp-content\/uploads\/2016\/01\/UTHA-CLE_NI_du_25_au_29-01-16_tcm52-65812_tcm52-64648.jpg 694w, https:\/\/usagers-transports.haut-allier.eu\/wp-content\/uploads\/2016\/01\/UTHA-CLE_NI_du_25_au_29-01-16_tcm52-65812_tcm52-64648-212x300.jpg 212w\" sizes=\"auto, (max-width: 694px) 100vw, 694px\" \/>\n\t\t\t\t<\/figure>\n\t\t\t<\/li>\n\t\t\t<li class=\"blocks-gallery-item\">\n\t\t\t\t<figure>\n\t\t\t\t\t\t\t\t\t\t\t<img loading=\"lazy\" decoding=\"async\" width=\"694\" height=\"981\" src=\"http:\/\/5.45.101.177\/haut-allier\/usagers-transportse\/wp-content\/uploads\/2016\/01\/UTHT-CLE_NI_du_18_au_22-01-16_tcm52-24045_tcm52-49754.jpg\"\n\t\t\t\t\t\t alt=\"UTHT-CLE_NI_du_18_au_22-01-16_tcm52-24045_tcm52-49754.jpg\"\n\t\t\t\t\t\t data-id=\"1697\"\n\t\t\t\t\t\t data-full-url=\"http:\/\/5.45.101.177\/haut-allier\/usagers-transportse\/wp-content\/uploads\/2016\/01\/UTHT-CLE_NI_du_18_au_22-01-16_tcm52-24045_tcm52-49754.jpg\"\n\t\t\t\t\t\t data-link=\"http:\/\/5.45.101.177\/haut-allier\/usagers-transportse\/attachment-utht-cle_ni_du_18_au_22-01-16_tcm52-24045_tcm52-49754-jpg\/\"\n\t\t\t\t\t\t class=\"wp-image-1697\" srcset=\"https:\/\/usagers-transports.haut-allier.eu\/wp-content\/uploads\/2016\/01\/UTHT-CLE_NI_du_18_au_22-01-16_tcm52-24045_tcm52-49754.jpg 694w, https:\/\/usagers-transports.haut-allier.eu\/wp-content\/uploads\/2016\/01\/UTHT-CLE_NI_du_18_au_22-01-16_tcm52-24045_tcm52-49754-212x300.jpg 212w\" sizes=\"auto, (max-width: 694px) 100vw, 694px\" \/>\n\t\t\t\t<\/figure>\n\t\t\t<\/li>\n\t\t\t<li class=\"blocks-gallery-item\">\n\t\t\t\t<figure>\n\t\t\t\t\t\t\t\t\t\t\t<img loading=\"lazy\" decoding=\"async\" width=\"694\" height=\"981\" src=\"http:\/\/5.45.101.177\/haut-allier\/usagers-transportse\/wp-content\/uploads\/2016\/01\/UTHT-CLE_NI_du_25_au_29-01-16_tcm52-65812_tcm52-64648.jpg\"\n\t\t\t\t\t\t alt=\"UTHT-CLE_NI_du_25_au_29-01-16_tcm52-65812_tcm52-64648.jpg\"\n\t\t\t\t\t\t data-id=\"1698\"\n\t\t\t\t\t\t data-full-url=\"http:\/\/5.45.101.177\/haut-allier\/usagers-transportse\/wp-content\/uploads\/2016\/01\/UTHT-CLE_NI_du_25_au_29-01-16_tcm52-65812_tcm52-64648.jpg\"\n\t\t\t\t\t\t data-link=\"http:\/\/5.45.101.177\/haut-allier\/usagers-transportse\/attachment-utht-cle_ni_du_25_au_29-01-16_tcm52-65812_tcm52-64648-jpg\/\"\n\t\t\t\t\t\t class=\"wp-image-1698\" srcset=\"https:\/\/usagers-transports.haut-allier.eu\/wp-content\/uploads\/2016\/01\/UTHT-CLE_NI_du_25_au_29-01-16_tcm52-65812_tcm52-64648.jpg 694w, https:\/\/usagers-transports.haut-allier.eu\/wp-content\/uploads\/2016\/01\/UTHT-CLE_NI_du_25_au_29-01-16_tcm52-65812_tcm52-64648-212x300.jpg 212w\" sizes=\"auto, (max-width: 694px) 100vw, 694px\" \/>\n\t\t\t\t<\/figure>\n\t\t\t<\/li>\n\t\t<\/ul>\n\t<\/figure>\n","protected":false},"excerpt":{"rendered":"<p>Une nouvelle fois serait-on amen\u00e9 \u00e0 dire. La raison annonc\u00e9e est \u00ab\u00a0Des difficult\u00e9s de production\u00a0\u00bb. Sous ce vocable<\/p>\n","protected":false},"author":1,"featured_media":1689,"comment_status":"closed","ping_status":"open","sticky":false,"template":"","format":"standard","meta":{"footnotes":""},"categories":[3],"tags":[],"class_list":["post-264","post","type-post","status-publish","format-standard","has-post-thumbnail","hentry","category-en-train"],"_links":{"self":[{"href":"https:\/\/usagers-transports.haut-allier.eu\/index.php\/wp-json\/wp\/v2\/posts\/264","targetHints":{"allow":["GET"]}}],"collection":[{"href":"https:\/\/usagers-transports.haut-allier.eu\/index.php\/wp-json\/wp\/v2\/posts"}],"about":[{"href":"https:\/\/usagers-transports.haut-allier.eu\/index.php\/wp-json\/wp\/v2\/types\/post"}],"author":[{"embeddable":true,"href":"https:\/\/usagers-transports.haut-allier.eu\/index.php\/wp-json\/wp\/v2\/users\/1"}],"replies":[{"embeddable":true,"href":"https:\/\/usagers-transports.haut-allier.eu\/index.php\/wp-json\/wp\/v2\/comments?post=264"}],"version-history":[{"count":1,"href":"https:\/\/usagers-transports.haut-allier.eu\/index.php\/wp-json\/wp\/v2\/posts\/264\/revisions"}],"predecessor-version":[{"id":1699,"href":"https:\/\/usagers-transports.haut-allier.eu\/index.php\/wp-json\/wp\/v2\/posts\/264\/revisions\/1699"}],"wp:featuredmedia":[{"embeddable":true,"href":"https:\/\/usagers-transports.haut-allier.eu\/index.php\/wp-json\/wp\/v2\/media\/1689"}],"wp:attachment":[{"href":"https:\/\/usagers-transports.haut-allier.eu\/index.php\/wp-json\/wp\/v2\/media?parent=264"}],"wp:term":[{"taxonomy":"category","embeddable":true,"href":"https:\/\/usagers-transports.haut-allier.eu\/index.php\/wp-json\/wp\/v2\/categories?post=264"},{"taxonomy":"post_tag","embeddable":true,"href":"https:\/\/usagers-transports.haut-allier.eu\/index.php\/wp-json\/wp\/v2\/tags?post=264"}],"curies":[{"name":"wp","href":"https:\/\/api.w.org\/{rel}","templated":true}]}}