{"id":265,"date":"2016-01-29T09:00:04","date_gmt":"2016-01-29T08:00:04","guid":{"rendered":"http:\/\/5.45.101.177\/haut-allier\/usagers-transportse\/index.php\/2016\/01\/29\/adieu-brinquebalant-train-cevenol265\/"},"modified":"2016-01-29T09:00:04","modified_gmt":"2016-01-29T08:00:04","slug":"adieu-brinquebalant-train-cevenol265","status":"publish","type":"post","link":"https:\/\/usagers-transports.haut-allier.eu\/index.php\/2016\/01\/29\/adieu-brinquebalant-train-cevenol265\/","title":{"rendered":"Adieu brinquebalant train C\u00e9venol et Bienvenue aux Saucisses !"},"content":{"rendered":"<p>Nous le r\u00e9clamions depuis longtemps : enfin le mat\u00e9riel roulant du train Intercit\u00e9s C\u00e9venol est remplac\u00e9 !<br \/>\n&nbsp;<br \/>\nRappelons que l&rsquo;ensemble constitu\u00e9 de trois wagons corail et d&rsquo;une locomotive diesel de type BB-67400 \u00e9tait <strong>\u00e0 bout de souffle<\/strong>, n\u00e9cessitant m\u00eame apr\u00e8s 9 mois de remisage et de maintenance l&rsquo;an dernier la condamnation d&rsquo;un wagon entier le premier jour de sa remise en circulation \u00e0 la mi d\u00e9cembre. L&rsquo;\u00e9t\u00e9 les machines n&rsquo;arrivaient m\u00eame plus \u00e0 se maintenir aux vitesses maximales, tr\u00e8s basses, dans les gorges et ailleurs, occasionnant des retards syst\u00e9matiques et annulations de correspondance.<br \/>\n&nbsp;<br \/>\nC&rsquo;est donc de notre point de vue une bonne nouvelle que de les voir remplacer d\u00e8s le 1er avril prochain par des rames plus r\u00e9centes dites X-73500, vous savez les baleines bleues ou encore concombres, suppositoires ou saucisses&#8230; Enfin celles qu&rsquo;on a d\u00e9j\u00e0 pour les TER.<br \/>\n&nbsp;<br \/>\n<strong>Plus l\u00e9g\u00e8res certes, automotrices, d&rsquo;un confort un peu moindre en terme de tenue de \u00ab\u00a0route\u00a0\u00bb, leur utilisation m\u00e9nagera tous les ouvrages d&rsquo;art sur le parcours<\/strong>. Une sage d\u00e9cision.<br \/>\n&nbsp;<br \/>\nAh c&rsquo;est s\u00fbr ce n&rsquo;est pas un R\u00e9giolis, le nouveau train d&rsquo;Alsthom destin\u00e9 \u00e0 remplacer les TER qui commence d\u00e9j\u00e0 \u00e0 circuler un peu partout. R\u00e9giolis qui n&rsquo;apporte d&rsquo;ailleurs pas grand chose ni en termes de confort ni sur le plan technique. Nous nous contenterons bien des concombres. Si de plus elles pouvaient \u00eatre \u00e9quip\u00e9es de prises \u00e9lectriques&#8230; Que du bonheur.<br \/>\n&nbsp;<br \/>\nCar on a beau dire cela devrait am\u00e9liorer la ponctualit\u00e9, la p\u00e9rennit\u00e9 des viaducs et autres ponts, pour un niveau de bruit \u00e0 l&rsquo;int\u00e9rieur un peu plus \u00e9lev\u00e9 il est vrai. Et les jours d&rsquo;affluence il faut esp\u00e9rer que la g\u00e9niale SNCF saura trouver la disponibilit\u00e9 d&rsquo;autres rames pour compl\u00e9ter une baleine dont la capacit\u00e9 est limit\u00e9e.<br \/>\n&nbsp;<br \/>\n <img loading=\"lazy\" decoding=\"async\" class=\" aligncenter size-full wp-image-1701\" src=\"http:\/\/5.45.101.177\/haut-allier\/usagers-transportse\/wp-content\/uploads\/2016\/01\/train-cevenol-2016-kil-est-bel-et-bon.png\" alt=\"train-cevenol-2016-kil-est-bel-et-bon.png\" align=\"center\" width=\"800\" height=\"600\" srcset=\"https:\/\/usagers-transports.haut-allier.eu\/wp-content\/uploads\/2016\/01\/train-cevenol-2016-kil-est-bel-et-bon.png 800w, https:\/\/usagers-transports.haut-allier.eu\/wp-content\/uploads\/2016\/01\/train-cevenol-2016-kil-est-bel-et-bon-300x225.png 300w, https:\/\/usagers-transports.haut-allier.eu\/wp-content\/uploads\/2016\/01\/train-cevenol-2016-kil-est-bel-et-bon-768x576.png 768w\" sizes=\"auto, (max-width: 800px) 100vw, 800px\" \/><br \/>\n&nbsp;<br \/>\n<em>Composition florale de circonstance (Non ce n&rsquo;est pas une couronne mortuaire)<\/em><br \/>\n&nbsp;<br \/>\n<strong>Dans la presse :<\/strong><br \/>\n&nbsp;<br \/>\n&#8211; Midi Libre Loz\u00e8re du 30 janvier 2016 :<br \/>\n&nbsp;<br \/>\n <img loading=\"lazy\" decoding=\"async\" class=\" aligncenter size-full wp-image-1702\" src=\"http:\/\/5.45.101.177\/haut-allier\/usagers-transportse\/wp-content\/uploads\/2016\/01\/PicsArt_02-01-01-58-55.jpg\" alt=\"PicsArt_02-01-01-58-55.jpg\" align=\"center\" width=\"572\" height=\"1304\" srcset=\"https:\/\/usagers-transports.haut-allier.eu\/wp-content\/uploads\/2016\/01\/PicsArt_02-01-01-58-55.jpg 572w, https:\/\/usagers-transports.haut-allier.eu\/wp-content\/uploads\/2016\/01\/PicsArt_02-01-01-58-55-132x300.jpg 132w, https:\/\/usagers-transports.haut-allier.eu\/wp-content\/uploads\/2016\/01\/PicsArt_02-01-01-58-55-449x1024.jpg 449w\" sizes=\"auto, (max-width: 572px) 100vw, 572px\" \/><br \/>\n&nbsp;<\/p>\n","protected":false},"excerpt":{"rendered":"<p>Nous le r\u00e9clamions depuis longtemps : enfin le mat\u00e9riel roulant du train Intercit\u00e9s C\u00e9venol est remplac\u00e9 ! &nbsp;<\/p>\n","protected":false},"author":1,"featured_media":1700,"comment_status":"closed","ping_status":"open","sticky":false,"template":"","format":"standard","meta":{"footnotes":""},"categories":[3],"tags":[],"class_list":["post-265","post","type-post","status-publish","format-standard","has-post-thumbnail","hentry","category-en-train"],"_links":{"self":[{"href":"https:\/\/usagers-transports.haut-allier.eu\/index.php\/wp-json\/wp\/v2\/posts\/265","targetHints":{"allow":["GET"]}}],"collection":[{"href":"https:\/\/usagers-transports.haut-allier.eu\/index.php\/wp-json\/wp\/v2\/posts"}],"about":[{"href":"https:\/\/usagers-transports.haut-allier.eu\/index.php\/wp-json\/wp\/v2\/types\/post"}],"author":[{"embeddable":true,"href":"https:\/\/usagers-transports.haut-allier.eu\/index.php\/wp-json\/wp\/v2\/users\/1"}],"replies":[{"embeddable":true,"href":"https:\/\/usagers-transports.haut-allier.eu\/index.php\/wp-json\/wp\/v2\/comments?post=265"}],"version-history":[{"count":0,"href":"https:\/\/usagers-transports.haut-allier.eu\/index.php\/wp-json\/wp\/v2\/posts\/265\/revisions"}],"wp:featuredmedia":[{"embeddable":true,"href":"https:\/\/usagers-transports.haut-allier.eu\/index.php\/wp-json\/wp\/v2\/media\/1700"}],"wp:attachment":[{"href":"https:\/\/usagers-transports.haut-allier.eu\/index.php\/wp-json\/wp\/v2\/media?parent=265"}],"wp:term":[{"taxonomy":"category","embeddable":true,"href":"https:\/\/usagers-transports.haut-allier.eu\/index.php\/wp-json\/wp\/v2\/categories?post=265"},{"taxonomy":"post_tag","embeddable":true,"href":"https:\/\/usagers-transports.haut-allier.eu\/index.php\/wp-json\/wp\/v2\/tags?post=265"}],"curies":[{"name":"wp","href":"https:\/\/api.w.org\/{rel}","templated":true}]}}