{"id":266,"date":"2016-01-30T18:41:37","date_gmt":"2016-01-30T17:41:37","guid":{"rendered":"http:\/\/5.45.101.177\/haut-allier\/usagers-transportse\/index.php\/2016\/01\/30\/leur-directeur-confirme-l-abandon266\/"},"modified":"2026-09-01T15:53:34","modified_gmt":"2026-09-01T13:53:34","slug":"leur-directeur-confirme-l-abandon266","status":"publish","type":"post","link":"https:\/\/usagers-transports.haut-allier.eu\/index.php\/2016\/01\/30\/leur-directeur-confirme-l-abandon266\/","title":{"rendered":"Leur directeur confirme l&rsquo;abandon des Intercit\u00e9s par la SNCF d\u00e8s f\u00e9vrier"},"content":{"rendered":"Edifiant de cynisme et stup\u00e9fiante l&rsquo;interview sur le Parisien ce 30 janvier : Jean Gh\u00e9dira directeur Intercit\u00e9s depuis l&rsquo;an dernier, ancien directeur r\u00e9gional SNCF \u00e0 Montpellier, ent\u00e9rine clairement la politique d&rsquo;abandon de la soci\u00e9t\u00e9 en prenant pour pr\u00e9texte, le f\u00e9lon, <em>la concurrence de l&rsquo;autocar et du covoiturage<\/em> ! \n&nbsp;\nAlors qu&rsquo;elle est juge et partie la SNCF ! Puisque le groupe &#8211; encore public ? &#8211; en d\u00e9tient les plus grosses soci\u00e9t\u00e9s nationales Blablacar et Transdev. Et un des directeurs du groupe se met en avant pour, de fa\u00e7on d\u00e9complex\u00e9e, assurer que :\n&nbsp;\n&#8211; Non on ne peut plus supporter de faire rouler des trains remplis de seulement 10 personnes, alors que c&rsquo;est le groupe auquel il appartient <strong>qui  a tu\u00e9 le train des pays et du quotidien de 30 millions de fran\u00e7ais<\/strong>, il cite le chiffre lui-m\u00eame, et ce depuis 50 ans en s&rsquo;en d\u00e9tournant. Et alors que le r\u00f4le des Intercit\u00e9s, ou Train d&rsquo;\u00e9quilibre du Territoire, justement c&rsquo;est d&rsquo;\u00e9quilibrer les territoires avec une compensation financi\u00e8re de l&rsquo;\u00e9tat. Vous me direz l&rsquo;\u00e9tat en ce moment c&rsquo;est plut\u00f4t  <em>Votre correspondant ne r\u00e9pond plus<\/em>. Sauf pour faire des coups m\u00e9diatiques.\n&nbsp;\nPuisqu&rsquo;on est dans le d\u00e9complex\u00e9 et en guerre totale, que son pr\u00e9sident et son premier ministre bien-aim\u00e9 annoncent clairement l&rsquo;abandon de l&rsquo;\u00e9quit\u00e9 des territoires, ce sera bien plus clair ! \n&nbsp;\n&#8211; Oui on va booster les quelques lignes qui marchent avec des tarifs attractifs : c&rsquo;est trop tard les petits amis. Les habitudes sont prises et il est tr\u00e8s difficile de faire remonter dans un train des usagers qui s&rsquo;en sont d\u00e9tourn\u00e9s pour plein de bonnes raisons : non ponctualit\u00e9, non r\u00e9gularit\u00e9, confort moyen, absence de prises \u00e9lectriques dans les anciens Corails, toilettes condamn\u00e9es etc. Les gens veulent un moyen de transport s\u00fbr, la SNCF le sait bien qui fait tout pour que ses TGV, les trains de riches, soient \u00e0 l&rsquo;heure en faisant patienter sur le bas c\u00f4t\u00e9 les trains des pauvres, ceux du r\u00e9seau ferroviaire historique du quotidien.\n&nbsp;\n&#8211; Apr\u00e8s l&rsquo;appel aux entreprises concurrentes qu&rsquo;elle va lancer d\u00e8s ce mois de f\u00e9vrier, dixit le directeur des TET, pour les lignes dont elle veut se d\u00e9barrasser, nous conseillons \u00e0 la direction SNCF ensuite de se recycler dans le spectacle, tiens le cirque au hasard, puisqu&rsquo;elle propose d\u00e9j\u00e0 un bon lot d&rsquo;animations dans les gares pour faire patienter l&rsquo;usager grognon. Qu&rsquo;elle se reconvertisse dans les clowns et le jonglage \u00e7a lui ira comme un gant. \n&nbsp;\n\nEn tous cas\n&nbsp;\n&#8211; <strong>Elle nous aura fait beaucoup rire<\/strong> depuis les ann\u00e9es 90.\n&#8211; <strong>Elle aura fait croitre d&rsquo;une fa\u00e7on radicale l&rsquo;utilisation des v\u00e9hicules personnels<\/strong> pollueurs de la plan\u00e8te,\n&#8211;<strong>Elle aura bien nourri les taxis<\/strong> et autres transporteurs palliatifs,\n&#8211; <strong>Elle aura fait perdre \u00e0 ses derniers usagers \u00e9norm\u00e9ment en terme d&rsquo;efficacit\u00e9 et de ponctualit\u00e9<\/strong>. Pour le boulot et les \u00e9tudes par exemple.\n&#8211; En r\u00e9sum\u00e9 elle aura emmerd\u00e9 tout le monde. Et toujours au prix d&rsquo;un billet excessif. \n&nbsp;\n\nNous pr\u00e9disons \u00e0 la SNCF de biens mauvais jours. Apr\u00e8s les Intercit\u00e9s ce sera les TGV qui sont d\u00e9j\u00e0 en d\u00e9ficit. En fait nous avons affaire \u00e0 une soci\u00e9t\u00e9 dite ferroviaire, fig\u00e9e, incapable de la moindre \u00e9volution d&rsquo;elle-m\u00eame, attendant tout des politiques, principalement les financements qu&rsquo;elle engloutit sans rendre de comptes, dont les dirigeants se fichent du coeur de m\u00e9tier et de son \u00e2me. Depuis des lustres. \n&nbsp;\nVite, la concurrence ! Pour le bien de tous.\n&nbsp;\n\nL&rsquo;article du Parisien :\n&nbsp;\n<img loading=\"lazy\" decoding=\"async\" class=\" aligncenter size-full wp-image-1704\" src=\"http:\/\/5.45.101.177\/haut-allier\/usagers-transportse\/wp-content\/uploads\/2016\/01\/leparisien-30jan2016-ghedira-intercites.jpg\" alt=\"leparisien-30jan2016-ghedira-intercites.jpg\" align=\"center\" width=\"1270\" height=\"818\" srcset=\"https:\/\/usagers-transports.haut-allier.eu\/wp-content\/uploads\/2016\/01\/leparisien-30jan2016-ghedira-intercites.jpg 1270w, https:\/\/usagers-transports.haut-allier.eu\/wp-content\/uploads\/2016\/01\/leparisien-30jan2016-ghedira-intercites-300x193.jpg 300w, https:\/\/usagers-transports.haut-allier.eu\/wp-content\/uploads\/2016\/01\/leparisien-30jan2016-ghedira-intercites-1024x660.jpg 1024w, https:\/\/usagers-transports.haut-allier.eu\/wp-content\/uploads\/2016\/01\/leparisien-30jan2016-ghedira-intercites-768x495.jpg 768w\" sizes=\"auto, (max-width: 1270px) 100vw, 1270px\" \/><p>&nbsp;<\/p>\n\n\t<figure class=\"wp-block-gallery columns-1 is-cropped wp-block-gallery-1 is-layout-flex wp-block-gallery-is-layout-flex\">\n\t\t<ul class=\"blocks-gallery-grid\">\n\t\t\t<li class=\"blocks-gallery-item\">\n\t\t\t\t<figure>\n\t\t\t\t\t\t\t\t\t\t\t<img loading=\"lazy\" decoding=\"async\" width=\"600\" height=\"377\" src=\"http:\/\/5.45.101.177\/haut-allier\/usagers-transportse\/wp-content\/uploads\/2016\/01\/leparisien-30jan2016-ghedira-intercites-w.jpg\"\n\t\t\t\t\t\t alt=\"leparisien-30jan2016-ghedira-intercites-w.jpg\"\n\t\t\t\t\t\t data-id=\"1705\"\n\t\t\t\t\t\t data-full-url=\"http:\/\/5.45.101.177\/haut-allier\/usagers-transportse\/wp-content\/uploads\/2016\/01\/leparisien-30jan2016-ghedira-intercites-w.jpg\"\n\t\t\t\t\t\t data-link=\"http:\/\/5.45.101.177\/haut-allier\/usagers-transportse\/attachment-leparisien-30jan2016-ghedira-intercites-w-jpg\/\"\n\t\t\t\t\t\t class=\"wp-image-1705\" srcset=\"https:\/\/usagers-transports.haut-allier.eu\/wp-content\/uploads\/2016\/01\/leparisien-30jan2016-ghedira-intercites-w.jpg 600w, https:\/\/usagers-transports.haut-allier.eu\/wp-content\/uploads\/2016\/01\/leparisien-30jan2016-ghedira-intercites-w-300x189.jpg 300w\" sizes=\"auto, (max-width: 600px) 100vw, 600px\" \/>\n\t\t\t\t<\/figure>\n\t\t\t<\/li>\n\t\t<\/ul>\n\t<\/figure>\n","protected":false},"excerpt":{"rendered":"<p>Edifiant de cynisme et stup\u00e9fiante l&rsquo;interview sur le Parisien ce 30 janvier : Jean Gh\u00e9dira directeur Intercit\u00e9s depuis<\/p>\n","protected":false},"author":1,"featured_media":1703,"comment_status":"closed","ping_status":"open","sticky":false,"template":"","format":"standard","meta":{"footnotes":""},"categories":[3],"tags":[],"class_list":["post-266","post","type-post","status-publish","format-standard","has-post-thumbnail","hentry","category-en-train"],"_links":{"self":[{"href":"https:\/\/usagers-transports.haut-allier.eu\/index.php\/wp-json\/wp\/v2\/posts\/266","targetHints":{"allow":["GET"]}}],"collection":[{"href":"https:\/\/usagers-transports.haut-allier.eu\/index.php\/wp-json\/wp\/v2\/posts"}],"about":[{"href":"https:\/\/usagers-transports.haut-allier.eu\/index.php\/wp-json\/wp\/v2\/types\/post"}],"author":[{"embeddable":true,"href":"https:\/\/usagers-transports.haut-allier.eu\/index.php\/wp-json\/wp\/v2\/users\/1"}],"replies":[{"embeddable":true,"href":"https:\/\/usagers-transports.haut-allier.eu\/index.php\/wp-json\/wp\/v2\/comments?post=266"}],"version-history":[{"count":1,"href":"https:\/\/usagers-transports.haut-allier.eu\/index.php\/wp-json\/wp\/v2\/posts\/266\/revisions"}],"predecessor-version":[{"id":1706,"href":"https:\/\/usagers-transports.haut-allier.eu\/index.php\/wp-json\/wp\/v2\/posts\/266\/revisions\/1706"}],"wp:featuredmedia":[{"embeddable":true,"href":"https:\/\/usagers-transports.haut-allier.eu\/index.php\/wp-json\/wp\/v2\/media\/1703"}],"wp:attachment":[{"href":"https:\/\/usagers-transports.haut-allier.eu\/index.php\/wp-json\/wp\/v2\/media?parent=266"}],"wp:term":[{"taxonomy":"category","embeddable":true,"href":"https:\/\/usagers-transports.haut-allier.eu\/index.php\/wp-json\/wp\/v2\/categories?post=266"},{"taxonomy":"post_tag","embeddable":true,"href":"https:\/\/usagers-transports.haut-allier.eu\/index.php\/wp-json\/wp\/v2\/tags?post=266"}],"curies":[{"name":"wp","href":"https:\/\/api.w.org\/{rel}","templated":true}]}}