{"id":268,"date":"2016-02-23T08:42:41","date_gmt":"2016-02-23T07:42:41","guid":{"rendered":"http:\/\/5.45.101.177\/haut-allier\/usagers-transportse\/index.php\/2016\/02\/23\/l-indemnisation-des-billets-ter268\/"},"modified":"2016-02-23T08:42:41","modified_gmt":"2016-02-23T07:42:41","slug":"l-indemnisation-des-billets-ter268","status":"publish","type":"post","link":"https:\/\/usagers-transports.haut-allier.eu\/index.php\/2016\/02\/23\/l-indemnisation-des-billets-ter268\/","title":{"rendered":"L&rsquo;indemnisation des billets TER sera-t-elle \u00e9tendue \u00e0 tout Auvergne Rh\u00f4ne Alpes en cas de retard ou d&rsquo;annulation ?"},"content":{"rendered":"<p>Vous en avez archi marre de voir les TGV doubler votre TER bloqu\u00e9 en gare parce un TGV retard\u00e9 n&rsquo;arrive toujours pas, lui, qui est indemnis\u00e9 par la SNCF ? Cela peut changer si les R\u00e9gions font poids et exigent le changement.<br \/>\n&nbsp;<br \/>\nIl faut dire qu&rsquo;en Rh\u00f4ne Alpes en 2014 par exemple un train sur quatre \u00e9tait annul\u00e9 ou retard\u00e9 !<br \/>\n&nbsp;<br \/>\nSelon Que Choisir un accord d&rsquo;indemnisation a \u00e9t\u00e9 sign\u00e9 entre la SNCF et deux r\u00e9gions pour l&rsquo;indemnisation des voyageurs TER suite aux perturbations et retards sur leurs voyages quotidiens. Il s&rsquo;agit pour le moment des lignes Marseille Toulon et Les Arcs Vintimille c\u00f4t\u00e9 PACA et dirait-on l&rsquo;ensemble des lignes Rh\u00f4ne Alpes <strong>pour application en septembre 2016<\/strong>. Un accord sign\u00e9 par l&rsquo;ancienne \u00e9quipe \u00e0 la r\u00e9gion.<br \/>\n&nbsp;<br \/>\nAutre am\u00e9lioration pr\u00e9vue, l\u2019information fournie aux voyageurs en cas de retards ou de gr\u00e8ve. En cas de travaux majeurs ils devront \u00eatre avertis 20 jours \u00e0 l\u2019avance en gare \u00e0 bord des trains et par SMS des perturbations pr\u00e9vues et du plan de substitution mis en place. En cas de gr\u00e8ve les usagers devront \u00eatre alert\u00e9s 48 heures \u00e0 l\u2019avance en gare et dans les TER, et la veille avant 16 heures. En cas de retards ponctuels, de suppression de TER ou d\u2019al\u00e9as importants, ils devront \u00eatre inform\u00e9s dans les dix minutes et se voir indiquer des substitutions possibles.<br \/>\n&nbsp;<br \/>\nLa SNCF devra \u00e9galement rendre plus de compte \u00e0 la R\u00e9gion sur la qualit\u00e9 du service telle qu\u2019elle est v\u00e9cue par les usagers.<br \/>\n&nbsp;<br \/>\n<strong>La question est : est-ce que le dispositif va \u00eatre \u00e9tendu \u00e0 l&rsquo;ex r\u00e9gion Auvergne ? Et surtout est-ce que le dispositif va \u00eatre perp\u00e9tr\u00e9 par la nouvelle \u00e9quipe de Sieur Wauquiez ?<\/strong> Tr\u00e8s port\u00e9 on le sait sur toutes les mesures destin\u00e9es \u00e0 am\u00e9liorer le quotidien des petites gens, le social quoi&#8230;<br \/>\n&nbsp;<br \/>\n<strong>Remboursement de billets non utilis\u00e9s<\/strong><br \/>\n&nbsp;<br \/>\nPour le moment on peut \u00e0 peine se faire rembourser les billets non utilis\u00e9s.<br \/>\n&nbsp;<br \/>\nLe site <a href=\"http:\/\/www.ter.sncf.com\/rhone-alpes\/questions-reponses\/BILLETS%20TER\">TER SNCF<\/a> Rh\u00f4ne Alpes en pr\u00e9cise les conditions :<br \/>\n&nbsp;<\/p>\n<p>[(<br \/>\n   &#8211; Puis-je me faire rembourser un billet TER ou INTERCITE non utilis\u00e9 ?<br \/>\n&nbsp;<br \/>\nPour \u00eatre remboursable un billet doit \u00eatre d&rsquo;un montant sup\u00e9rieur \u00e0 5\u20ac<br \/>\nLes demandes de remboursement sont accept\u00e9es avec 10 % de retenue pendant la p\u00e9riode de validit\u00e9 du billet (7 jours)<br \/>\nException : billets TER illico EVENEMENTS, billets achet\u00e9s sur TER MOBILE, billets achet\u00e9s en ligne sur TER SNCF Rh\u00f4ne-Alpes, sont non \u00e9changeables et non remboursables<br \/>\n)]<\/p>\n","protected":false},"excerpt":{"rendered":"<p>Vous en avez archi marre de voir les TGV doubler votre TER bloqu\u00e9 en gare parce un TGV<\/p>\n","protected":false},"author":1,"featured_media":1709,"comment_status":"closed","ping_status":"open","sticky":false,"template":"","format":"standard","meta":{"footnotes":""},"categories":[3],"tags":[],"class_list":["post-268","post","type-post","status-publish","format-standard","has-post-thumbnail","hentry","category-en-train"],"_links":{"self":[{"href":"https:\/\/usagers-transports.haut-allier.eu\/index.php\/wp-json\/wp\/v2\/posts\/268","targetHints":{"allow":["GET"]}}],"collection":[{"href":"https:\/\/usagers-transports.haut-allier.eu\/index.php\/wp-json\/wp\/v2\/posts"}],"about":[{"href":"https:\/\/usagers-transports.haut-allier.eu\/index.php\/wp-json\/wp\/v2\/types\/post"}],"author":[{"embeddable":true,"href":"https:\/\/usagers-transports.haut-allier.eu\/index.php\/wp-json\/wp\/v2\/users\/1"}],"replies":[{"embeddable":true,"href":"https:\/\/usagers-transports.haut-allier.eu\/index.php\/wp-json\/wp\/v2\/comments?post=268"}],"version-history":[{"count":0,"href":"https:\/\/usagers-transports.haut-allier.eu\/index.php\/wp-json\/wp\/v2\/posts\/268\/revisions"}],"wp:featuredmedia":[{"embeddable":true,"href":"https:\/\/usagers-transports.haut-allier.eu\/index.php\/wp-json\/wp\/v2\/media\/1709"}],"wp:attachment":[{"href":"https:\/\/usagers-transports.haut-allier.eu\/index.php\/wp-json\/wp\/v2\/media?parent=268"}],"wp:term":[{"taxonomy":"category","embeddable":true,"href":"https:\/\/usagers-transports.haut-allier.eu\/index.php\/wp-json\/wp\/v2\/categories?post=268"},{"taxonomy":"post_tag","embeddable":true,"href":"https:\/\/usagers-transports.haut-allier.eu\/index.php\/wp-json\/wp\/v2\/tags?post=268"}],"curies":[{"name":"wp","href":"https:\/\/api.w.org\/{rel}","templated":true}]}}