{"id":269,"date":"2016-02-23T15:07:23","date_gmt":"2016-02-23T14:07:23","guid":{"rendered":"http:\/\/5.45.101.177\/haut-allier\/usagers-transportse\/index.php\/2016\/02\/23\/ligne-sncf-beziers-neussargues269\/"},"modified":"2016-02-23T15:07:23","modified_gmt":"2016-02-23T14:07:23","slug":"ligne-sncf-beziers-neussargues269","status":"publish","type":"post","link":"https:\/\/usagers-transports.haut-allier.eu\/index.php\/2016\/02\/23\/ligne-sncf-beziers-neussargues269\/","title":{"rendered":"Ligne SNCF B\u00e9ziers Neussargues Clermont-Ferrand : un sauvetage possible par l&rsquo;arm\u00e9e"},"content":{"rendered":"<p>Les nouveaux occupants du camp du Larzac \u00e0 la Cavalerie, 450 soldats d\u00e8s 2016 et 1300 militaires pour 2018 issus de la L\u00e9gion, vont avoir des besoins de d\u00e9placements&#8230; C&rsquo;est ce que Midi LIbre nous apprend aujourd&rsquo;hui dans ses colonnes. Une nouvelle plus qu&rsquo;int\u00e9ressante pour la sauvegarde de la ligne B\u00e9ziers Clermont-Ferrand poursuit le quotidien :<br \/>\n&nbsp;<br \/>\n<em>\u00ab\u00a0Les besoins de transport ont \u00e9t\u00e9 identifi\u00e9s par le colonel Dumont en charge de l&rsquo;installation des militaires. Selon lui, la SNCF devra assurer des convois de v\u00e9hicules et de mat\u00e9riel \u00e0 destination de Millau, ainsi que l&rsquo;acheminement de 900 militaires les vendredis et dimanches \u00e0 l&rsquo;horizon 2018. Les l\u00e9gionnaires ne disposant pas de permis de conduire valables en France, le train est indispensable. Quant au mat\u00e9riel, d\u00e9j\u00e0 deux convois compos\u00e9s de containers logistiques et de blind\u00e9s sont programm\u00e9s pour le mois d&rsquo;avril\u00a0\u00bb.<\/em><br \/>\n&nbsp;<br \/>\nLe journal ne pr\u00e9cise pas que le camp du Larzac est d\u00e9j\u00e0 lui-m\u00eame raccord\u00e9 au r\u00e9seau ferroviaire, avec une ligne \u00e0 \u00e9cartement standard, et donc aux normes,    depuis 1896 ! Une ligne install\u00e9e par la Compagnie des chemins de fer du Midi  qui courait de Tournemire au  Vigan en passant par Roquefort, La Cavalerie&#8230; jusqu&rsquo;au Gard.<br \/>\n&nbsp;<br \/>\nUne ligne ferm\u00e9e en 1971&#8230; 68 \u00e9tait pass\u00e9 par l\u00e0. Elle fut d\u00e9class\u00e9e en 1972. Mais \u00e0 la fin des ann\u00e9es 70, la section de Tournemire \u00e0 l&rsquo;Hospitalet a \u00e9t\u00e9 remise en \u00e9tat par l&rsquo;arm\u00e9e dans le cadre de l&rsquo;extension du camp militaire du Larzac.<br \/>\n&nbsp;<br \/>\nCertains disent que c&rsquo;\u00e9tait une des plus belles lignes de France&#8230; Certainement avec le petit train Jaune, la ligne du train C\u00e9venol, beaucoup de lignes des Alpes aussi&#8230; et la ligne de l&rsquo;Aubrac bien entendu.<br \/>\n&nbsp;<br \/>\nCi dessous un des nombreux ouvrages  d&rsquo;art sur cette ligne extraite d&rsquo;un site de <a href=\"http:\/\/trainsmp.free.fr\/page235.htm\">passionn\u00e9<\/a>.<br \/>\n&nbsp;<br \/>\n<img loading=\"lazy\" decoding=\"async\" class=\" aligncenter size-full wp-image-1711\" src=\"http:\/\/5.45.101.177\/haut-allier\/usagers-transportse\/wp-content\/uploads\/2016\/02\/tournmire00.jpg\" alt=\"tournmire00.jpg\" align=\"center\" width=\"682\" height=\"512\" srcset=\"https:\/\/usagers-transports.haut-allier.eu\/wp-content\/uploads\/2016\/02\/tournmire00.jpg 682w, https:\/\/usagers-transports.haut-allier.eu\/wp-content\/uploads\/2016\/02\/tournmire00-300x225.jpg 300w\" sizes=\"auto, (max-width: 682px) 100vw, 682px\" \/><br \/>\n&nbsp;<br \/>\nEt donc cette ligne Le Vigan Tournemire descendant du plateau du Larzac se raccorde \u00e0 la ligne venant de B\u00e9ziers \u00e0 Tournemire-Roquefort.<br \/>\n&nbsp;<br \/>\n<img loading=\"lazy\" decoding=\"async\" class=\" aligncenter size-full wp-image-1712\" src=\"http:\/\/5.45.101.177\/haut-allier\/usagers-transportse\/wp-content\/uploads\/2016\/02\/ligne-beziers-neussargues-transparent.png\" alt=\"ligne-beziers-neussargues-transparent.png\" align=\"center\" width=\"558\" height=\"1522\" srcset=\"https:\/\/usagers-transports.haut-allier.eu\/wp-content\/uploads\/2016\/02\/ligne-beziers-neussargues-transparent.png 558w, https:\/\/usagers-transports.haut-allier.eu\/wp-content\/uploads\/2016\/02\/ligne-beziers-neussargues-transparent-110x300.png 110w, https:\/\/usagers-transports.haut-allier.eu\/wp-content\/uploads\/2016\/02\/ligne-beziers-neussargues-transparent-375x1024.png 375w\" sizes=\"auto, (max-width: 558px) 100vw, 558px\" \/><br \/>\n&nbsp;<br \/>\nL&rsquo;article de Midi Libre : <a href=\"http:\/\/www.midilibre.fr\/2016\/02\/22\/l-armee-au-secours-de-la-ligne-sncf-beziers-neussargues,1290176.php\">L\u2019arm\u00e9e au secours de la ligne SNCF B\u00e9ziers-Neussargues<\/a>.<\/p>\n","protected":false},"excerpt":{"rendered":"<p>Les nouveaux occupants du camp du Larzac \u00e0 la Cavalerie, 450 soldats d\u00e8s 2016 et 1300 militaires pour<\/p>\n","protected":false},"author":1,"featured_media":1710,"comment_status":"closed","ping_status":"open","sticky":false,"template":"","format":"standard","meta":{"footnotes":""},"categories":[3],"tags":[],"class_list":["post-269","post","type-post","status-publish","format-standard","has-post-thumbnail","hentry","category-en-train"],"_links":{"self":[{"href":"https:\/\/usagers-transports.haut-allier.eu\/index.php\/wp-json\/wp\/v2\/posts\/269","targetHints":{"allow":["GET"]}}],"collection":[{"href":"https:\/\/usagers-transports.haut-allier.eu\/index.php\/wp-json\/wp\/v2\/posts"}],"about":[{"href":"https:\/\/usagers-transports.haut-allier.eu\/index.php\/wp-json\/wp\/v2\/types\/post"}],"author":[{"embeddable":true,"href":"https:\/\/usagers-transports.haut-allier.eu\/index.php\/wp-json\/wp\/v2\/users\/1"}],"replies":[{"embeddable":true,"href":"https:\/\/usagers-transports.haut-allier.eu\/index.php\/wp-json\/wp\/v2\/comments?post=269"}],"version-history":[{"count":0,"href":"https:\/\/usagers-transports.haut-allier.eu\/index.php\/wp-json\/wp\/v2\/posts\/269\/revisions"}],"wp:featuredmedia":[{"embeddable":true,"href":"https:\/\/usagers-transports.haut-allier.eu\/index.php\/wp-json\/wp\/v2\/media\/1710"}],"wp:attachment":[{"href":"https:\/\/usagers-transports.haut-allier.eu\/index.php\/wp-json\/wp\/v2\/media?parent=269"}],"wp:term":[{"taxonomy":"category","embeddable":true,"href":"https:\/\/usagers-transports.haut-allier.eu\/index.php\/wp-json\/wp\/v2\/categories?post=269"},{"taxonomy":"post_tag","embeddable":true,"href":"https:\/\/usagers-transports.haut-allier.eu\/index.php\/wp-json\/wp\/v2\/tags?post=269"}],"curies":[{"name":"wp","href":"https:\/\/api.w.org\/{rel}","templated":true}]}}