{"id":27,"date":"2011-10-02T10:55:00","date_gmt":"2011-10-02T08:55:00","guid":{"rendered":"http:\/\/5.45.101.177\/haut-allier\/usagers-transportse\/index.php\/2011\/10\/02\/trains-ter-cet-automne-2011-a027\/"},"modified":"2011-10-02T10:55:00","modified_gmt":"2011-10-02T08:55:00","slug":"trains-ter-cet-automne-2011-a027","status":"publish","type":"post","link":"https:\/\/usagers-transports.haut-allier.eu\/index.php\/2011\/10\/02\/trains-ter-cet-automne-2011-a027\/","title":{"rendered":"Trains TER cet automne 2011 \u00e0 Alleyras : le service purement annul\u00e9 ! [MAJ]"},"content":{"rendered":"<table>\n<tbody>\n<tr class='row_even'>\n<td><strong>Mise \u00e0 Jour du 2 octobre<\/strong><\/td>\n<\/tr>\n<tr class='row_odd'>\n<td><\/td>\n<\/tr>\n<tr class='row_even'>\n<td><strong>Apr\u00e8s la manifestation d&rsquo;hier en gare d&rsquo;Al\u00e8s des pr\u00e9cisions : il appara\u00eet que la coupure de service va s&rsquo;\u00e9tendre du 3 octobre au 10 d\u00e9cembre ! On se demande toujours pourquoi les travaux ne sont pas effectu\u00e9 de nuit comme c&rsquo;\u00e9tait la r\u00e8gle autrefois.<\/strong> <\/td>\n<\/tr>\n<tr class='row_odd'>\n<td><\/td>\n<\/tr>\n<tr class='row_even'>\n<td><strong>De plus on apprend que le C\u00e9venol, qui ne s&rsquo;arr\u00eate pas \u00e0 Alleyras mais qui peut \u00eatre pris \u00e0 Langogne ou Langeac, n&rsquo;acceptera d\u00e9sormais que les voyageurs munis d&rsquo;une r\u00e9servation ! Ainsi, si le train est bond\u00e9, au lieu d&rsquo;ajouter une rame la SNCF se fera un plaisir de vous en refuser l&rsquo;acc\u00e8s ! Et encore de nouveaux coups tordus de la SNCF.<\/strong><\/td>\n<\/tr>\n<\/tbody>\n<\/table>\n<p>Faisons le point \u00e0 cette rentr\u00e9e sur le tr\u00e8s mauvais qui nous attend du c\u00f4t\u00e9 du m\u00e9tro de notre capitale.<\/p>\n<p><strong>Les horaires <em>th\u00e9oriques<\/em> en gare d&rsquo;Alleyras jusqu&rsquo;au 10 d\u00e9cembre 2011 :<\/strong><\/p>\n<table summary=\"sam|lu \u00e0 ve|sam et dim\">\n<caption>lu \u00e0 ve<\/caption>\n<tbody>\n<tr class='row_even'>\n<td>clermont ferrand<\/td>\n<td>06:48<\/td>\n<td>07:22<\/td>\n<td>16:45<\/td>\n<td>16:45<\/td>\n<\/tr>\n<tr class='row_odd'>\n<td><strong>alleyras<\/strong><\/td>\n<td>08:49<\/td>\n<td>09\/26<\/td>\n<td>18:59<\/td>\n<td>18:54<\/td>\n<\/tr>\n<tr class='row_even'>\n<td>nimes<\/td>\n<td>12:15<\/td>\n<td>12:30<\/td>\n<td>22:15<\/td>\n<td>22:15<\/td>\n<\/tr>\n<\/tbody>\n<\/table>\n<table summary=\"dim|lu \u00e0 ve\">\n<caption>tous les jours<\/caption>\n<tbody>\n<tr class='row_even'>\n<td>n\u00eemes<\/td>\n<td>08:02<\/td>\n<td>17:13<\/td>\n<td>17:13<\/td>\n<\/tr>\n<tr class='row_odd'>\n<td><strong>alleyras<\/strong><\/td>\n<td>11:07<\/td>\n<td>20:32<\/td>\n<td>20:38<\/td>\n<\/tr>\n<tr class='row_even'>\n<td>clermont ferrand<\/td>\n<td>13:07<\/td>\n<td>22:28<\/td>\n<td>22:35<\/td>\n<\/tr>\n<\/tbody>\n<\/table>\n<p><strong>Pour le d\u00e9tail des horaires :<\/strong><\/p>\n<p>&#8211; <a href=\"http:\/\/telechargement.ter-sncf.com\/Images\/Auvergne\/Tridion\/I30_E2011_v1_tcm-13-14981.pdf\">Fiche horaires SNCF de Clermont-Ferrand \u00e0 Langogne<\/a>.<br \/>\n&#8211; <a href=\"http:\/\/telechargement.ter-sncf.com\/Images\/Languedoc_Roussillon\/Tridion\/09_NimesAlesClermont_tcm-22-63288.pdf\">Fiche horaires SNCF de Langogne \u00e0 N\u00eemes<\/a>.<\/p>\n<p><strong>Mais attention ! Des travaux sont pr\u00e9vus du 2 octobre au 25 novembre sur tout le parcours Clermont N\u00eemes o\u00f9 des bus assureront la totalit\u00e9 de la ligne durant 11 semaines et bien s\u00fbr&#8230; SAUF POUR ALLEYRAS !!!<\/strong><\/p>\n<p>Apr\u00e8s v\u00e9rification effectivement il n&rsquo;est donn\u00e9 aucune solution par le syst\u00e8me de recherche informatique pour les trajets \u00e0 partir du 2 octobre. On voit \u00e9galement en ce moment s&rsquo;installer sur le terrain de la SNCF de notre gare un chantier dont on ne conna\u00eet pas la finalit\u00e9.<\/p>\n<p><strong>Une manifestation est pr\u00e9vue en gare d&rsquo;Al\u00e8s le 1er octobre \u00e0 13 heures<\/strong> suite \u00e0 la fermeture programm\u00e9e tout cet automne. Selon l&rsquo;association des \u00e9lus pour la d\u00e9fense du C\u00e9venol : <\/p>\n<p><em>Cette manifestation sera l&rsquo;occasion de militer pour la r\u00e9habilitation de la ligne de Bess\u00e8ges, la massification des travaux pour remettre \u00e0 niveau les infrastructures, des travaux de nuit pour l&rsquo;entretien courant, une communication renforc\u00e9e en amont avec les \u00e9lus et les associations. Seront aussi mis en avant d&rsquo;autres revendications partag\u00e9es avec l&rsquo;Association des \u00c9lus pour la <a href=\"http:\/\/www.defense-promotion-cevenol.fr\/site\">D\u00e9fense du C\u00e9venol<\/a> et de la ligne Paris-N\u00eemes : le d\u00e9veloppement et la promotion de cet axe ferroviaire alternatif, le maintien dans les ann\u00e9es \u00e0 venir de la liaison directe Clermont-Ferrand &#8211; Marseille pour \u00ab Le C\u00e9venol \u00bb, le r\u00e9tablissement des vitesses nominales de circulation sur certains tron\u00e7ons, un mat\u00e9riel de qualit\u00e9 et conforme au statut de train d&rsquo;\u00e9quilibre du territoire du C\u00e9venol, une meilleure visibilit\u00e9 de l&rsquo;offre commerciale sur Internet.<\/em><\/p>\n","protected":false},"excerpt":{"rendered":"<p>Mise \u00e0 Jour du 2 octobre Apr\u00e8s la manifestation d&rsquo;hier en gare d&rsquo;Al\u00e8s des pr\u00e9cisions : il appara\u00eet<\/p>\n","protected":false},"author":1,"featured_media":0,"comment_status":"closed","ping_status":"open","sticky":false,"template":"","format":"standard","meta":{"footnotes":""},"categories":[2],"tags":[],"class_list":["post-27","post","type-post","status-publish","format-standard","hentry","category-infos"],"_links":{"self":[{"href":"https:\/\/usagers-transports.haut-allier.eu\/index.php\/wp-json\/wp\/v2\/posts\/27","targetHints":{"allow":["GET"]}}],"collection":[{"href":"https:\/\/usagers-transports.haut-allier.eu\/index.php\/wp-json\/wp\/v2\/posts"}],"about":[{"href":"https:\/\/usagers-transports.haut-allier.eu\/index.php\/wp-json\/wp\/v2\/types\/post"}],"author":[{"embeddable":true,"href":"https:\/\/usagers-transports.haut-allier.eu\/index.php\/wp-json\/wp\/v2\/users\/1"}],"replies":[{"embeddable":true,"href":"https:\/\/usagers-transports.haut-allier.eu\/index.php\/wp-json\/wp\/v2\/comments?post=27"}],"version-history":[{"count":0,"href":"https:\/\/usagers-transports.haut-allier.eu\/index.php\/wp-json\/wp\/v2\/posts\/27\/revisions"}],"wp:attachment":[{"href":"https:\/\/usagers-transports.haut-allier.eu\/index.php\/wp-json\/wp\/v2\/media?parent=27"}],"wp:term":[{"taxonomy":"category","embeddable":true,"href":"https:\/\/usagers-transports.haut-allier.eu\/index.php\/wp-json\/wp\/v2\/categories?post=27"},{"taxonomy":"post_tag","embeddable":true,"href":"https:\/\/usagers-transports.haut-allier.eu\/index.php\/wp-json\/wp\/v2\/tags?post=27"}],"curies":[{"name":"wp","href":"https:\/\/api.w.org\/{rel}","templated":true}]}}