{"id":271,"date":"2016-03-04T16:53:03","date_gmt":"2016-03-04T15:53:03","guid":{"rendered":"http:\/\/5.45.101.177\/haut-allier\/usagers-transportse\/index.php\/2016\/03\/04\/wauquiez-demande-340-000-euros-de271\/"},"modified":"2016-03-04T16:53:03","modified_gmt":"2016-03-04T15:53:03","slug":"wauquiez-demande-340-000-euros-de271","status":"publish","type":"post","link":"https:\/\/usagers-transports.haut-allier.eu\/index.php\/2016\/03\/04\/wauquiez-demande-340-000-euros-de271\/","title":{"rendered":"Wauquiez demande 340 000 euros de p\u00e9nalit\u00e9s \u00e0 la SNCF"},"content":{"rendered":"<p>Le pr\u00e9sident de la grande r\u00e9gion Auvergne Rh\u00f4ne Alpes demande des comptes \u00e0 la SNCF suite aux gr\u00e8ves p\u00e9nalisantes pour les usagers des TER le week-end dernier. Lu dans un article de presse du Progr\u00e8s ce vendredi 4 mars :<br \/>\n&nbsp;<br \/>\n[(<br \/>\nLaurent Wauquiez. pr\u00e9sident d&rsquo;Auvergne \/ Rh\u00f4ne Alpes. vient d&rsquo;adresser un courrier au pr\u00e9sident de la SNCF Guillaume P\u00e9py \u00e0 la suite de la gr\u00e8ve qui a perturb\u00e9 les TER r\u00e9gionaux plusieurs jours autour du weekend dernier. Notant les efforts pour l&rsquo;information voyageurs et le service d\u2019autocars de substitution, il \u00e9crit n\u00e9anmoins : <em>\u00a0\u00bb Conform\u00e9ment aux dispositions contractuelles qui nous lient. je veillerai \u00e0 ce que les suppressions de tr\u00e8s nombreux trains constat\u00e9s au cours de cet \u00e9v\u00e8nement fassent bien entendu l&rsquo;objet d&rsquo;une prise en compte dans<br \/>\nle calcul du la contribution financi\u00e8re de la R\u00e9gion. au titre des p\u00e9nalit\u00e9s de l&rsquo;exercice 2016 et dont le montant estim\u00e9 par mes services est de 340 000 euros \u00a0\u00bb <\/em> <\/p>\n<p>)]<\/p>\n<p>&nbsp;<\/p>\n<p><img loading=\"lazy\" decoding=\"async\" class=\" aligncenter size-full wp-image-1718\" src=\"http:\/\/5.45.101.177\/haut-allier\/usagers-transportse\/wp-content\/uploads\/2016\/03\/waupenal.jpg\" alt=\"waupenal.jpg\" align=\"center\" width=\"361\" height=\"316\" srcset=\"https:\/\/usagers-transports.haut-allier.eu\/wp-content\/uploads\/2016\/03\/waupenal.jpg 361w, https:\/\/usagers-transports.haut-allier.eu\/wp-content\/uploads\/2016\/03\/waupenal-300x263.jpg 300w\" sizes=\"auto, (max-width: 361px) 100vw, 361px\" \/><\/p>\n","protected":false},"excerpt":{"rendered":"<p>Le pr\u00e9sident de la grande r\u00e9gion Auvergne Rh\u00f4ne Alpes demande des comptes \u00e0 la SNCF suite aux gr\u00e8ves<\/p>\n","protected":false},"author":1,"featured_media":1717,"comment_status":"closed","ping_status":"open","sticky":false,"template":"","format":"standard","meta":{"footnotes":""},"categories":[3],"tags":[],"class_list":["post-271","post","type-post","status-publish","format-standard","has-post-thumbnail","hentry","category-en-train"],"_links":{"self":[{"href":"https:\/\/usagers-transports.haut-allier.eu\/index.php\/wp-json\/wp\/v2\/posts\/271","targetHints":{"allow":["GET"]}}],"collection":[{"href":"https:\/\/usagers-transports.haut-allier.eu\/index.php\/wp-json\/wp\/v2\/posts"}],"about":[{"href":"https:\/\/usagers-transports.haut-allier.eu\/index.php\/wp-json\/wp\/v2\/types\/post"}],"author":[{"embeddable":true,"href":"https:\/\/usagers-transports.haut-allier.eu\/index.php\/wp-json\/wp\/v2\/users\/1"}],"replies":[{"embeddable":true,"href":"https:\/\/usagers-transports.haut-allier.eu\/index.php\/wp-json\/wp\/v2\/comments?post=271"}],"version-history":[{"count":0,"href":"https:\/\/usagers-transports.haut-allier.eu\/index.php\/wp-json\/wp\/v2\/posts\/271\/revisions"}],"wp:featuredmedia":[{"embeddable":true,"href":"https:\/\/usagers-transports.haut-allier.eu\/index.php\/wp-json\/wp\/v2\/media\/1717"}],"wp:attachment":[{"href":"https:\/\/usagers-transports.haut-allier.eu\/index.php\/wp-json\/wp\/v2\/media?parent=271"}],"wp:term":[{"taxonomy":"category","embeddable":true,"href":"https:\/\/usagers-transports.haut-allier.eu\/index.php\/wp-json\/wp\/v2\/categories?post=271"},{"taxonomy":"post_tag","embeddable":true,"href":"https:\/\/usagers-transports.haut-allier.eu\/index.php\/wp-json\/wp\/v2\/tags?post=271"}],"curies":[{"name":"wp","href":"https:\/\/api.w.org\/{rel}","templated":true}]}}