{"id":272,"date":"2016-03-07T08:26:58","date_gmt":"2016-03-07T07:26:58","guid":{"rendered":"http:\/\/5.45.101.177\/haut-allier\/usagers-transportse\/index.php\/2016\/03\/07\/la-bonne-idee-pour-entretenir-l272\/"},"modified":"2016-03-07T08:26:58","modified_gmt":"2016-03-07T07:26:58","slug":"la-bonne-idee-pour-entretenir-l272","status":"publish","type":"post","link":"https:\/\/usagers-transports.haut-allier.eu\/index.php\/2016\/03\/07\/la-bonne-idee-pour-entretenir-l272\/","title":{"rendered":"La bonne id\u00e9e pour entretenir l&rsquo;infrastructure de la ligne du train C\u00e9venol"},"content":{"rendered":"<p>Message urgent \u00e0 Madame Carole Delga et Monsieur Laurent Wauquiez :<br \/>\n&nbsp;<br \/>\n\u00ab <em>Demandez \u00e0 la SNCF les statistiques des substitutions par autocars et celles des suppressions de trains sur la ligne des C\u00e9vennes depuis le 1er janvier 2016.<br \/>\n&nbsp;<br \/>\nVous pourrez ainsi en <a href=\"http:\/\/usagers-transports.haut-allier.eu\/?wauquiez-demande-340-000-euros-de,271\">r\u00e9clamant  les p\u00e9nalit\u00e9s<\/a> qui sont dues \u00e0 vos collectivit\u00e9s pour non respect des contrats pass\u00e9s par la soci\u00e9t\u00e9 dite ferroviaire, r\u00e9cup\u00e9rer tous les ans largement de quoi faire entretenir les infrastructures de notre ligne de moyenne montagne Clermont-Ferrand N\u00eemes.<\/em> \u00bb<\/p>\n<p>&nbsp;<br \/>\nC&rsquo;\u00e9tait le bon conseil hebdomadaire \u00e9manant de personnes qui s&rsquo;int\u00e9ressent de pr\u00e8s \u00e0 la bonne irrigation de vos territoires en mati\u00e8re de transports. <\/p>\n","protected":false},"excerpt":{"rendered":"<p>Message urgent \u00e0 Madame Carole Delga et Monsieur Laurent Wauquiez : &nbsp; \u00ab Demandez \u00e0 la SNCF les<\/p>\n","protected":false},"author":1,"featured_media":1719,"comment_status":"closed","ping_status":"open","sticky":false,"template":"","format":"standard","meta":{"footnotes":""},"categories":[3],"tags":[],"class_list":["post-272","post","type-post","status-publish","format-standard","has-post-thumbnail","hentry","category-en-train"],"_links":{"self":[{"href":"https:\/\/usagers-transports.haut-allier.eu\/index.php\/wp-json\/wp\/v2\/posts\/272","targetHints":{"allow":["GET"]}}],"collection":[{"href":"https:\/\/usagers-transports.haut-allier.eu\/index.php\/wp-json\/wp\/v2\/posts"}],"about":[{"href":"https:\/\/usagers-transports.haut-allier.eu\/index.php\/wp-json\/wp\/v2\/types\/post"}],"author":[{"embeddable":true,"href":"https:\/\/usagers-transports.haut-allier.eu\/index.php\/wp-json\/wp\/v2\/users\/1"}],"replies":[{"embeddable":true,"href":"https:\/\/usagers-transports.haut-allier.eu\/index.php\/wp-json\/wp\/v2\/comments?post=272"}],"version-history":[{"count":0,"href":"https:\/\/usagers-transports.haut-allier.eu\/index.php\/wp-json\/wp\/v2\/posts\/272\/revisions"}],"wp:featuredmedia":[{"embeddable":true,"href":"https:\/\/usagers-transports.haut-allier.eu\/index.php\/wp-json\/wp\/v2\/media\/1719"}],"wp:attachment":[{"href":"https:\/\/usagers-transports.haut-allier.eu\/index.php\/wp-json\/wp\/v2\/media?parent=272"}],"wp:term":[{"taxonomy":"category","embeddable":true,"href":"https:\/\/usagers-transports.haut-allier.eu\/index.php\/wp-json\/wp\/v2\/categories?post=272"},{"taxonomy":"post_tag","embeddable":true,"href":"https:\/\/usagers-transports.haut-allier.eu\/index.php\/wp-json\/wp\/v2\/tags?post=272"}],"curies":[{"name":"wp","href":"https:\/\/api.w.org\/{rel}","templated":true}]}}