{"id":273,"date":"2016-03-08T04:14:53","date_gmt":"2016-03-08T03:14:53","guid":{"rendered":"http:\/\/5.45.101.177\/haut-allier\/usagers-transportse\/index.php\/2016\/03\/08\/ligne-sncf-beziers-clermont273\/"},"modified":"2026-09-01T15:53:35","modified_gmt":"2026-09-01T13:53:35","slug":"ligne-sncf-beziers-clermont273","status":"publish","type":"post","link":"https:\/\/usagers-transports.haut-allier.eu\/index.php\/2016\/03\/08\/ligne-sncf-beziers-clermont273\/","title":{"rendered":"Ligne SNCF B\u00e9ziers Clermont-Ferrand : une non priorit\u00e9 pour l&rsquo;arm\u00e9e"},"content":{"rendered":"Un <a href=\"http:\/\/usagers-transports.haut-allier.eu\/?ligne-sncf-beziers-neussargues,269\"><strong>article<\/strong> <\/a> certainement un peu trop enflamm\u00e9 nous faisait \u00e9crire suite \u00e0 l&rsquo;information relay\u00e9e par Midi Libre que la ligne B\u00e9ziers Neussargues \u00e9tait presque sauv\u00e9e.\n&nbsp;\nEn fait c&rsquo;est loin d&rsquo;\u00eatre le cas d&rsquo;apr\u00e8s France 3 Languedoc Roussillon qui a interrog\u00e9 aussi la grande muette au del\u00e0 des voeux pieux des uns et des autres. Sa r\u00e9ponse est claire : <strong>ce n&rsquo;est pas une priorit\u00e9 actuellement.<\/strong>\n&nbsp;\nSans doute un emballement thermique des d\u00e9fenseurs syndicalistes de la ligne depuis 20 ans. \n&nbsp;\nLe script du reportage :\n&nbsp;\n\n[(\nL&rsquo;arm\u00e9e au secours de la ligne SNCF B\u00e9ziers Neussargues. La l\u00e9gion \u00e9trang\u00e8re qui va s&rsquo;installer en Aveyron va peut-\u00eatre permettre de sauver cette ligne menac\u00e9e. Un petit espoir pour les d\u00e9fenseurs du B\u00e9ziers Neussargues qui se battent depuis plus de 10 ans.  \n&nbsp;\nQuel avenir pour la ligne B\u00e9ziers Neussargues\u00a0? Apr\u00e8s des ann\u00e9es de lutte une nouvelle lueur d&rsquo;espoir pour le comit\u00e9 de d\u00e9fense. L&rsquo;arriv\u00e9e de 1200 l\u00e9gionnaires d&rsquo;ici 2018 sur le Larzac relance en tous cas le d\u00e9bat. \n&nbsp;\n<em>Fr\u00e9d\u00e9ric Laur, d\u00e9l\u00e9gu\u00e9 CGT SNCF, membre du comit\u00e9 pluraliste de d\u00e9fense de la ligne B\u00e9ziers Neussargues<\/em>\n\u00ab\u00a01200 personnes si on estime une fourchette basse on peut en estimer au moins 500 qui voyageraient les week-end lors de leurs permissions, et c&rsquo;est quelque chose qui doit s&rsquo;anticiper puisque bon&#8230; \u00e7a va cr\u00e9er une affluence sur la ligne, il va falloir revoir la capacit\u00e9 des trains.\u00a0\u00bb   \n&nbsp;\nC\u00f4t\u00e9 voyageurs les arguments pourraient donc peser. C\u00f4t\u00e9 fret m\u00eame chose. M\u00eame si le transport des marchandises est interdit depuis 2014 sur cette ligne, question de mise aux normes. \n&nbsp;\n<em>Yves B\u00e9ral, membre du comit\u00e9 pluraliste<\/em>\n\u00ab\u00a0Nous avons toujours dit , nous, en tant que comit\u00e9 pluraliste, que sans fret sur cette ligne elle n&rsquo;avait pas d&rsquo;avenir.\u00a0C&rsquo;est une bataille que nous menons depuis 20 ans 21 ans. Donc nous il y a pas 30 solutions, il faut que le fret recircule sur cette ligne. \u00bb \n&nbsp;\nL&rsquo;arriv\u00e9e des militaires est donc une carte \u00e0 jouer pour les militants, et pas seulement, certains politiques se sont d\u00e9j\u00e0 empar\u00e9s du dossier.\n&nbsp;\n<em>Arnaud Viala, d\u00e9put\u00e9 de l&rsquo;Aveyron Les R\u00e9publicains<\/em>\n\u00ab\u00a0C&rsquo;est vrai que l&rsquo;arriv\u00e9e de la l\u00e9gion sur le Larzac cr\u00e9e un effet d&rsquo;opportunit\u00e9 sur ce sujet l\u00e0 aussi, dont se saisit les uns et les autres pour faire valoir l&rsquo;importance de cet \u00e9l\u00e9ment d&rsquo;attractivit\u00e9 du territoire. Et donc nous avons saisi \u00e0 la fois R\u00e9seau Ferr\u00e9 de France qui en charge de l&rsquo;entretien de la ligne et aussi&#8230; et aussi le ministre des transports.\u00a0\u00bb  \n&nbsp;\n<strong>Enfin selon les autorit\u00e9s en charge de la l\u00e9gion \u00e9trang\u00e8re joints par t\u00e9l\u00e9phone l&rsquo;utilisation de cette ligne n&rsquo;est pas une priorit\u00e9 dans l&rsquo;imm\u00e9diat.  <\/strong> \n\n)]\n\n&nbsp;\nLa vid\u00e9o ci-dessous : \n&nbsp;\n<a href=\"http:\/\/5.45.101.177\/haut-allier\/usagers-transportse\/wp-content\/uploads\/2016\/03\/usagers-transports-haut-allier-eu-f3lr-07mars2016-19h00.mp4\">usagers-transports-haut-allier-eu-f3lr-07mars2016-19h00.mp4<\/a>\n&nbsp;\n\n <p>&nbsp;<\/p>\n\n\t<figure class=\"wp-block-gallery columns-1 is-cropped wp-block-gallery-1 is-layout-flex wp-block-gallery-is-layout-flex\">\n\t\t<ul class=\"blocks-gallery-grid\">\n\t\t\t<li class=\"blocks-gallery-item\">\n\t\t\t\t<figure>\n\t\t\t\t\t\t\t\t\t\t\t<img loading=\"lazy\" decoding=\"async\" width=\"768\" height=\"432\" src=\"http:\/\/5.45.101.177\/haut-allier\/usagers-transportse\/wp-content\/uploads\/2016\/03\/vlcsnap-2016-03-08-05h13m08s223.png\"\n\t\t\t\t\t\t alt=\"vlcsnap-2016-03-08-05h13m08s223.png\"\n\t\t\t\t\t\t data-id=\"1721\"\n\t\t\t\t\t\t data-full-url=\"http:\/\/5.45.101.177\/haut-allier\/usagers-transportse\/wp-content\/uploads\/2016\/03\/vlcsnap-2016-03-08-05h13m08s223.png\"\n\t\t\t\t\t\t data-link=\"http:\/\/5.45.101.177\/haut-allier\/usagers-transportse\/attachment-vlcsnap-2016-03-08-05h13m08s223-png\/\"\n\t\t\t\t\t\t class=\"wp-image-1721\" srcset=\"https:\/\/usagers-transports.haut-allier.eu\/wp-content\/uploads\/2016\/03\/vlcsnap-2016-03-08-05h13m08s223.png 768w, https:\/\/usagers-transports.haut-allier.eu\/wp-content\/uploads\/2016\/03\/vlcsnap-2016-03-08-05h13m08s223-300x169.png 300w\" sizes=\"auto, (max-width: 768px) 100vw, 768px\" \/>\n\t\t\t\t<\/figure>\n\t\t\t<\/li>\n\t\t<\/ul>\n\t<\/figure>\n","protected":false},"excerpt":{"rendered":"<p>Un article certainement un peu trop enflamm\u00e9 nous faisait \u00e9crire suite \u00e0 l&rsquo;information relay\u00e9e par Midi Libre que<\/p>\n","protected":false},"author":1,"featured_media":1721,"comment_status":"closed","ping_status":"open","sticky":false,"template":"","format":"standard","meta":{"footnotes":""},"categories":[3],"tags":[],"class_list":["post-273","post","type-post","status-publish","format-standard","has-post-thumbnail","hentry","category-en-train"],"_links":{"self":[{"href":"https:\/\/usagers-transports.haut-allier.eu\/index.php\/wp-json\/wp\/v2\/posts\/273","targetHints":{"allow":["GET"]}}],"collection":[{"href":"https:\/\/usagers-transports.haut-allier.eu\/index.php\/wp-json\/wp\/v2\/posts"}],"about":[{"href":"https:\/\/usagers-transports.haut-allier.eu\/index.php\/wp-json\/wp\/v2\/types\/post"}],"author":[{"embeddable":true,"href":"https:\/\/usagers-transports.haut-allier.eu\/index.php\/wp-json\/wp\/v2\/users\/1"}],"replies":[{"embeddable":true,"href":"https:\/\/usagers-transports.haut-allier.eu\/index.php\/wp-json\/wp\/v2\/comments?post=273"}],"version-history":[{"count":1,"href":"https:\/\/usagers-transports.haut-allier.eu\/index.php\/wp-json\/wp\/v2\/posts\/273\/revisions"}],"predecessor-version":[{"id":1722,"href":"https:\/\/usagers-transports.haut-allier.eu\/index.php\/wp-json\/wp\/v2\/posts\/273\/revisions\/1722"}],"wp:featuredmedia":[{"embeddable":true,"href":"https:\/\/usagers-transports.haut-allier.eu\/index.php\/wp-json\/wp\/v2\/media\/1721"}],"wp:attachment":[{"href":"https:\/\/usagers-transports.haut-allier.eu\/index.php\/wp-json\/wp\/v2\/media?parent=273"}],"wp:term":[{"taxonomy":"category","embeddable":true,"href":"https:\/\/usagers-transports.haut-allier.eu\/index.php\/wp-json\/wp\/v2\/categories?post=273"},{"taxonomy":"post_tag","embeddable":true,"href":"https:\/\/usagers-transports.haut-allier.eu\/index.php\/wp-json\/wp\/v2\/tags?post=273"}],"curies":[{"name":"wp","href":"https:\/\/api.w.org\/{rel}","templated":true}]}}