{"id":275,"date":"2016-03-11T06:47:41","date_gmt":"2016-03-11T05:47:41","guid":{"rendered":"http:\/\/5.45.101.177\/haut-allier\/usagers-transportse\/index.php\/2016\/03\/11\/le-rail-sacrifie275\/"},"modified":"2016-03-11T06:47:41","modified_gmt":"2016-03-11T05:47:41","slug":"le-rail-sacrifie275","status":"publish","type":"post","link":"https:\/\/usagers-transports.haut-allier.eu\/index.php\/2016\/03\/11\/le-rail-sacrifie275\/","title":{"rendered":"Le rail sacrifi\u00e9"},"content":{"rendered":"<p>L&rsquo;excellent journal papier Fakir dont la devise est <em>Etonner la catastrophe<\/em> vient de mettre en ligne une page de t\u00e9moignage sur la lente d\u00e9gradation du chemin de fer en France. Le t\u00e9moignage nous raconte l&rsquo;asservissement de la classe politique du pays aux directives europ\u00e9ennes qui imposent la d\u00e9r\u00e9gulation et le capitalisme \u00e0 outrance depuis des d\u00e9cennies, avec courbes \u00e0 l&rsquo;appui.<br \/>\n&nbsp;<br \/>\nL&rsquo;avant-propos du t\u00e9moignage le r\u00e9sume bien :<br \/>\n&nbsp;<br \/>\n<strong> <em>Avec ses subventions d\u00e9guis\u00e9es, la route tuait d\u00e9j\u00e0 le rail. Mais les gouvernements ont, en plus, choisi de carr\u00e9ment euthanasier le fret ferroviaire. Retour sur le d\u00e9mant\u00e8lement de tout un secteur.<\/em> <\/strong><br \/>\n&nbsp;<br \/>\nL&rsquo;article peut \u00eatre <a href=\"http:\/\/www.fakirpresse.info\/le-rail-sacrifie\">consult\u00e9 ici<\/a>.<br \/>\n&nbsp;<br \/>\nFakir est disponible aussi en kiosque.<br \/>\n&nbsp;<br \/>\nEn a parte, le fondateur de Fakir Fran\u00e7ois Ruffin a r\u00e9alis\u00e9 <em>Merci Patron ! <\/em> un film documentaire satirique, une com\u00e9die documentaire. Sorti le 24 f\u00e9vrier 2016 et apparemment programm\u00e9 dans beaucoup de cin\u00e9mas en France. Voici sa critique dans le <a href=\"https:\/\/www.monde-diplomatique.fr\/2016\/02\/LORDON\/54740\">Monde Diplomatique<\/a>.<br \/>\n&nbsp;<br \/>\n<img loading=\"lazy\" decoding=\"async\" class=\" aligncenter size-full wp-image-1728\" src=\"http:\/\/5.45.101.177\/haut-allier\/usagers-transportse\/wp-content\/uploads\/2016\/03\/151204_fakir_affiche_film_merci_patron_arnault_-1_transp_v2.jpg\" alt=\"151204_fakir_affiche_film_merci_patron_arnault_-1_transp_v2.jpg\" align=\"center\" width=\"550\" height=\"550\" srcset=\"https:\/\/usagers-transports.haut-allier.eu\/wp-content\/uploads\/2016\/03\/151204_fakir_affiche_film_merci_patron_arnault_-1_transp_v2.jpg 550w, https:\/\/usagers-transports.haut-allier.eu\/wp-content\/uploads\/2016\/03\/151204_fakir_affiche_film_merci_patron_arnault_-1_transp_v2-300x300.jpg 300w, https:\/\/usagers-transports.haut-allier.eu\/wp-content\/uploads\/2016\/03\/151204_fakir_affiche_film_merci_patron_arnault_-1_transp_v2-150x150.jpg 150w\" sizes=\"auto, (max-width: 550px) 100vw, 550px\" \/><br \/>\n&nbsp;<\/p>\n","protected":false},"excerpt":{"rendered":"<p>L&rsquo;excellent journal papier Fakir dont la devise est Etonner la catastrophe vient de mettre en ligne une page<\/p>\n","protected":false},"author":1,"featured_media":1727,"comment_status":"closed","ping_status":"open","sticky":false,"template":"","format":"standard","meta":{"footnotes":""},"categories":[3],"tags":[],"class_list":["post-275","post","type-post","status-publish","format-standard","has-post-thumbnail","hentry","category-en-train"],"_links":{"self":[{"href":"https:\/\/usagers-transports.haut-allier.eu\/index.php\/wp-json\/wp\/v2\/posts\/275","targetHints":{"allow":["GET"]}}],"collection":[{"href":"https:\/\/usagers-transports.haut-allier.eu\/index.php\/wp-json\/wp\/v2\/posts"}],"about":[{"href":"https:\/\/usagers-transports.haut-allier.eu\/index.php\/wp-json\/wp\/v2\/types\/post"}],"author":[{"embeddable":true,"href":"https:\/\/usagers-transports.haut-allier.eu\/index.php\/wp-json\/wp\/v2\/users\/1"}],"replies":[{"embeddable":true,"href":"https:\/\/usagers-transports.haut-allier.eu\/index.php\/wp-json\/wp\/v2\/comments?post=275"}],"version-history":[{"count":0,"href":"https:\/\/usagers-transports.haut-allier.eu\/index.php\/wp-json\/wp\/v2\/posts\/275\/revisions"}],"wp:featuredmedia":[{"embeddable":true,"href":"https:\/\/usagers-transports.haut-allier.eu\/index.php\/wp-json\/wp\/v2\/media\/1727"}],"wp:attachment":[{"href":"https:\/\/usagers-transports.haut-allier.eu\/index.php\/wp-json\/wp\/v2\/media?parent=275"}],"wp:term":[{"taxonomy":"category","embeddable":true,"href":"https:\/\/usagers-transports.haut-allier.eu\/index.php\/wp-json\/wp\/v2\/categories?post=275"},{"taxonomy":"post_tag","embeddable":true,"href":"https:\/\/usagers-transports.haut-allier.eu\/index.php\/wp-json\/wp\/v2\/tags?post=275"}],"curies":[{"name":"wp","href":"https:\/\/api.w.org\/{rel}","templated":true}]}}