{"id":277,"date":"2016-03-19T19:13:25","date_gmt":"2016-03-19T18:13:25","guid":{"rendered":"http:\/\/5.45.101.177\/haut-allier\/usagers-transportse\/index.php\/2016\/03\/19\/ligne-du-train-cevenol-les277\/"},"modified":"2016-03-19T19:13:25","modified_gmt":"2016-03-19T18:13:25","slug":"ligne-du-train-cevenol-les277","status":"publish","type":"post","link":"https:\/\/usagers-transports.haut-allier.eu\/index.php\/2016\/03\/19\/ligne-du-train-cevenol-les277\/","title":{"rendered":"Ligne du train C\u00e9venol : les d\u00e9clarations de Vidalies aux loz\u00e9riens"},"content":{"rendered":"<p>Par manque de temps nous avions omis de vous en parler, tant nous connaissons d\u00e9sormais les r\u00e9ponses bateaux apport\u00e9es par le sous ministre aux transports Alain Vidali\u00e8s au probl\u00e8me de l&rsquo;existence de la ligne ferroviaire du C\u00e9venol.<br \/>\n&nbsp;<br \/>\nVoici donc la r\u00e9ponse aux questions pos\u00e9es par le d\u00e9put\u00e9 de Loz\u00e8re Pierre Morel A L&rsquo;Huissier \u00e0 ce sujet fin f\u00e9vrier dernier et que celui-ci nous a fait suivre. Nous l&rsquo;en remercions.<br \/>\n&nbsp;<br \/>\n <img loading=\"lazy\" decoding=\"async\" class=\" aligncenter size-full wp-image-1736\" src=\"http:\/\/5.45.101.177\/haut-allier\/usagers-transportse\/wp-content\/uploads\/2016\/03\/a-lettre-a.jpg\" alt=\"a-lettre-a.jpg\" align=\"center\" width=\"786\" height=\"1177\" srcset=\"https:\/\/usagers-transports.haut-allier.eu\/wp-content\/uploads\/2016\/03\/a-lettre-a.jpg 786w, https:\/\/usagers-transports.haut-allier.eu\/wp-content\/uploads\/2016\/03\/a-lettre-a-200x300.jpg 200w, https:\/\/usagers-transports.haut-allier.eu\/wp-content\/uploads\/2016\/03\/a-lettre-a-684x1024.jpg 684w, https:\/\/usagers-transports.haut-allier.eu\/wp-content\/uploads\/2016\/03\/a-lettre-a-768x1150.jpg 768w\" sizes=\"auto, (max-width: 786px) 100vw, 786px\" \/><br \/>\n&nbsp;<br \/>\n<img loading=\"lazy\" decoding=\"async\" class=\" aligncenter size-full wp-image-1737\" src=\"http:\/\/5.45.101.177\/haut-allier\/usagers-transportse\/wp-content\/uploads\/2016\/03\/a-lettre-b.jpg\" alt=\"a-lettre-b.jpg\" align=\"center\" width=\"786\" height=\"1177\" srcset=\"https:\/\/usagers-transports.haut-allier.eu\/wp-content\/uploads\/2016\/03\/a-lettre-b.jpg 786w, https:\/\/usagers-transports.haut-allier.eu\/wp-content\/uploads\/2016\/03\/a-lettre-b-200x300.jpg 200w, https:\/\/usagers-transports.haut-allier.eu\/wp-content\/uploads\/2016\/03\/a-lettre-b-684x1024.jpg 684w, https:\/\/usagers-transports.haut-allier.eu\/wp-content\/uploads\/2016\/03\/a-lettre-b-768x1150.jpg 768w\" sizes=\"auto, (max-width: 786px) 100vw, 786px\" \/><br \/>\n&nbsp;<br \/>\nMalheureusement pas de bonnes surprises ni nouvelles r\u00e9v\u00e9lations.<\/p>\n","protected":false},"excerpt":{"rendered":"<p>Par manque de temps nous avions omis de vous en parler, tant nous connaissons d\u00e9sormais les r\u00e9ponses bateaux<\/p>\n","protected":false},"author":1,"featured_media":1735,"comment_status":"closed","ping_status":"open","sticky":false,"template":"","format":"standard","meta":{"footnotes":""},"categories":[3],"tags":[],"class_list":["post-277","post","type-post","status-publish","format-standard","has-post-thumbnail","hentry","category-en-train"],"_links":{"self":[{"href":"https:\/\/usagers-transports.haut-allier.eu\/index.php\/wp-json\/wp\/v2\/posts\/277","targetHints":{"allow":["GET"]}}],"collection":[{"href":"https:\/\/usagers-transports.haut-allier.eu\/index.php\/wp-json\/wp\/v2\/posts"}],"about":[{"href":"https:\/\/usagers-transports.haut-allier.eu\/index.php\/wp-json\/wp\/v2\/types\/post"}],"author":[{"embeddable":true,"href":"https:\/\/usagers-transports.haut-allier.eu\/index.php\/wp-json\/wp\/v2\/users\/1"}],"replies":[{"embeddable":true,"href":"https:\/\/usagers-transports.haut-allier.eu\/index.php\/wp-json\/wp\/v2\/comments?post=277"}],"version-history":[{"count":0,"href":"https:\/\/usagers-transports.haut-allier.eu\/index.php\/wp-json\/wp\/v2\/posts\/277\/revisions"}],"wp:featuredmedia":[{"embeddable":true,"href":"https:\/\/usagers-transports.haut-allier.eu\/index.php\/wp-json\/wp\/v2\/media\/1735"}],"wp:attachment":[{"href":"https:\/\/usagers-transports.haut-allier.eu\/index.php\/wp-json\/wp\/v2\/media?parent=277"}],"wp:term":[{"taxonomy":"category","embeddable":true,"href":"https:\/\/usagers-transports.haut-allier.eu\/index.php\/wp-json\/wp\/v2\/categories?post=277"},{"taxonomy":"post_tag","embeddable":true,"href":"https:\/\/usagers-transports.haut-allier.eu\/index.php\/wp-json\/wp\/v2\/tags?post=277"}],"curies":[{"name":"wp","href":"https:\/\/api.w.org\/{rel}","templated":true}]}}