{"id":278,"date":"2016-03-21T09:35:45","date_gmt":"2016-03-21T08:35:45","guid":{"rendered":"http:\/\/5.45.101.177\/haut-allier\/usagers-transportse\/index.php\/2016\/03\/21\/quid-du-bilan-de-l-operation278\/"},"modified":"2016-03-21T09:35:45","modified_gmt":"2016-03-21T08:35:45","slug":"quid-du-bilan-de-l-operation278","status":"publish","type":"post","link":"https:\/\/usagers-transports.haut-allier.eu\/index.php\/2016\/03\/21\/quid-du-bilan-de-l-operation278\/","title":{"rendered":"Quid du bilan de l&rsquo;op\u00e9ration Guichets rouverts en Gard Loz\u00e8re sur la ligne du train C\u00e9venol ?"},"content":{"rendered":"<p>Les associations d&rsquo;usagers du Gard et de Loz\u00e8re qui avaient bataill\u00e9 dur pour obtenir la r\u00e9ouverture des guichets des gares de La Grand Combe, G\u00e9nolhac et Villefort se sont inqui\u00e9t\u00e9es de la non programmation de la r\u00e9union bilan pr\u00e9vue dans les accords avec la sous-pr\u00e9fecture du Gard \u00e0 Al\u00e8s apr\u00e8s les premiers six mois d&rsquo;exp\u00e9rimentation.<br \/>\n&nbsp;<br \/>\nLe d\u00e9put\u00e9 de Loz\u00e8re Pierre Morel A L&rsquo;Huissier qui s&rsquo;en \u00e9tait fait \u00e9cho aupr\u00e8s de la SNCF vient de recevoir une r\u00e9ponse de la direction r\u00e9gionale de Montpellier, qui botte en touche comme toujours mais qui assure de sa participation.<br \/>\n&nbsp;<br \/>\n<img loading=\"lazy\" decoding=\"async\" class=\" aligncenter size-full wp-image-1739\" src=\"http:\/\/5.45.101.177\/haut-allier\/usagers-transportse\/wp-content\/uploads\/2016\/03\/Reponse_SNCF_LR_Reouverture_guichets_Ligne_des_Cevennes_2016-03-01.jpg\" alt=\"Reponse_SNCF_LR_Reouverture_guichets_Ligne_des_Cevennes_2016-03-01.jpg\" align=\"center\" width=\"826\" height=\"1169\" srcset=\"https:\/\/usagers-transports.haut-allier.eu\/wp-content\/uploads\/2016\/03\/Reponse_SNCF_LR_Reouverture_guichets_Ligne_des_Cevennes_2016-03-01.jpg 826w, https:\/\/usagers-transports.haut-allier.eu\/wp-content\/uploads\/2016\/03\/Reponse_SNCF_LR_Reouverture_guichets_Ligne_des_Cevennes_2016-03-01-212x300.jpg 212w, https:\/\/usagers-transports.haut-allier.eu\/wp-content\/uploads\/2016\/03\/Reponse_SNCF_LR_Reouverture_guichets_Ligne_des_Cevennes_2016-03-01-724x1024.jpg 724w, https:\/\/usagers-transports.haut-allier.eu\/wp-content\/uploads\/2016\/03\/Reponse_SNCF_LR_Reouverture_guichets_Ligne_des_Cevennes_2016-03-01-768x1087.jpg 768w\" sizes=\"auto, (max-width: 826px) 100vw, 826px\" \/><br \/>\n&nbsp;<\/p>\n","protected":false},"excerpt":{"rendered":"<p>Les associations d&rsquo;usagers du Gard et de Loz\u00e8re qui avaient bataill\u00e9 dur pour obtenir la r\u00e9ouverture des guichets<\/p>\n","protected":false},"author":1,"featured_media":1738,"comment_status":"closed","ping_status":"open","sticky":false,"template":"","format":"standard","meta":{"footnotes":""},"categories":[3],"tags":[],"class_list":["post-278","post","type-post","status-publish","format-standard","has-post-thumbnail","hentry","category-en-train"],"_links":{"self":[{"href":"https:\/\/usagers-transports.haut-allier.eu\/index.php\/wp-json\/wp\/v2\/posts\/278","targetHints":{"allow":["GET"]}}],"collection":[{"href":"https:\/\/usagers-transports.haut-allier.eu\/index.php\/wp-json\/wp\/v2\/posts"}],"about":[{"href":"https:\/\/usagers-transports.haut-allier.eu\/index.php\/wp-json\/wp\/v2\/types\/post"}],"author":[{"embeddable":true,"href":"https:\/\/usagers-transports.haut-allier.eu\/index.php\/wp-json\/wp\/v2\/users\/1"}],"replies":[{"embeddable":true,"href":"https:\/\/usagers-transports.haut-allier.eu\/index.php\/wp-json\/wp\/v2\/comments?post=278"}],"version-history":[{"count":0,"href":"https:\/\/usagers-transports.haut-allier.eu\/index.php\/wp-json\/wp\/v2\/posts\/278\/revisions"}],"wp:featuredmedia":[{"embeddable":true,"href":"https:\/\/usagers-transports.haut-allier.eu\/index.php\/wp-json\/wp\/v2\/media\/1738"}],"wp:attachment":[{"href":"https:\/\/usagers-transports.haut-allier.eu\/index.php\/wp-json\/wp\/v2\/media?parent=278"}],"wp:term":[{"taxonomy":"category","embeddable":true,"href":"https:\/\/usagers-transports.haut-allier.eu\/index.php\/wp-json\/wp\/v2\/categories?post=278"},{"taxonomy":"post_tag","embeddable":true,"href":"https:\/\/usagers-transports.haut-allier.eu\/index.php\/wp-json\/wp\/v2\/tags?post=278"}],"curies":[{"name":"wp","href":"https:\/\/api.w.org\/{rel}","templated":true}]}}