{"id":279,"date":"2016-03-21T09:57:40","date_gmt":"2016-03-21T08:57:40","guid":{"rendered":"http:\/\/5.45.101.177\/haut-allier\/usagers-transportse\/index.php\/2016\/03\/21\/ligne-du-train-cevenol-non-il-n-y279\/"},"modified":"2016-03-21T09:57:40","modified_gmt":"2016-03-21T08:57:40","slug":"ligne-du-train-cevenol-non-il-n-y279","status":"publish","type":"post","link":"https:\/\/usagers-transports.haut-allier.eu\/index.php\/2016\/03\/21\/ligne-du-train-cevenol-non-il-n-y279\/","title":{"rendered":"Ligne du train C\u00e9venol : non il n&rsquo;y aura pas de substitution d\u00e9finitive par bus !"},"content":{"rendered":"<p>Une bonne nouvelle fois pour toutes serait-on tent\u00e9 de dire la SNCF explique encore qu&rsquo;il n&rsquo;y aura pas de substitution des trains par des autocars sur la ligne ferroviaire des C\u00e9vennes hors p\u00e9riodes de travaux.<br \/>\n&nbsp;<br \/>\nA la question du d\u00e9put\u00e9 de Loz\u00e8re qui relayait celle de l&rsquo;Association des \u00e9lus pour la d\u00e9fense du C\u00e9venol, les directions SNCF Languedoc Roussillon et Auvergne Bourgogne Ouest viennent donc de rassurer sur leurs intentions.<br \/>\n&nbsp;<br \/>\nLe branlebas de combat avait \u00e9t\u00e9 orchestr\u00e9 l&rsquo;an dernier entre autres par notre J\u00e9sus Sauveur &#8211; Tweeteur du train C\u00e9venol.<br \/>\n&nbsp;<br \/>\nVoici la lettre re\u00e7ue par Pierre Morel A l&rsquo;Huissier :<br \/>\n&nbsp;<br \/>\n<img loading=\"lazy\" decoding=\"async\" class=\" aligncenter size-full wp-image-1741\" src=\"http:\/\/5.45.101.177\/haut-allier\/usagers-transportse\/wp-content\/uploads\/2016\/03\/Reponse_SNCF_LR_et_Auvergne_Substitution_train_cevenol_par_cars_2016-03-14-a.jpg\" alt=\"Reponse_SNCF_LR_et_Auvergne_Substitution_train_cevenol_par_cars_2016-03-14-a.jpg\" align=\"center\" width=\"826\" height=\"1169\" srcset=\"https:\/\/usagers-transports.haut-allier.eu\/wp-content\/uploads\/2016\/03\/Reponse_SNCF_LR_et_Auvergne_Substitution_train_cevenol_par_cars_2016-03-14-a.jpg 826w, https:\/\/usagers-transports.haut-allier.eu\/wp-content\/uploads\/2016\/03\/Reponse_SNCF_LR_et_Auvergne_Substitution_train_cevenol_par_cars_2016-03-14-a-212x300.jpg 212w, https:\/\/usagers-transports.haut-allier.eu\/wp-content\/uploads\/2016\/03\/Reponse_SNCF_LR_et_Auvergne_Substitution_train_cevenol_par_cars_2016-03-14-a-724x1024.jpg 724w, https:\/\/usagers-transports.haut-allier.eu\/wp-content\/uploads\/2016\/03\/Reponse_SNCF_LR_et_Auvergne_Substitution_train_cevenol_par_cars_2016-03-14-a-768x1087.jpg 768w\" sizes=\"auto, (max-width: 826px) 100vw, 826px\" \/><br \/>\n&nbsp;<br \/>\n<img loading=\"lazy\" decoding=\"async\" class=\" aligncenter size-full wp-image-1742\" src=\"http:\/\/5.45.101.177\/haut-allier\/usagers-transportse\/wp-content\/uploads\/2016\/03\/Reponse_SNCF_LR_et_Auvergne_Substitution_train_cevenol_par_cars_2016-03-14-b.jpg\" alt=\"Reponse_SNCF_LR_et_Auvergne_Substitution_train_cevenol_par_cars_2016-03-14-b.jpg\" align=\"center\" width=\"826\" height=\"1169\" srcset=\"https:\/\/usagers-transports.haut-allier.eu\/wp-content\/uploads\/2016\/03\/Reponse_SNCF_LR_et_Auvergne_Substitution_train_cevenol_par_cars_2016-03-14-b.jpg 826w, https:\/\/usagers-transports.haut-allier.eu\/wp-content\/uploads\/2016\/03\/Reponse_SNCF_LR_et_Auvergne_Substitution_train_cevenol_par_cars_2016-03-14-b-212x300.jpg 212w, https:\/\/usagers-transports.haut-allier.eu\/wp-content\/uploads\/2016\/03\/Reponse_SNCF_LR_et_Auvergne_Substitution_train_cevenol_par_cars_2016-03-14-b-724x1024.jpg 724w, https:\/\/usagers-transports.haut-allier.eu\/wp-content\/uploads\/2016\/03\/Reponse_SNCF_LR_et_Auvergne_Substitution_train_cevenol_par_cars_2016-03-14-b-768x1087.jpg 768w\" sizes=\"auto, (max-width: 826px) 100vw, 826px\" \/><\/p>\n","protected":false},"excerpt":{"rendered":"<p>Une bonne nouvelle fois pour toutes serait-on tent\u00e9 de dire la SNCF explique encore qu&rsquo;il n&rsquo;y aura pas<\/p>\n","protected":false},"author":1,"featured_media":1740,"comment_status":"closed","ping_status":"open","sticky":false,"template":"","format":"standard","meta":{"footnotes":""},"categories":[3],"tags":[],"class_list":["post-279","post","type-post","status-publish","format-standard","has-post-thumbnail","hentry","category-en-train"],"_links":{"self":[{"href":"https:\/\/usagers-transports.haut-allier.eu\/index.php\/wp-json\/wp\/v2\/posts\/279","targetHints":{"allow":["GET"]}}],"collection":[{"href":"https:\/\/usagers-transports.haut-allier.eu\/index.php\/wp-json\/wp\/v2\/posts"}],"about":[{"href":"https:\/\/usagers-transports.haut-allier.eu\/index.php\/wp-json\/wp\/v2\/types\/post"}],"author":[{"embeddable":true,"href":"https:\/\/usagers-transports.haut-allier.eu\/index.php\/wp-json\/wp\/v2\/users\/1"}],"replies":[{"embeddable":true,"href":"https:\/\/usagers-transports.haut-allier.eu\/index.php\/wp-json\/wp\/v2\/comments?post=279"}],"version-history":[{"count":0,"href":"https:\/\/usagers-transports.haut-allier.eu\/index.php\/wp-json\/wp\/v2\/posts\/279\/revisions"}],"wp:featuredmedia":[{"embeddable":true,"href":"https:\/\/usagers-transports.haut-allier.eu\/index.php\/wp-json\/wp\/v2\/media\/1740"}],"wp:attachment":[{"href":"https:\/\/usagers-transports.haut-allier.eu\/index.php\/wp-json\/wp\/v2\/media?parent=279"}],"wp:term":[{"taxonomy":"category","embeddable":true,"href":"https:\/\/usagers-transports.haut-allier.eu\/index.php\/wp-json\/wp\/v2\/categories?post=279"},{"taxonomy":"post_tag","embeddable":true,"href":"https:\/\/usagers-transports.haut-allier.eu\/index.php\/wp-json\/wp\/v2\/tags?post=279"}],"curies":[{"name":"wp","href":"https:\/\/api.w.org\/{rel}","templated":true}]}}