{"id":281,"date":"2016-03-24T07:03:39","date_gmt":"2016-03-24T06:03:39","guid":{"rendered":"http:\/\/5.45.101.177\/haut-allier\/usagers-transportse\/index.php\/2016\/03\/24\/les-bus-macron-aux-deux-tiers281\/"},"modified":"2016-03-24T07:03:39","modified_gmt":"2016-03-24T06:03:39","slug":"les-bus-macron-aux-deux-tiers281","status":"publish","type":"post","link":"https:\/\/usagers-transports.haut-allier.eu\/index.php\/2016\/03\/24\/les-bus-macron-aux-deux-tiers281\/","title":{"rendered":"Les bus Macron aux deux tiers vides !"},"content":{"rendered":"<p>Edifiant. Selon une \u00e9tude de l&rsquo;Arafer, le gendarme du secteur de l&rsquo;autocar, le coefficient d&rsquo;occupation des autocars, au cours des 5 premiers mois qui ont suivi la lib\u00e9ralisation du secteur, est de seulement 32%. Chacun en conclura ce qu&rsquo;il veut. Mais cela n&#8217;emp\u00eachera pas les transporteurs de grincher et de demander de plus belle des subventions aux pouvoirs publics. Et donc de d\u00e9tourner des fonds n\u00e9cessaires au ferroviaire.<br \/>\n&nbsp;<br \/>\nC&rsquo;est le d\u00e9but de l&rsquo;article du Progr\u00e8s intitul\u00e9 :<em> Transport en autocar  &#8211; Les 2\/3 des si\u00e8ges sont vides.<\/em><br \/>\n&nbsp;<br \/>\nNous le reproduisons ci-dessous :<br \/>\n&nbsp;<\/p>\n<p>[(<br \/>\nPar Fabrice Gliszczynski  |  21\/03\/2016, 15:25<br \/>\n&nbsp;<br \/>\nSelon une \u00e9tude de l&rsquo;Arafer, le gendarme du secteur de l&rsquo;autocar, le coefficient d&rsquo;occupation des autocars, au cours des 5 premiers mois qui ont suivi la lib\u00e9ralisation du secteur, est de seulement 32%. Un chiffre qui traduit l&rsquo;inad\u00e9quation de l&rsquo;offre et de la demande avec une explosion du nombre d&rsquo;ouvertures de liaisons par autocar. La recette est faible \u00e9galement : 3,2 euros aux 100 km par passager.<br \/>\n&nbsp;<br \/>\n32% : c&rsquo;est le coefficient d&rsquo;occupation des autocars au quatri\u00e8me trimestre 2015 d\u00e9voil\u00e9 ce lundi par l&rsquo;Arafer, le gendarme du rail, des autoroutes et des autocars, dans sa premi\u00e8re \u00e9tude trimestrielle sur ce secteur n\u00e9 de la Loi Macron. S&rsquo;il est trop t\u00f4t pour dire si la mayonnaise prend ou pas aupr\u00e8s du public, ce taux de remplissage tr\u00e8s bas traduit l&rsquo;inad\u00e9quation entre l&rsquo;offre et la demande de transport, en raison de l&rsquo;explosion des capacit\u00e9s de bus qui a suivi la lib\u00e9ralisation de ce march\u00e9 en ao\u00fbt 2015. Pas moins de six op\u00e9rateurs (Flixbus, Ouibus, Starshipper, Megabus, Isilines, Eurolines), voire plus si l&rsquo;on compte les petits acteurs locaux comme Migratour, exploitaient au quatri\u00e8me trimestre 689 liaisons (origine-destination) sur 148 lignes. Une offre qui a permis la cr\u00e9ation de 970 emplois, selon l&rsquo;Arafer.<br \/>\n&nbsp;<br \/>\n<strong>March\u00e9 naissant<\/strong><br \/>\n&nbsp;<br \/>\nPour l&rsquo;Arafer, ce coefficient d&rsquo;occupation est pourtant meilleur que pr\u00e9vu.<br \/>\n&nbsp;<br \/>\n    <em>\u00abUn tiers pour un march\u00e9 naissant en m\u00eame pas deux trimestres, c&rsquo;est tout de m\u00eame assez surprenant. Nous avions l&rsquo;intuition que cela serait beaucoup plus faible \u00bb<\/em>, a d\u00e9clar\u00e9 Anne Yvrande-Billon, vice-pr\u00e9sidente de l&rsquo;Arafer. Et de pr\u00e9ciser :<br \/>\n&nbsp;<br \/>\n<em>\u00ab C&rsquo;est un march\u00e9 qui n&rsquo;est pas tr\u00e8s connu et qui souffre d&rsquo;un d\u00e9ficit d&rsquo;image. Quand toute la demande potentielle conna\u00eetra ce march\u00e9, alors on pourra vraiment commenter ce taux de remplissage. Par ailleurs, du c\u00f4t\u00e9 de l&rsquo;offre, celle-ci est en phase de construction avec des op\u00e9rateurs qui ouvrent un nombre tr\u00e8s important de liaisons. On peut penser qu&rsquo;il y aura \u00e0 terme une rationalisation des offres.\u00bb<\/em><br \/>\n&nbsp;<br \/>\nPierre Cardo, le pr\u00e9sident de l&rsquo;Arafer, est lui aussi confiant sur le d\u00e9veloppement de ce nouveau mode de transport.<br \/>\n<em> \u00abLe coefficient d&rsquo;occupation passe de 29% au troisi\u00e8me trimestre \u00e0 32% au quatri\u00e8me. Nous pouvons supposer qu&rsquo;il s&rsquo;am\u00e9liorera au fur et \u00e0 mesure que le service sera connu\u00bb<\/em>, a-t-il indiqu\u00e9.<br \/>\n&nbsp;<br \/>\n<strong>7.000 passagers par jour<\/strong><br \/>\n&nbsp;<br \/>\nEntre le mois d&rsquo;ao\u00fbt 2015 et fin d\u00e9cembre de l&rsquo;ann\u00e9e derni\u00e8re, 770.400 voyageurs ont utilis\u00e9 l&rsquo;autocar en France. Au quatri\u00e8me trimestre, ils \u00e9taient m\u00eame 7.000 chaque jour. Soit \u00ab\u00a02,5 millions de passagers par an\u00a0\u00bb, si l&rsquo;on prolonge les courbes sur une ann\u00e9e, a expliqu\u00e9 Nicolas Quinones-Gil, responsable de l&rsquo;observatoire des transports et de la mobilit\u00e9.<br \/>\n&nbsp;<br \/>\nC&rsquo;est n\u00e9anmoins largement moins que les 5 millions de passagers atteints en Allemagne en 2013, lors de la premi\u00e8re ann\u00e9e de lib\u00e9ralisation du march\u00e9 l&rsquo;autocar. Mais, explique-t-il, <em>\u00ab\u00a0les chiffres du quatri\u00e8me trimestre 2015 \u00e9tant les premiers sur un trimestre complet, la vision de la courbe de croissance du march\u00e9 fran\u00e7ais sera plus nette avec les chiffres du premier trimestre 2016.\u00a0\u00bb<\/em><br \/>\n&nbsp;<br \/>\n<em>\u00ab\u00a0La croissance entre le troisi\u00e8me et le quatri\u00e8me trimestre \u00e9tait de 200%. Tout porte \u00e0 croire qu&rsquo;il y a eu encore au premier trimestre 2016 une tr\u00e8s forte croissance\u00a0\u00bb<\/em>, assure-t-il.<br \/>\n&nbsp;<br \/>\n<strong>Les recettes sont tr\u00e8s basses<\/strong><br \/>\n&nbsp;<br \/>\nAnne Yvrande-Billon a un avis plus tranch\u00e9 :<br \/>\n<em>\u00abLa tendance est la m\u00eame qu&rsquo;en Allemagne. Il n&rsquo;y a rien en effet qui laisse penser que le march\u00e9 ne cro\u00eetra pas aussi vite qu&rsquo;en Allemagne. Tous les signaux sont les m\u00eames \u00bb, a-t-elle indiqu\u00e9, en rappelant qu&rsquo;en France, le march\u00e9 n&rsquo;a \u00ab pas pass\u00e9 les mois d&rsquo;\u00e9t\u00e9.\u00bb<\/em><br \/>\n&nbsp;<br \/>\nSelon France Strat\u00e9gie, le nombre de voyageurs par autocar s&rsquo;\u00e9l\u00e8ve \u00e0 fin f\u00e9vrier \u00e0 1,5 million de passagers depuis ao\u00fbt.<br \/>\n&nbsp;<br \/>\n<strong>Des prix tr\u00e8s bas<\/strong><br \/>\n&nbsp;<br \/>\nCe faible coefficient d&rsquo;occupation se double d&rsquo;une recette au si\u00e8ge-kilom\u00e8tre extr\u00eamement basse. Ce qui laisse supposer un niveau de pertes cons\u00e9quent, m\u00eame si les co\u00fbts au si\u00e8ge-kilom\u00e8tre des op\u00e9rateurs restent inconnus.<br \/>\n&nbsp;<br \/>\nAvec un chiffre d&rsquo;affaires de 9,3 millions d&rsquo;euros r\u00e9alis\u00e9 au cours des cinq derniers mois de l&rsquo;ann\u00e9e 2015, la recette moyenne par passager est en effet de 3,2 euros par passager pour 100 kilom\u00e8tres. Soit 12 euros par passager puisque le trajet moyen s&rsquo;\u00e9l\u00e8ve \u00e0 376 kilom\u00e8tres. Pour se faire une place sur le march\u00e9 et pour remplir un nombre de si\u00e8ges aujourd&rsquo;hui largement sup\u00e9rieurs \u00e0 la demande, les op\u00e9rateurs pratiquent des prix tr\u00e8s bas. Une guerre tarifaire qui risque de faire des d\u00e9g\u00e2ts. Une consolidation du march\u00e9 est \u00e0 attendre \u00e0 terme quand les op\u00e9rateurs les moins solides r\u00e9duiront la voilure ou sortiront du march\u00e9.<br \/>\n&nbsp;<br \/>\nReste \u00e0 voir si les autocars ont cr\u00e9\u00e9 un nouveau march\u00e9 o\u00f9 s&rsquo;il a pris sur d&rsquo;autres. L&rsquo;Arafer sera en mesure d&rsquo;apporter des \u00e9l\u00e9ments de r\u00e9ponse au troisi\u00e8me trimestre 2016. L&rsquo;ouverture de lignes d&rsquo;autocar sur des liaisons de moins de 100 kilom\u00e8tres desservies pour certaines par le TER, sera en effet int\u00e9ressante \u00e0 analyser.<br \/>\n )]<\/p>\n","protected":false},"excerpt":{"rendered":"<p>Edifiant. Selon une \u00e9tude de l&rsquo;Arafer, le gendarme du secteur de l&rsquo;autocar, le coefficient d&rsquo;occupation des autocars, au<\/p>\n","protected":false},"author":1,"featured_media":1745,"comment_status":"closed","ping_status":"open","sticky":false,"template":"","format":"standard","meta":{"footnotes":""},"categories":[4],"tags":[],"class_list":["post-281","post","type-post","status-publish","format-standard","has-post-thumbnail","hentry","category-en-bus"],"_links":{"self":[{"href":"https:\/\/usagers-transports.haut-allier.eu\/index.php\/wp-json\/wp\/v2\/posts\/281","targetHints":{"allow":["GET"]}}],"collection":[{"href":"https:\/\/usagers-transports.haut-allier.eu\/index.php\/wp-json\/wp\/v2\/posts"}],"about":[{"href":"https:\/\/usagers-transports.haut-allier.eu\/index.php\/wp-json\/wp\/v2\/types\/post"}],"author":[{"embeddable":true,"href":"https:\/\/usagers-transports.haut-allier.eu\/index.php\/wp-json\/wp\/v2\/users\/1"}],"replies":[{"embeddable":true,"href":"https:\/\/usagers-transports.haut-allier.eu\/index.php\/wp-json\/wp\/v2\/comments?post=281"}],"version-history":[{"count":0,"href":"https:\/\/usagers-transports.haut-allier.eu\/index.php\/wp-json\/wp\/v2\/posts\/281\/revisions"}],"wp:featuredmedia":[{"embeddable":true,"href":"https:\/\/usagers-transports.haut-allier.eu\/index.php\/wp-json\/wp\/v2\/media\/1745"}],"wp:attachment":[{"href":"https:\/\/usagers-transports.haut-allier.eu\/index.php\/wp-json\/wp\/v2\/media?parent=281"}],"wp:term":[{"taxonomy":"category","embeddable":true,"href":"https:\/\/usagers-transports.haut-allier.eu\/index.php\/wp-json\/wp\/v2\/categories?post=281"},{"taxonomy":"post_tag","embeddable":true,"href":"https:\/\/usagers-transports.haut-allier.eu\/index.php\/wp-json\/wp\/v2\/tags?post=281"}],"curies":[{"name":"wp","href":"https:\/\/api.w.org\/{rel}","templated":true}]}}