{"id":282,"date":"2016-03-25T10:42:38","date_gmt":"2016-03-25T09:42:38","guid":{"rendered":"http:\/\/5.45.101.177\/haut-allier\/usagers-transportse\/index.php\/2016\/03\/25\/etats-generaux-du-rail-en282\/"},"modified":"2016-03-25T10:42:38","modified_gmt":"2016-03-25T09:42:38","slug":"etats-generaux-du-rail-en282","status":"publish","type":"post","link":"https:\/\/usagers-transports.haut-allier.eu\/index.php\/2016\/03\/25\/etats-generaux-du-rail-en282\/","title":{"rendered":"Etats G\u00e9n\u00e9raux du Rail en Languedoc Roussillon Midi Pyr\u00e9n\u00e9es : nous y serons !"},"content":{"rendered":"<p>Nous y serons pour d\u00e9fendre en premier lieu le tron\u00e7on ferroviaire La Bastide St Laurent les Bains \/ Saint-Georges d&rsquo;Aurac qui n&rsquo;int\u00e9resse personne mais qui nous concerne nous qui habitons les gorges du Haut Allier.<br \/>\n&nbsp;<br \/>\nCarole Delga et G\u00e9rard Onesta ont lanc\u00e9 ce matin \u00e0 Baillargues pr\u00e8s de Montpellier les Etats G\u00e9n\u00e9raux du Rail qu&rsquo;ils avaient promis lors de leur campagne des r\u00e9gionales.<br \/>\n&nbsp;<br \/>\nParmi les 36 r\u00e9unions publiques, la premi\u00e8re est programm\u00e9e \u00e0 Capdenac Gare (Aveyron) le 21 avril.<br \/>\n&nbsp;<br \/>\nD\u00e9j\u00e0 \u00e0 Montpellier et N\u00eemes certains politiciens locaux s&rsquo;acharnent toujours comme des poux \u00e0 leurs gares TGV inutiles situ\u00e9es \u00e0 5 kilom\u00e8tres ou plus des centres villes. D&rsquo;autres, de la r\u00e9gion, les \u00e9lus EELV tiennent \u00e0 leurs consultations publiques. Cela sera-t-il suffisant pour arr\u00eater ces travaux d\u00e9j\u00e0 bien engag\u00e9s ?<br \/>\n&nbsp;<br \/>\nExemple sur France 3 Languedoc Roussillon le 24 mars 2016  \u00e0 19 heures puis la vid\u00e9o du JT du 25 mars 12h :<br \/>\n&nbsp;<\/p>\n<p>[(<br \/>\nQuel avenir pour la nouvelle gare TGV de Montpellier\u00a0? Le 5 avril prochain la premi\u00e8re phase des travaux sera achev\u00e9e. Aujourd\u2019hui une visite de chantier \u00e9tait organis\u00e9e mais la construction de la gare fait toujours d\u00e9bat.<br \/>\n&nbsp;<br \/>\nVisite de chantier ce matin pour la finalisation de cette dalle sur\u00e9lev\u00e9e qui devra accueillir la seconde gare TGV de Montpellier. Un moment cl\u00e9 pour la construction de la future ligne \u00e0 grande vitesse.<br \/>\n&nbsp;<br \/>\nRaymond Fondeville, PDG Soci\u00e9t\u00e9 Fondeville :<br \/>\n\u00ab\u00a0Pour nous c&rsquo;est un grand jour parce que nous allons livrer donc pour le 5 avril qui est une cate cl\u00e9 je dirais de notre contrat toute la dalle pont qui permettra, je dirais, aux travaux de la voie de continuer. Quand je parle des travaux de la voie c&rsquo;est-\u00e0-dire tous les  travaux qui vont passer bien entendu sous cette dalle pont.\u00a0\u00bb<br \/>\n&nbsp;<br \/>\nLes lignes pourront donc \u00eatre construites sus cette dalle et normalement au dessus, cette gare appel\u00e9e Montpellier Sud de France. Elle devra \u00eatre mise \u00e0 disposition en d\u00e9cembre 2017. Normalement. Car il y a un mais\u00a0: demain la pr\u00e9sidente de r\u00e9gion Carole Delga devrait faire des propositions en remettant en cause l&rsquo;avanc\u00e9e des travaux et en lan\u00e7ant une grande concertation publique.<br \/>\n&nbsp;<br \/>\nChristian Dupraz, conseil r\u00e9gional d\u00e9l\u00e9gu\u00e9 aux transports<br \/>\n\u00ab\u00a0Les Etats g\u00e9n\u00e9raux du rail que nous lan\u00e7ons demain avec la pr\u00e9sidente Delga vont permettre d&rsquo;avoir du recul et de savoir si ce type de projet correspond \u00e0 une priorit\u00e9 ou pas. Quand on a un budget limit\u00e9 on peut pas tout faire. Donc aujourd\u2019hui faut-il, comme on s&rsquo;y oriente, tout mettre sur la grande vitesse\u00a0? Faut-il aller plus sur les trains du quotidien, les TER, en mettre plus, plus r\u00e9guliers. C&rsquo;est le grand d\u00e9bat que nous ouvrons avec ces \u00e9tats g\u00e9n\u00e9raux.\u00a0\u00bb<br \/>\n&nbsp;<br \/>\n32 r\u00e9unions publiques pr\u00e9vues, 3 million de questionnaires distribu\u00e9s dans les gares, un site Internet d\u00e9di\u00e9, devraient permettre de mieux cerner les besoins pour la r\u00e9gion et les usagers. Fin des \u00e9tats g\u00e9n\u00e9raux en septembre prochain. Quant \u00e0 la gare l&rsquo;\u00e9tat d\u00e9cidera de la suspension ou non des travaux de construction.<br \/>\n&nbsp;<br \/>\n<center><br \/>\n<iframe loading=\"lazy\" width=\"450\" height=\"270\" src=\"\/\/embedftv-a.akamaihd.net\/fa6fa9feba0d2f3cb4af8507ee9bf8a4\" frameborder=\"0\" scrolling=\"no\"><\/iframe><br \/><a href=\"http:\/\/france3-regions.francetvinfo.fr\/languedoc-roussillon\/montpellier-la-gare-tgv-de-la-mogere-au-centre-des-etats-generaux-du-rail-959911.html\" target=\"_blank\"><\/a><br \/>\n&nbsp;<\/p>\n<p><iframe loading=\"lazy\" width=\"450\" height=\"270\" src=\"\/\/embedftv-a.akamaihd.net\/370241f8a7cad7fa3967e94261908f02\" frameborder=\"0\" scrolling=\"no\"><\/iframe><br \/><a href=\"http:\/\/france3-regions.francetvinfo.fr\/languedoc-roussillon\/herault\/montpellier\/les-etats-generaux-du-rail-une-consultation-citoyenne-regionale-en-80-jours-960709.html\" target=\"_blank\"><\/a><br \/>\n&nbsp;<br \/>\n<\/center><\/p>\n<p>)]<\/p>\n<p>&nbsp;<br \/>\n&#8211; La <em>D\u00e9p\u00eache du Midi<\/em> du 25 mars r\u00e9sume assez bien la situation : <\/p>\n<p>[(<br \/>\nLa nouvelle r\u00e9gion lance aujourd&rsquo;hui les \u00c9tats g\u00e9n\u00e9raux du rail et de l&rsquo;intermodalit\u00e9 pour d\u00e9finir avec la voix des usagers la politique des transports des vingt prochaines ann\u00e9es. Une vaste consultation \u00e0 l&rsquo;heure o\u00f9 la comp\u00e9tence transports des R\u00e9gions s&rsquo;accro\u00eet et les budgets publics r\u00e9gressent.<br \/>\n&nbsp;<br \/>\nLa nouvelle pr\u00e9sidente de r\u00e9gion en avait pris l&rsquo;engagement le 10 d\u00e9cembre \u00e0 Montpellier, alors qu&rsquo;elle \u00e9tait candidate aux r\u00e9gionales : remettre \u00e0 plat les grands dossiers du transport ferroviaire dans une r\u00e9gion o\u00f9 la question des mobilit\u00e9s et de l&rsquo;intermodalit\u00e9 a toujours suscit\u00e9 de fortes tensions. Carole Delga, en avance sur son calendrier, lance ce matin au P\u00f4le d&rsquo;\u00e9changes multimodal de Baillargues (34) les \u00c9tats g\u00e9n\u00e9raux du rail, une vaste consultation aux allures d&rsquo;enqu\u00eate publique citoyenne, ou de commission du d\u00e9bat public, pour approcher au plus pr\u00e8s des besoins de la population. Les enjeux sont de taille et extraordinairement diversifi\u00e9s dans cette r\u00e9gion \u00e9largie de 5,6 millions d&rsquo;habitants, o\u00f9 est attendue une progression d\u00e9mographique de pr\u00e8s de 15 % d&rsquo;ici \u00e0 2030. Le chantier est vaste, sem\u00e9 d&#8217;emb\u00fbches car il ne se borne pas \u00e0 mieux encadrer les d\u00e9placements professionnels d&rsquo;un point \u00e0 un autre.<br \/>\n&nbsp;<br \/>\n<strong>Trente-six rencontres publiques<\/strong><br \/>\n&nbsp;<br \/>\nLe Languedoc-Roussillon conna\u00eet en \u00e9t\u00e9 un surcro\u00eet de touristes sur ses stations baln\u00e9aires dont il faut g\u00e9rer les flux. La R\u00e9gion g\u00e9n\u00e8re aussi depuis des d\u00e9cennies des flux de marchandises et de personnes parmi les plus importants d&rsquo;Europe. Chaque jour, 31 000 v\u00e9hicules franchissent le col du Perthus, 60 millions de tonnes de fret circulent chaque ann\u00e9e entre l&rsquo;Espagne et la France. Un corridor vou\u00e9 aux camions et qui fr\u00f4le l&rsquo;asphyxie. A cela, il faut ajouter 6 millions de tonnes en fret portuaire, 60 000 tonnes en fret a\u00e9rien\u2026 La question du report modal, le r\u00f4le des plateformes logistiques, des autoroutes ferroviaires Nord-Sud, prennent ici tout leur sens. Infrastructures de transport et d\u00e9veloppement \u00e9conomique sont ici intimement li\u00e9es, dans des paysages pourtant bien diff\u00e9rents. En Midi-Pyr\u00e9n\u00e9es, il existe un n\u0153ud ferroviaire o\u00f9 tout converge : c&rsquo;est la gare Matabiau, quand le Languedoc-Roussillon doit g\u00e9rer en priorit\u00e9 un gros transit le long de son littoral.<br \/>\n&nbsp;<br \/>\nLe d\u00e9bat s&rsquo;ouvre donc \u00e0 partir d&rsquo;aujourd&rsquo;hui avec 36 rencontres publiques qui seront prolong\u00e9es jusqu&rsquo;en juillet, avec une information accrue aupr\u00e8s des voyageurs qui empruntent les trains au quotidien, aupr\u00e8s des associations d&rsquo;usagers comme la Fnaut, des syndicats, de la SNCF, des financeurs et des collectivit\u00e9s concern\u00e9es.<br \/>\n&nbsp;<br \/>\n\u00c0 l&rsquo;heure, par exemple, o\u00f9 l&rsquo;\u00c9tat se d\u00e9sengage de l&rsquo;exploitation des trains de nuit, la R\u00e9gion va-t-elle devoir prendre le relais, assumer des co\u00fbts nouveaux sans qu&rsquo;il y ait transfert financier de l&rsquo;\u00c9tat ? Quels seront les moyens r\u00e9els de la R\u00e9gion qui, avec la r\u00e9forme territoriale et la loi Notre, va h\u00e9riter en 2017 des transports interurbains, puis des transports scolaires ? Comment assumer des comp\u00e9tences nouvelles sans avoir les moyens de les appliquer\u00bb, r\u00e9sume Jean-Luc Gibelin, vice-pr\u00e9sident de la R\u00e9gion.<br \/>\n&nbsp;<br \/>\nLes \u00c9tats g\u00e9n\u00e9raux qui d\u00e9marrent ce jour, permettront de d\u00e9finir un cadre financier. Jusqu&rsquo;alors, les transports repr\u00e9sentaient plus du quart du budget total de la grande R\u00e9gion, autant que la formation\u2026 Mais combien demain ?<br \/>\n&nbsp;<\/p>\n<p>)]<\/p>\n<p>&nbsp;<br \/>\n<strong>Non la gare de la Mog\u00e8re lamentablement appel\u00e9e \u00ab\u00a0Sud de France\u00a0\u00bb suivant la volont\u00e9 du grand guide spirituel des ann\u00e9es 80 de Montpellier Fr\u00eachou 1er (et dernier), ne sera pas seule au centre des Etats g\u00e9n\u00e9raux du rail, celle aussi de Manduel y sera, et les lignes du quotidien p\u00e8seront. Nous l&rsquo;esp\u00e9rons.<\/strong><br \/>\n&nbsp;<br \/>\nVoici le <a href=\"http:\/\/www.regionlrmp.fr\/IMG\/pdf\/dpplanegrimddv.pdf\"><strong>communiqu\u00e9<\/strong><\/a> de la r\u00e9gion Languedoc Roussillon Midi Pyr\u00e9n\u00e9es.<\/p>\n<p>&nbsp;<br \/>\nLe r\u00e9seau des transports Midi Pyr\u00e9n\u00e9es Languedoc Roussillon :<br \/>\n&nbsp;<br \/>\n<img loading=\"lazy\" decoding=\"async\" class=\" aligncenter size-full wp-image-1747\" src=\"http:\/\/5.45.101.177\/haut-allier\/usagers-transportse\/wp-content\/uploads\/2016\/03\/etatsgenerauxrail-dossier-presse-dpplanegrimddv.jpg\" alt=\"etatsgenerauxrail-dossier-presse-dpplanegrimddv.jpg\" align=\"center\" width=\"1096\" height=\"784\" srcset=\"https:\/\/usagers-transports.haut-allier.eu\/wp-content\/uploads\/2016\/03\/etatsgenerauxrail-dossier-presse-dpplanegrimddv.jpg 1096w, https:\/\/usagers-transports.haut-allier.eu\/wp-content\/uploads\/2016\/03\/etatsgenerauxrail-dossier-presse-dpplanegrimddv-300x215.jpg 300w, https:\/\/usagers-transports.haut-allier.eu\/wp-content\/uploads\/2016\/03\/etatsgenerauxrail-dossier-presse-dpplanegrimddv-1024x732.jpg 1024w, https:\/\/usagers-transports.haut-allier.eu\/wp-content\/uploads\/2016\/03\/etatsgenerauxrail-dossier-presse-dpplanegrimddv-768x549.jpg 768w\" sizes=\"auto, (max-width: 1096px) 100vw, 1096px\" \/><br \/>\n&nbsp;<br \/>\n<strong>On attend maintenant que la r\u00e9gion Rh\u00f4ne &#8211; Alpes Auvergne fasse de m\u00eame et laisse la parole aux usagers !<\/strong><br \/>\n&nbsp;<\/p>\n","protected":false},"excerpt":{"rendered":"<p>Nous y serons pour d\u00e9fendre en premier lieu le tron\u00e7on ferroviaire La Bastide St Laurent les Bains \/<\/p>\n","protected":false},"author":1,"featured_media":1746,"comment_status":"closed","ping_status":"open","sticky":false,"template":"","format":"standard","meta":{"footnotes":""},"categories":[3],"tags":[],"class_list":["post-282","post","type-post","status-publish","format-standard","has-post-thumbnail","hentry","category-en-train"],"_links":{"self":[{"href":"https:\/\/usagers-transports.haut-allier.eu\/index.php\/wp-json\/wp\/v2\/posts\/282","targetHints":{"allow":["GET"]}}],"collection":[{"href":"https:\/\/usagers-transports.haut-allier.eu\/index.php\/wp-json\/wp\/v2\/posts"}],"about":[{"href":"https:\/\/usagers-transports.haut-allier.eu\/index.php\/wp-json\/wp\/v2\/types\/post"}],"author":[{"embeddable":true,"href":"https:\/\/usagers-transports.haut-allier.eu\/index.php\/wp-json\/wp\/v2\/users\/1"}],"replies":[{"embeddable":true,"href":"https:\/\/usagers-transports.haut-allier.eu\/index.php\/wp-json\/wp\/v2\/comments?post=282"}],"version-history":[{"count":0,"href":"https:\/\/usagers-transports.haut-allier.eu\/index.php\/wp-json\/wp\/v2\/posts\/282\/revisions"}],"wp:featuredmedia":[{"embeddable":true,"href":"https:\/\/usagers-transports.haut-allier.eu\/index.php\/wp-json\/wp\/v2\/media\/1746"}],"wp:attachment":[{"href":"https:\/\/usagers-transports.haut-allier.eu\/index.php\/wp-json\/wp\/v2\/media?parent=282"}],"wp:term":[{"taxonomy":"category","embeddable":true,"href":"https:\/\/usagers-transports.haut-allier.eu\/index.php\/wp-json\/wp\/v2\/categories?post=282"},{"taxonomy":"post_tag","embeddable":true,"href":"https:\/\/usagers-transports.haut-allier.eu\/index.php\/wp-json\/wp\/v2\/tags?post=282"}],"curies":[{"name":"wp","href":"https:\/\/api.w.org\/{rel}","templated":true}]}}