{"id":283,"date":"2016-03-27T17:25:23","date_gmt":"2016-03-27T15:25:23","guid":{"rendered":"http:\/\/5.45.101.177\/haut-allier\/usagers-transportse\/index.php\/2016\/03\/27\/l-aubrac-un-train-en-voie-de283\/"},"modified":"2016-03-27T17:25:23","modified_gmt":"2016-03-27T15:25:23","slug":"l-aubrac-un-train-en-voie-de283","status":"publish","type":"post","link":"https:\/\/usagers-transports.haut-allier.eu\/index.php\/2016\/03\/27\/l-aubrac-un-train-en-voie-de283\/","title":{"rendered":"L&rsquo;Aubrac, un train en voie de disparition"},"content":{"rendered":"<p>Interview hier de Jean Gh\u00e9dira directeur des trains Intercit\u00e9s SNCF par Emmanuel Moreau le chef de la r\u00e9daction de France Bleu Pays d&rsquo;Auvergne.<br \/>\n&nbsp;<br \/>\nLa SNCF qui n&rsquo;a jamais eu de plan de revitalisation de cette ligne, qui fait tout depuis des d\u00e9cennies pour rendre le B\u00e9ziers Neussargues inint\u00e9ressant. Et une fois de plus on remet sur le tapis le tron\u00e7on Saint-Ch\u00e9ly d&rsquo;Apcher Neussargues. Pourquoi ? Parce que la r\u00e9gion Auvergne n&rsquo;a jamais voulu y investir, le faisant sur la ligne du C\u00e9venol jusqu&rsquo;\u00e0 N\u00eemes, et se concentrant sur la ligne Clermont Aurillac, pas celle vers B\u00e9ziers, une attitude confort\u00e9e aussi par la r\u00e9gion Languedoc Roussillon qui elle ne voit que son int\u00e9r\u00eat : une liaison entre St Ch\u00e9ly et le sud. C\u00f4t\u00e9 Midi Pyr\u00e9n\u00e9es c&rsquo;est le tron\u00e7on Millau S\u00e9verac le Ch\u00e2teau Rodez qui int\u00e9resse et qui fonctionne bien. Cons\u00e9quence de tout ceci : abandon du tron\u00e7on aux trains nationaux TET Intercit\u00e9s.<br \/>\n&nbsp;<br \/>\nLe probl\u00e8me est le m\u00eame que pour les gorges du Haut Allier entre Langeac et Langogne. Sauf qu&rsquo;ici il y a eu des actions et des volont\u00e9s politiques, avec la cr\u00e9ation du train touristique et de l&rsquo;<a href=\"http:\/\/www.defense-promotion-cevenol.fr\/site\/\">association de d\u00e9fense de la ligne du train C\u00e9venol<\/a>. Rien de tel \u00e0 l&rsquo;horizon entre Saint-Ch\u00e9ly et Neussargues. Et, vient-on de me souffler, pour des raisons de d\u00e9sint\u00e9r\u00eat total de la part des \u00e9lus de Saint-Flour pour la ligne. Apparemment si aucun train de circule plus bient\u00f4t sur le viaduc du Garabit, c&rsquo;est vers eux qu&rsquo;il faudra orienter nos regards.<br \/>\n&nbsp;<br \/>\nL&rsquo;interview du directeur Intercit\u00e9s sur cette <a href=\"https:\/\/www.francebleu.fr\/infos\/transports\/l-aubrac-un-train-en-voie-de-disparition-1458048344\">page de France Bleu<\/a>.<br \/>\n&nbsp;<\/p>\n","protected":false},"excerpt":{"rendered":"<p>Interview hier de Jean Gh\u00e9dira directeur des trains Intercit\u00e9s SNCF par Emmanuel Moreau le chef de la r\u00e9daction<\/p>\n","protected":false},"author":1,"featured_media":1748,"comment_status":"closed","ping_status":"open","sticky":false,"template":"","format":"standard","meta":{"footnotes":""},"categories":[3],"tags":[],"class_list":["post-283","post","type-post","status-publish","format-standard","has-post-thumbnail","hentry","category-en-train"],"_links":{"self":[{"href":"https:\/\/usagers-transports.haut-allier.eu\/index.php\/wp-json\/wp\/v2\/posts\/283","targetHints":{"allow":["GET"]}}],"collection":[{"href":"https:\/\/usagers-transports.haut-allier.eu\/index.php\/wp-json\/wp\/v2\/posts"}],"about":[{"href":"https:\/\/usagers-transports.haut-allier.eu\/index.php\/wp-json\/wp\/v2\/types\/post"}],"author":[{"embeddable":true,"href":"https:\/\/usagers-transports.haut-allier.eu\/index.php\/wp-json\/wp\/v2\/users\/1"}],"replies":[{"embeddable":true,"href":"https:\/\/usagers-transports.haut-allier.eu\/index.php\/wp-json\/wp\/v2\/comments?post=283"}],"version-history":[{"count":0,"href":"https:\/\/usagers-transports.haut-allier.eu\/index.php\/wp-json\/wp\/v2\/posts\/283\/revisions"}],"wp:featuredmedia":[{"embeddable":true,"href":"https:\/\/usagers-transports.haut-allier.eu\/index.php\/wp-json\/wp\/v2\/media\/1748"}],"wp:attachment":[{"href":"https:\/\/usagers-transports.haut-allier.eu\/index.php\/wp-json\/wp\/v2\/media?parent=283"}],"wp:term":[{"taxonomy":"category","embeddable":true,"href":"https:\/\/usagers-transports.haut-allier.eu\/index.php\/wp-json\/wp\/v2\/categories?post=283"},{"taxonomy":"post_tag","embeddable":true,"href":"https:\/\/usagers-transports.haut-allier.eu\/index.php\/wp-json\/wp\/v2\/tags?post=283"}],"curies":[{"name":"wp","href":"https:\/\/api.w.org\/{rel}","templated":true}]}}