{"id":284,"date":"2016-03-29T07:49:19","date_gmt":"2016-03-29T05:49:19","guid":{"rendered":"http:\/\/5.45.101.177\/haut-allier\/usagers-transportse\/index.php\/2016\/03\/29\/la-gare-paris-bercy-rebaptisee284\/"},"modified":"2016-03-29T07:49:19","modified_gmt":"2016-03-29T05:49:19","slug":"la-gare-paris-bercy-rebaptisee284","status":"publish","type":"post","link":"https:\/\/usagers-transports.haut-allier.eu\/index.php\/2016\/03\/29\/la-gare-paris-bercy-rebaptisee284\/","title":{"rendered":"La gare Paris Bercy rebaptis\u00e9e Paris Auvergne"},"content":{"rendered":"<p>La Montagne nous apprend que notre grand pr\u00e9sident de r\u00e9gion L. W. a obtenu de Guillaume Pipo le rebapt\u00eame de la gare parisienne de Bercy en \u00ab\u00a0Paris Auvergne\u00a0\u00bb.<br \/>\n&nbsp;<br \/>\nJoli coup Lolo ! Gageons que ce changement opportun augure de liaisons plus r\u00e9guli\u00e8res \/ confortables \/ fr\u00e9quentes par les Intercit\u00e9s TET arrivant de Clermont-Ferrand. On se souvient que leurs terminus avaient tous \u00e9t\u00e9 rel\u00e9gu\u00e9s par la SNCF dans cette gare de Bercy obligeant les auvergnats \u00e0 prendre le m\u00e9tro pour leurs correspondances et malgr\u00e9 la puissante bronca de tous les \u00e9lus arvernes. Mais quand il s&rsquo;agit de compliquer la vie des usagers on peut compter sur le pr\u00e9sident de la soci\u00e9t\u00e9 dite ferroviaire.<br \/>\n&nbsp;<br \/>\nAinsi gr\u00e2ce au nouveau duo Wauquiez Pipo nous pouvons nous attendre \u00e0 des miracles comme le doublage des fr\u00e9quences de circulation des TER, une meilleure ponctualit\u00e9 des passages ou un meilleur affichage dans les gares et haltes.<br \/>\n&nbsp;<br \/>\nL&rsquo;article de La Montagne : <a href=\"http:\/\/www.lamontagne.fr\/auvergne\/actualite\/2016\/03\/28\/la-gare-de-bercy-pourrait-etre-rebaptisee-gare-d-auvergne_11845632.html\">La gare de Bercy pourrait \u00eatre rebaptis\u00e9e gare d&rsquo;Auvergne<\/a><br \/>\n&nbsp;<br \/>\n<strong>R\u00e9actions \u00e9blouies par tant de merveillescence :<\/strong><br \/>\n&nbsp;<br \/>\nUn lecteur qui veut rester anonyme nous confie (de ce que vous voulez) :<br \/>\n&nbsp;<br \/>\n<em>\u00ab Hier dans la journ\u00e9e, Lyon-mag faisait \u00e9tat d\u2019un d\u00e9menti de la SNCF, qui disait tout ignorer d\u2019un projet de changement de d\u00e9nomination de Paris-Bercy.<br \/>\n&nbsp;<br \/>\nC\u2019est d\u00e9sesp\u00e9rant : on veut faire le buzz autour d\u2019un non-probl\u00e8me (des fois qu\u2019il n\u2019y en aurait pas de plus s\u00e9rieux) et tout de suite, \u00e7a vire \u00e0 la p\u00e9taudi\u00e8re \u2013 en lyonnais dans le texte.<br \/>\n&nbsp;<br \/>\nJe trouve pour ma part que ce projet de \u201cgare d\u2019Auvergne\u201d discrimine gravement les valeureuses populations du Puy et de Montlu\u00e7on, qui devront continuer de fr\u00e9quenter, respectivement, la gare de Lyon et la gare d\u2019Austerlitz, grouillant de costards-cravates qui ne sentent m\u00eame pas bon la vache, alors qu\u2019ils aimeraient tant pouvoir jouir, comme les Puyd\u00f4mois nantis du rail, du caract\u00e8re identitaire de la nouvelle ferro-ambassade du Bougnatistan.<br \/>\n&nbsp;<br \/>\nPour qu\u2019eux aussi se sentent bien cocoon\u00e9s, il conviendrait de leur proposer, autant en gare de Lyon qu\u2019\u00e0 Austerlitz, un espace d\u2019accueil que nous appellerons \u201csecteur plouc\u201d.<br \/>\n&nbsp;<br \/>\nEt, tr\u00e8s bient\u00f4t, ils trouveront de jolies h\u00f4tesses-pastourelles \u00e0 Firminy et \u00e0 Vierzon pour les guider vers les cars qui assureront dans de bien meilleures conditions les parcours terminaux&#8230;\u00bb<\/em><\/p>\n<p>&nbsp;<\/p>\n","protected":false},"excerpt":{"rendered":"<p>La Montagne nous apprend que notre grand pr\u00e9sident de r\u00e9gion L. W. a obtenu de Guillaume Pipo le<\/p>\n","protected":false},"author":1,"featured_media":1749,"comment_status":"closed","ping_status":"open","sticky":false,"template":"","format":"standard","meta":{"footnotes":""},"categories":[3],"tags":[],"class_list":["post-284","post","type-post","status-publish","format-standard","has-post-thumbnail","hentry","category-en-train"],"_links":{"self":[{"href":"https:\/\/usagers-transports.haut-allier.eu\/index.php\/wp-json\/wp\/v2\/posts\/284","targetHints":{"allow":["GET"]}}],"collection":[{"href":"https:\/\/usagers-transports.haut-allier.eu\/index.php\/wp-json\/wp\/v2\/posts"}],"about":[{"href":"https:\/\/usagers-transports.haut-allier.eu\/index.php\/wp-json\/wp\/v2\/types\/post"}],"author":[{"embeddable":true,"href":"https:\/\/usagers-transports.haut-allier.eu\/index.php\/wp-json\/wp\/v2\/users\/1"}],"replies":[{"embeddable":true,"href":"https:\/\/usagers-transports.haut-allier.eu\/index.php\/wp-json\/wp\/v2\/comments?post=284"}],"version-history":[{"count":0,"href":"https:\/\/usagers-transports.haut-allier.eu\/index.php\/wp-json\/wp\/v2\/posts\/284\/revisions"}],"wp:featuredmedia":[{"embeddable":true,"href":"https:\/\/usagers-transports.haut-allier.eu\/index.php\/wp-json\/wp\/v2\/media\/1749"}],"wp:attachment":[{"href":"https:\/\/usagers-transports.haut-allier.eu\/index.php\/wp-json\/wp\/v2\/media?parent=284"}],"wp:term":[{"taxonomy":"category","embeddable":true,"href":"https:\/\/usagers-transports.haut-allier.eu\/index.php\/wp-json\/wp\/v2\/categories?post=284"},{"taxonomy":"post_tag","embeddable":true,"href":"https:\/\/usagers-transports.haut-allier.eu\/index.php\/wp-json\/wp\/v2\/tags?post=284"}],"curies":[{"name":"wp","href":"https:\/\/api.w.org\/{rel}","templated":true}]}}