{"id":285,"date":"2016-04-06T20:39:07","date_gmt":"2016-04-06T18:39:07","guid":{"rendered":"http:\/\/5.45.101.177\/haut-allier\/usagers-transportse\/index.php\/2016\/04\/06\/le-calendrier-des-etats-generaux285\/"},"modified":"2016-04-06T20:39:07","modified_gmt":"2016-04-06T18:39:07","slug":"le-calendrier-des-etats-generaux285","status":"publish","type":"post","link":"https:\/\/usagers-transports.haut-allier.eu\/index.php\/2016\/04\/06\/le-calendrier-des-etats-generaux285\/","title":{"rendered":"Le calendrier des Etats G\u00e9n\u00e9raux du Rail et de l&rsquo;Intermodalit\u00e9 en Languedoc Roussillon Midi Pyr\u00e9n\u00e9es"},"content":{"rendered":"<p>Voici en exclusivit\u00e9 l&rsquo;agenda des 36 r\u00e9unions programm\u00e9es de 18h \u00e0 20h dans les d\u00e9partements par les \u00e9quipes transports de Carole Delga. En gras plus sp\u00e9cialement les r\u00e9unions concernant les lignes du massif central.<br \/>\n&nbsp;<br \/>\n<em>Date\tDpt\tVille\t\u00ab\u00a0Pr\u00e9fecture\/Sous-Pr\u00e9fecture\u00a0\u00bb\tLieu de r\u00e9union<\/em><br \/>\n&nbsp;<br \/>\n<strong>jeudi, avril 21, 2016\t46\/12 CAPDENAC\tSP\tSalle Atmosph\u00e8re (Capdenac)<\/strong><br \/>\n<strong>lundi, avril 25, 2016\t30\tNIMES\tP\tLyc\u00e9e Dhuoda<\/strong><br \/>\nmardi, avril 26, 2016\t81\tCASTRES\tSP\tEspace Louisa Paulin<br \/>\nmercredi, avril 27, 2016\t11\tLIMOUX\tSP\tSalle des Halles<br \/>\njeudi, avril 28, 2016\t09\tFOIX\tP\tCentre Universitaire Robert Naudi<br \/>\nlundi, mai 02, 2016\t32\tMIRANDE\tSP\tLyc\u00e9e Valent\u00e9es<br \/>\nmardi, mai 03, 2016\t34\tBEZIERS\tSP\tLyc\u00e9e Jean Moulin<br \/>\nlundi, mai 09, 2016\t65\tTARBES\tP\tLyc\u00e9e Marie Curie<br \/>\nmardi, mai 10, 2016\t66\tPRADES\tSP\tLyc\u00e9e Charles Renouvier<br \/>\n<strong>mercredi, mai 11, 2016\t48\tMENDE\tP\tEspace Jean Jaures<\/strong><br \/>\n<strong>jeudi 12 mai 2016\t12\tMILLAU\tSP\t  IFSI \/ IFAS<\/strong><br \/>\nmardi 17 mai 2016\t82\tCASTELSARRASIN\tSP\tLyc\u00e9e Jean de Prades<br \/>\nmercredi, mai 18, 2016\t30\tLE VIGAN\tSP\tCommunaut\u00e9 de Communes (ancienne gare)<br \/>\njeudi, mai 19, 2016\t31\tTOULOUSE\tP\tH\u00f4tel de R\u00e9gion<br \/>\nlundi, mai 23, 2016\t09\tSAINT-GIRONS\tSP\tCFPPA<br \/>\nmardi, mai 24, 2016\t34\tLODEVE\tSP\tLyc\u00e9e Joseph Vallot<br \/>\nmercredi 25 mai 2016\t82\tMONTAUBAN\tP\tEspace Am\u00e9ria<br \/>\nlundi, mai 30, 2016\t81\tALBI\tP\tLyc\u00e9e de Fonlabour<br \/>\nmardi, mai 31, 2016\t65\tBAGNERES-DE-BIGORRE\tSP\tLyc\u00e9e Victor Duruy<br \/>\n<strong>mercredi 1 juin 2016\t12\tRODEZ\tP\tLyc\u00e9e La Roque<\/strong><br \/>\njeudi 2 juin 2016\t66\tPERPIGNAN\tP\tLyc\u00e9e Pablo Picasso<br \/>\nlundi, juin 06, 2016\t31\tMURET\tSP\tLyc\u00e9e Charles de Gaulle<br \/>\n<strong>mardi, juin 07, 2016\t30\tST-CHRISTOL-LES-ALES\tSP\tLyc\u00e9e Jacques Pr\u00e9vert<\/strong><br \/>\n<strong>mercredi, juin 08, 2016\t46\tGOURDON\tSP\tLyc\u00e9e L\u00e9o Ferr\u00e9<\/strong><br \/>\njeudi, juin 09, 2016\t11\tCARCASSONNE\tP\tLyc\u00e9e Paul Sabatier<br \/>\nmardi, juin 14, 2016\t32\tCONDOM\tSP\tSalle des Cadets de Gascogne<br \/>\nmercredi, juin 15, 2016\t09\tPAMIERS\tSP\tIFSI<br \/>\njeudi, juin 16, 2016\t34\tMONTPELLIER\tP\tH\u00f4tel de R\u00e9gion<br \/>\n<strong>mercredi, juin 22, 2016\t12\tVILLEFR-DE-ROUERGUE\tSP\tSalle de conf. Les 13 Pierres<\/strong><br \/>\njeudi 23 juin 2016\t65\tARGELES-GAZOST\tSP\tLyc\u00e9e Ren\u00e9 Bill\u00e8res<br \/>\nmardi 28 juin 2016\t31\tSAINT GAUDENS\tSP\tM\u00e9diath\u00e8que communautaire<br \/>\n<strong>mercredi, juin 29, 2016\t48\tFLORAC\tSP\tSup agro<\/strong><br \/>\nlundi, juillet 04, 2016\t66\tCERET\tSP\tCin\u00e9ma le C\u00e9r\u00e9tan<br \/>\nmardi, juillet 05, 2016\t46\tCAHORS\tP\tLyc\u00e9e Gaston Monnerville<br \/>\nmercredi 6 juillet 2016\t32\tAUCH\tP\tLyc\u00e9e Pardailhan<br \/>\njeudi, juillet 07, 2016\t11\tNARBONNE\tSP\tLyc\u00e9e Louise Michel<\/p>\n<p>&nbsp;<br \/>\nLe <a href=\"http:\/\/www.regionlrmp.fr\/rail\">site de la r\u00e9gion LRMP<\/a>.<\/p>\n","protected":false},"excerpt":{"rendered":"<p>Voici en exclusivit\u00e9 l&rsquo;agenda des 36 r\u00e9unions programm\u00e9es de 18h \u00e0 20h dans les d\u00e9partements par les \u00e9quipes<\/p>\n","protected":false},"author":1,"featured_media":1750,"comment_status":"closed","ping_status":"open","sticky":false,"template":"","format":"standard","meta":{"footnotes":""},"categories":[3],"tags":[],"class_list":["post-285","post","type-post","status-publish","format-standard","has-post-thumbnail","hentry","category-en-train"],"_links":{"self":[{"href":"https:\/\/usagers-transports.haut-allier.eu\/index.php\/wp-json\/wp\/v2\/posts\/285","targetHints":{"allow":["GET"]}}],"collection":[{"href":"https:\/\/usagers-transports.haut-allier.eu\/index.php\/wp-json\/wp\/v2\/posts"}],"about":[{"href":"https:\/\/usagers-transports.haut-allier.eu\/index.php\/wp-json\/wp\/v2\/types\/post"}],"author":[{"embeddable":true,"href":"https:\/\/usagers-transports.haut-allier.eu\/index.php\/wp-json\/wp\/v2\/users\/1"}],"replies":[{"embeddable":true,"href":"https:\/\/usagers-transports.haut-allier.eu\/index.php\/wp-json\/wp\/v2\/comments?post=285"}],"version-history":[{"count":0,"href":"https:\/\/usagers-transports.haut-allier.eu\/index.php\/wp-json\/wp\/v2\/posts\/285\/revisions"}],"wp:featuredmedia":[{"embeddable":true,"href":"https:\/\/usagers-transports.haut-allier.eu\/index.php\/wp-json\/wp\/v2\/media\/1750"}],"wp:attachment":[{"href":"https:\/\/usagers-transports.haut-allier.eu\/index.php\/wp-json\/wp\/v2\/media?parent=285"}],"wp:term":[{"taxonomy":"category","embeddable":true,"href":"https:\/\/usagers-transports.haut-allier.eu\/index.php\/wp-json\/wp\/v2\/categories?post=285"},{"taxonomy":"post_tag","embeddable":true,"href":"https:\/\/usagers-transports.haut-allier.eu\/index.php\/wp-json\/wp\/v2\/tags?post=285"}],"curies":[{"name":"wp","href":"https:\/\/api.w.org\/{rel}","templated":true}]}}