{"id":286,"date":"2016-04-11T11:03:12","date_gmt":"2016-04-11T09:03:12","guid":{"rendered":"http:\/\/5.45.101.177\/haut-allier\/usagers-transportse\/index.php\/2016\/04\/11\/dates-des-coupures-pour-travaux-en286\/"},"modified":"2016-04-11T11:03:12","modified_gmt":"2016-04-11T09:03:12","slug":"dates-des-coupures-pour-travaux-en286","status":"publish","type":"post","link":"https:\/\/usagers-transports.haut-allier.eu\/index.php\/2016\/04\/11\/dates-des-coupures-pour-travaux-en286\/","title":{"rendered":"Dates des coupures pour travaux en 2016 sur la ligne du train C\u00e9venol"},"content":{"rendered":"<p>La SNCF s&rsquo;ing\u00e9nie \u00e0 \u00e9taler ses dates d&rsquo;intervention pour travaux sur la ligne du C\u00e9venol. Le ras le bol s&rsquo;amplifie du c\u00f4t\u00e9 du peu d&rsquo;usagers restant.<br \/>\n&nbsp;<br \/>\n<strong>Coupure de ligne totale ou partielle :<\/strong><br \/>\n&nbsp;<br \/>\n&#8211; <strong>Clermont \u2013 Sarlie\u0300ve<\/strong> :  du 1er au 12 aou\u0302t 2016<\/p>\n<p>&#8211; <strong>Vic-le-Comte \u2013 Arvant <\/strong> : du 18 au 22 avril 2016<\/p>\n<p>&#8211; <strong>Chapeauroux \u2013 Langogne<\/strong> : du 17 mai au 30 septembre 2016, les lundi, mardi, mercredi et vendredi de 10h45 a\u0300 15h25.<\/p>\n<p>&#8211; <strong>Langogne \u2013 La Bastide<\/strong> :  du 29 mars au 13 mai 2016, et du 10 au 21 octobre 2016, du lundi au vendredi de 10h50 a\u0300 15h30<\/p>\n<p>&#8211;<strong> La Bastide \u2013 Ale\u0300s<\/strong> : du 25 avril au 24 juin 2016, et du 26 septembre au 7 octobre 2016, du mardi au vendredi de 07h00 a\u0300 13h00<\/p>\n<p>&#8211; <strong> Ale\u0300s \u2013 Ni\u0302mes<\/strong> : du 15 fe\u0301vrier au 4 mars 2016, et du 31 octobre au 4 novembre 2016, du lundi au vendredi de 8h30 a\u0300 12h30<\/p>\n<p>&nbsp;<br \/>\nSur les cr\u00e9neaux horaires mentionn\u00e9s, substitution par autocars.<br \/>\n&nbsp;<br \/>\n<em>Source : association des \u00e9lus pour la d\u00e9fense du C\u00e9venol.<\/em><\/p>\n","protected":false},"excerpt":{"rendered":"<p>La SNCF s&rsquo;ing\u00e9nie \u00e0 \u00e9taler ses dates d&rsquo;intervention pour travaux sur la ligne du C\u00e9venol. Le ras le<\/p>\n","protected":false},"author":1,"featured_media":1751,"comment_status":"closed","ping_status":"open","sticky":false,"template":"","format":"standard","meta":{"footnotes":""},"categories":[3],"tags":[],"class_list":["post-286","post","type-post","status-publish","format-standard","has-post-thumbnail","hentry","category-en-train"],"_links":{"self":[{"href":"https:\/\/usagers-transports.haut-allier.eu\/index.php\/wp-json\/wp\/v2\/posts\/286","targetHints":{"allow":["GET"]}}],"collection":[{"href":"https:\/\/usagers-transports.haut-allier.eu\/index.php\/wp-json\/wp\/v2\/posts"}],"about":[{"href":"https:\/\/usagers-transports.haut-allier.eu\/index.php\/wp-json\/wp\/v2\/types\/post"}],"author":[{"embeddable":true,"href":"https:\/\/usagers-transports.haut-allier.eu\/index.php\/wp-json\/wp\/v2\/users\/1"}],"replies":[{"embeddable":true,"href":"https:\/\/usagers-transports.haut-allier.eu\/index.php\/wp-json\/wp\/v2\/comments?post=286"}],"version-history":[{"count":0,"href":"https:\/\/usagers-transports.haut-allier.eu\/index.php\/wp-json\/wp\/v2\/posts\/286\/revisions"}],"wp:featuredmedia":[{"embeddable":true,"href":"https:\/\/usagers-transports.haut-allier.eu\/index.php\/wp-json\/wp\/v2\/media\/1751"}],"wp:attachment":[{"href":"https:\/\/usagers-transports.haut-allier.eu\/index.php\/wp-json\/wp\/v2\/media?parent=286"}],"wp:term":[{"taxonomy":"category","embeddable":true,"href":"https:\/\/usagers-transports.haut-allier.eu\/index.php\/wp-json\/wp\/v2\/categories?post=286"},{"taxonomy":"post_tag","embeddable":true,"href":"https:\/\/usagers-transports.haut-allier.eu\/index.php\/wp-json\/wp\/v2\/tags?post=286"}],"curies":[{"name":"wp","href":"https:\/\/api.w.org\/{rel}","templated":true}]}}