{"id":287,"date":"2016-04-13T19:33:10","date_gmt":"2016-04-13T17:33:10","guid":{"rendered":"http:\/\/5.45.101.177\/haut-allier\/usagers-transportse\/index.php\/2016\/04\/13\/point-information-a-arvant-sur-l287\/"},"modified":"2026-09-01T15:53:40","modified_gmt":"2026-09-01T13:53:40","slug":"point-information-a-arvant-sur-l287","status":"publish","type":"post","link":"https:\/\/usagers-transports.haut-allier.eu\/index.php\/2016\/04\/13\/point-information-a-arvant-sur-l287\/","title":{"rendered":"Point information \u00e0 Arvant sur l&rsquo;avenir ferroviaire du massif central"},"content":{"rendered":"A l&rsquo;invitation de Convergence Rail l&rsquo;association qui d\u00e9fend la ligne Clermont-Ferrand B\u00e9ziers, 4 organisations de d\u00e9fense des lignes ferroviaires du massif central \u00e9taient r\u00e9unies \u00e0 Arvant pour un point presse. L&rsquo;objectif \u00e9tait d&rsquo;exposer l&rsquo;avis des groupes sur la r\u00e9forme forc\u00e9e en cours \u00e0 la SNCF et au secr\u00e9tariat transports du minist\u00e8re du d\u00e9veloppement durable.  Et ce suite au discours ambiant \u00e0 Paris qui claironne que les lignes d&rsquo;\u00e9quilibre du territoire n&rsquo;\u00e9tant pas rentables doivent \u00eatre  \u00e9limin\u00e9es. Alors que ce sont des lignes qui ont \u00e9t\u00e9 cr\u00e9\u00e9es pour maintenir la vie des territoires ruraux. Des axes qui ont comme caract\u00e9ristique d&rsquo;\u00eatre d\u00e9ficitaires. La pirouette de l&rsquo;Etat fran\u00e7ais pour cacher sa volont\u00e9 d&rsquo;abandon de ses pays ruraux et de montagne est trop visible. La d\u00e9sertification rurale ira de plus belle et les populations iront augmenter les m\u00e9tropolettes r\u00e9gionales.\n&nbsp;\n\n<em>Guy Malaval maire de Langogne et pr\u00e9sident de l&rsquo;association des \u00e9lus pour la d\u00e9fense du C\u00e9venol lit son communiqu\u00e9<\/em>\n<img loading=\"lazy\" decoding=\"async\" class=\" aligncenter size-full wp-image-1753\" src=\"http:\/\/5.45.101.177\/haut-allier\/usagers-transportse\/wp-content\/uploads\/2016\/04\/IMG_20160413_113412.jpg\" alt=\"IMG_20160413_113412.jpg\" align=\"center\" width=\"800\" height=\"609\" srcset=\"https:\/\/usagers-transports.haut-allier.eu\/wp-content\/uploads\/2016\/04\/IMG_20160413_113412.jpg 800w, https:\/\/usagers-transports.haut-allier.eu\/wp-content\/uploads\/2016\/04\/IMG_20160413_113412-300x228.jpg 300w, https:\/\/usagers-transports.haut-allier.eu\/wp-content\/uploads\/2016\/04\/IMG_20160413_113412-768x585.jpg 768w\" sizes=\"auto, (max-width: 800px) 100vw, 800px\" \/>\n&nbsp;\n\nLes quatre organisations pr\u00e9sentes :\n&nbsp;\n&#8211; Association des \u00e9lus pour la d\u00e9fense du C\u00e9venol\n&#8211; Convergence nationale Rail\n&#8211; Comit\u00e9 de D\u00e9fense des Services Publics et des Usagers dans les Hautes-C\u00e9vennes\n&#8211; Collectif des Usagers des Transports du Haut-Allier\n&nbsp;\n\nNotons aussi que le d\u00e9put\u00e9 de Loz\u00e8re Pierre Morel A l&rsquo;Huissier et l&rsquo;un des deux d\u00e9put\u00e9s de Haute-Loire Peter Vigier, qui repr\u00e9sentait aussi le conseil r\u00e9gional d&rsquo;Auvergne Rh\u00f4ne Alpes, avaient fait le d\u00e9placement \u00e0 Arvant.\n&nbsp;\nDes \u00e9changes et des conclusions tous concordants malgr\u00e9 les divergences politiques. Une action commune sur les deux lignes TET est propos\u00e9e le 21 mai prochain.\n&nbsp;\n\n<strong>Dans la presse :<\/strong>\n&nbsp;\n&#8211; France 3 Auvergne le 13 avril 2016 19h00 : <a href=\"http:\/\/france3-regions.francetvinfo.fr\/auvergne\/lignes-ferroviaires-menacees-nouvelle-mobilisation-pour-la-defense-du-cevenol-et-de-l-aubrac-974926.html\">Lignes ferroviaires menac\u00e9es : nouvelle mobilisation pour la d\u00e9fense du C\u00e9venol et de l&rsquo;Aubrac<\/a>\n&#8211; L&rsquo;Eveil du 14 avril 2016 : <a href=\"http:\/\/www.leveil.fr\/actualite\/Mobilises-pour-le-train-Cevenol-108935\">Mobilis\u00e9s pour le train C\u00e9venol<\/a>.\n&#8211; La Marseillaise du 14 avril 2016 :\n<img loading=\"lazy\" decoding=\"async\" class=\" aligncenter size-full wp-image-1754\" src=\"http:\/\/5.45.101.177\/haut-allier\/usagers-transportse\/wp-content\/uploads\/2016\/04\/Rail-EtpourquoipasunTrans-Massifcentral-LaMarseillaise.jpg\" alt=\"Rail-EtpourquoipasunTrans-Massifcentral-LaMarseillaise.jpg\" align=\"center\" width=\"698\" height=\"2435\" srcset=\"https:\/\/usagers-transports.haut-allier.eu\/wp-content\/uploads\/2016\/04\/Rail-EtpourquoipasunTrans-Massifcentral-LaMarseillaise.jpg 698w, https:\/\/usagers-transports.haut-allier.eu\/wp-content\/uploads\/2016\/04\/Rail-EtpourquoipasunTrans-Massifcentral-LaMarseillaise-86x300.jpg 86w, https:\/\/usagers-transports.haut-allier.eu\/wp-content\/uploads\/2016\/04\/Rail-EtpourquoipasunTrans-Massifcentral-LaMarseillaise-440x1536.jpg 440w, https:\/\/usagers-transports.haut-allier.eu\/wp-content\/uploads\/2016\/04\/Rail-EtpourquoipasunTrans-Massifcentral-LaMarseillaise-587x2048.jpg 587w\" sizes=\"auto, (max-width: 698px) 100vw, 698px\" \/>\n&#8211; Midi Libre du 16 avril 2016 :\n<img loading=\"lazy\" decoding=\"async\" class=\" aligncenter size-full wp-image-1755\" src=\"http:\/\/5.45.101.177\/haut-allier\/usagers-transportse\/wp-content\/uploads\/2016\/04\/art-20160416_tous-unis-pour-les-trains_midi-libre.jpg\" alt=\"art-20160416_tous-unis-pour-les-trains_midi-libre.jpg\" align=\"center\" width=\"1069\" height=\"1601\" srcset=\"https:\/\/usagers-transports.haut-allier.eu\/wp-content\/uploads\/2016\/04\/art-20160416_tous-unis-pour-les-trains_midi-libre.jpg 1069w, https:\/\/usagers-transports.haut-allier.eu\/wp-content\/uploads\/2016\/04\/art-20160416_tous-unis-pour-les-trains_midi-libre-200x300.jpg 200w, https:\/\/usagers-transports.haut-allier.eu\/wp-content\/uploads\/2016\/04\/art-20160416_tous-unis-pour-les-trains_midi-libre-684x1024.jpg 684w, https:\/\/usagers-transports.haut-allier.eu\/wp-content\/uploads\/2016\/04\/art-20160416_tous-unis-pour-les-trains_midi-libre-768x1150.jpg 768w, https:\/\/usagers-transports.haut-allier.eu\/wp-content\/uploads\/2016\/04\/art-20160416_tous-unis-pour-les-trains_midi-libre-1026x1536.jpg 1026w\" sizes=\"auto, (max-width: 1069px) 100vw, 1069px\" \/>\n&#8211; Le Progr\u00e8s du 20 avril 2016 (qui n&rsquo;a pas tout compris visiblement) :\n<img loading=\"lazy\" decoding=\"async\" class=\" aligncenter size-full wp-image-1756\" src=\"http:\/\/5.45.101.177\/haut-allier\/usagers-transportse\/wp-content\/uploads\/2016\/04\/Economie_Les_defenseurs_du_Cevenol_veulent_qu_il_reste_un_train_d_equilibre_du_territoire_-_2016-04-20_07-34-10.png\" alt=\"Economie_Les_defenseurs_du_Cevenol_veulent_qu_il_reste_un_train_d_equilibre_du_territoire_-_2016-04-20_07-34-10.png\" align=\"center\" width=\"800\" height=\"494\" srcset=\"https:\/\/usagers-transports.haut-allier.eu\/wp-content\/uploads\/2016\/04\/Economie_Les_defenseurs_du_Cevenol_veulent_qu_il_reste_un_train_d_equilibre_du_territoire_-_2016-04-20_07-34-10.png 800w, https:\/\/usagers-transports.haut-allier.eu\/wp-content\/uploads\/2016\/04\/Economie_Les_defenseurs_du_Cevenol_veulent_qu_il_reste_un_train_d_equilibre_du_territoire_-_2016-04-20_07-34-10-300x185.png 300w, https:\/\/usagers-transports.haut-allier.eu\/wp-content\/uploads\/2016\/04\/Economie_Les_defenseurs_du_Cevenol_veulent_qu_il_reste_un_train_d_equilibre_du_territoire_-_2016-04-20_07-34-10-768x474.png 768w\" sizes=\"auto, (max-width: 800px) 100vw, 800px\" \/>\n&#8211; La Loz\u00e8re Nouvelle du 21 avril 2016 :\n<img loading=\"lazy\" decoding=\"async\" class=\" aligncenter size-full wp-image-1757\" src=\"http:\/\/5.45.101.177\/haut-allier\/usagers-transportse\/wp-content\/uploads\/2016\/04\/art-20160421_aubrac-cevenol-trains-de-vie-pour-massif-central_lozere-nouvelle.jpg\" alt=\"art-20160421_aubrac-cevenol-trains-de-vie-pour-massif-central_lozere-nouvelle.jpg\" align=\"center\" width=\"1003\" height=\"1225\" srcset=\"https:\/\/usagers-transports.haut-allier.eu\/wp-content\/uploads\/2016\/04\/art-20160421_aubrac-cevenol-trains-de-vie-pour-massif-central_lozere-nouvelle.jpg 1003w, https:\/\/usagers-transports.haut-allier.eu\/wp-content\/uploads\/2016\/04\/art-20160421_aubrac-cevenol-trains-de-vie-pour-massif-central_lozere-nouvelle-246x300.jpg 246w, https:\/\/usagers-transports.haut-allier.eu\/wp-content\/uploads\/2016\/04\/art-20160421_aubrac-cevenol-trains-de-vie-pour-massif-central_lozere-nouvelle-838x1024.jpg 838w, https:\/\/usagers-transports.haut-allier.eu\/wp-content\/uploads\/2016\/04\/art-20160421_aubrac-cevenol-trains-de-vie-pour-massif-central_lozere-nouvelle-768x938.jpg 768w\" sizes=\"auto, (max-width: 1003px) 100vw, 1003px\" \/>\n<img loading=\"lazy\" decoding=\"async\" class=\" aligncenter size-full wp-image-1758\" src=\"http:\/\/5.45.101.177\/haut-allier\/usagers-transportse\/wp-content\/uploads\/2016\/04\/art-20160421_defense-lignes-sncf-massif-central-arvant_lozere-nouvelle.jpg\" alt=\"art-20160421_defense-lignes-sncf-massif-central-arvant_lozere-nouvelle.jpg\" align=\"center\" width=\"1212\" height=\"1080\" srcset=\"https:\/\/usagers-transports.haut-allier.eu\/wp-content\/uploads\/2016\/04\/art-20160421_defense-lignes-sncf-massif-central-arvant_lozere-nouvelle.jpg 1212w, https:\/\/usagers-transports.haut-allier.eu\/wp-content\/uploads\/2016\/04\/art-20160421_defense-lignes-sncf-massif-central-arvant_lozere-nouvelle-300x267.jpg 300w, https:\/\/usagers-transports.haut-allier.eu\/wp-content\/uploads\/2016\/04\/art-20160421_defense-lignes-sncf-massif-central-arvant_lozere-nouvelle-1024x912.jpg 1024w, https:\/\/usagers-transports.haut-allier.eu\/wp-content\/uploads\/2016\/04\/art-20160421_defense-lignes-sncf-massif-central-arvant_lozere-nouvelle-768x684.jpg 768w\" sizes=\"auto, (max-width: 1212px) 100vw, 1212px\" \/><p>&nbsp;<\/p>\n\n\t<figure class=\"wp-block-gallery columns-3 is-cropped wp-block-gallery-1 is-layout-flex wp-block-gallery-is-layout-flex\">\n\t\t<ul class=\"blocks-gallery-grid\">\n\t\t\t<li class=\"blocks-gallery-item\">\n\t\t\t\t<figure>\n\t\t\t\t\t\t\t\t\t\t\t<img loading=\"lazy\" decoding=\"async\" width=\"700\" height=\"1048\" src=\"http:\/\/5.45.101.177\/haut-allier\/usagers-transportse\/wp-content\/uploads\/2016\/04\/art-20160416_tous-unis-pour-les-trains_midi-libre-p.jpg\"\n\t\t\t\t\t\t alt=\"art-20160416_tous-unis-pour-les-trains_midi-libre-p.jpg\"\n\t\t\t\t\t\t data-id=\"1759\"\n\t\t\t\t\t\t data-full-url=\"http:\/\/5.45.101.177\/haut-allier\/usagers-transportse\/wp-content\/uploads\/2016\/04\/art-20160416_tous-unis-pour-les-trains_midi-libre-p.jpg\"\n\t\t\t\t\t\t data-link=\"http:\/\/5.45.101.177\/haut-allier\/usagers-transportse\/attachment-art-20160416_tous-unis-pour-les-trains_midi-libre-p-jpg\/\"\n\t\t\t\t\t\t class=\"wp-image-1759\" srcset=\"https:\/\/usagers-transports.haut-allier.eu\/wp-content\/uploads\/2016\/04\/art-20160416_tous-unis-pour-les-trains_midi-libre-p.jpg 700w, https:\/\/usagers-transports.haut-allier.eu\/wp-content\/uploads\/2016\/04\/art-20160416_tous-unis-pour-les-trains_midi-libre-p-200x300.jpg 200w, https:\/\/usagers-transports.haut-allier.eu\/wp-content\/uploads\/2016\/04\/art-20160416_tous-unis-pour-les-trains_midi-libre-p-684x1024.jpg 684w\" sizes=\"auto, (max-width: 700px) 100vw, 700px\" \/>\n\t\t\t\t<\/figure>\n\t\t\t<\/li>\n\t\t\t<li class=\"blocks-gallery-item\">\n\t\t\t\t<figure>\n\t\t\t\t\t\t\t\t\t\t\t<img loading=\"lazy\" decoding=\"async\" width=\"600\" height=\"733\" src=\"http:\/\/5.45.101.177\/haut-allier\/usagers-transportse\/wp-content\/uploads\/2016\/04\/art-20160421_aubrac-cevenol-trains-de-vie-pour-massif-central_lozere-nouvelle-w.jpg\"\n\t\t\t\t\t\t alt=\"art-20160421_aubrac-cevenol-trains-de-vie-pour-massif-central_lozere-nouvelle-w.jpg\"\n\t\t\t\t\t\t data-id=\"1760\"\n\t\t\t\t\t\t data-full-url=\"http:\/\/5.45.101.177\/haut-allier\/usagers-transportse\/wp-content\/uploads\/2016\/04\/art-20160421_aubrac-cevenol-trains-de-vie-pour-massif-central_lozere-nouvelle-w.jpg\"\n\t\t\t\t\t\t data-link=\"http:\/\/5.45.101.177\/haut-allier\/usagers-transportse\/attachment-art-20160421_aubrac-cevenol-trains-de-vie-pour-massif-central_lozere-nouvelle-w-jpg\/\"\n\t\t\t\t\t\t class=\"wp-image-1760\" srcset=\"https:\/\/usagers-transports.haut-allier.eu\/wp-content\/uploads\/2016\/04\/art-20160421_aubrac-cevenol-trains-de-vie-pour-massif-central_lozere-nouvelle-w.jpg 600w, https:\/\/usagers-transports.haut-allier.eu\/wp-content\/uploads\/2016\/04\/art-20160421_aubrac-cevenol-trains-de-vie-pour-massif-central_lozere-nouvelle-w-246x300.jpg 246w\" sizes=\"auto, (max-width: 600px) 100vw, 600px\" \/>\n\t\t\t\t<\/figure>\n\t\t\t<\/li>\n\t\t\t<li class=\"blocks-gallery-item\">\n\t\t\t\t<figure>\n\t\t\t\t\t\t\t\t\t\t\t<img loading=\"lazy\" decoding=\"async\" width=\"600\" height=\"535\" src=\"http:\/\/5.45.101.177\/haut-allier\/usagers-transportse\/wp-content\/uploads\/2016\/04\/art-20160421_defense-lignes-sncf-massif-central-arvant_lozere-nouvelle-w.jpg\"\n\t\t\t\t\t\t alt=\"art-20160421_defense-lignes-sncf-massif-central-arvant_lozere-nouvelle-w.jpg\"\n\t\t\t\t\t\t data-id=\"1761\"\n\t\t\t\t\t\t data-full-url=\"http:\/\/5.45.101.177\/haut-allier\/usagers-transportse\/wp-content\/uploads\/2016\/04\/art-20160421_defense-lignes-sncf-massif-central-arvant_lozere-nouvelle-w.jpg\"\n\t\t\t\t\t\t data-link=\"http:\/\/5.45.101.177\/haut-allier\/usagers-transportse\/attachment-art-20160421_defense-lignes-sncf-massif-central-arvant_lozere-nouvelle-w-jpg\/\"\n\t\t\t\t\t\t class=\"wp-image-1761\" srcset=\"https:\/\/usagers-transports.haut-allier.eu\/wp-content\/uploads\/2016\/04\/art-20160421_defense-lignes-sncf-massif-central-arvant_lozere-nouvelle-w.jpg 600w, https:\/\/usagers-transports.haut-allier.eu\/wp-content\/uploads\/2016\/04\/art-20160421_defense-lignes-sncf-massif-central-arvant_lozere-nouvelle-w-300x268.jpg 300w\" sizes=\"auto, (max-width: 600px) 100vw, 600px\" \/>\n\t\t\t\t<\/figure>\n\t\t\t<\/li>\n\t\t<\/ul>\n\t<\/figure>\n","protected":false},"excerpt":{"rendered":"<p>A l&rsquo;invitation de Convergence Rail l&rsquo;association qui d\u00e9fend la ligne Clermont-Ferrand B\u00e9ziers, 4 organisations de d\u00e9fense des lignes<\/p>\n","protected":false},"author":1,"featured_media":1752,"comment_status":"closed","ping_status":"open","sticky":false,"template":"","format":"standard","meta":{"footnotes":""},"categories":[3],"tags":[],"class_list":["post-287","post","type-post","status-publish","format-standard","has-post-thumbnail","hentry","category-en-train"],"_links":{"self":[{"href":"https:\/\/usagers-transports.haut-allier.eu\/index.php\/wp-json\/wp\/v2\/posts\/287","targetHints":{"allow":["GET"]}}],"collection":[{"href":"https:\/\/usagers-transports.haut-allier.eu\/index.php\/wp-json\/wp\/v2\/posts"}],"about":[{"href":"https:\/\/usagers-transports.haut-allier.eu\/index.php\/wp-json\/wp\/v2\/types\/post"}],"author":[{"embeddable":true,"href":"https:\/\/usagers-transports.haut-allier.eu\/index.php\/wp-json\/wp\/v2\/users\/1"}],"replies":[{"embeddable":true,"href":"https:\/\/usagers-transports.haut-allier.eu\/index.php\/wp-json\/wp\/v2\/comments?post=287"}],"version-history":[{"count":1,"href":"https:\/\/usagers-transports.haut-allier.eu\/index.php\/wp-json\/wp\/v2\/posts\/287\/revisions"}],"predecessor-version":[{"id":1762,"href":"https:\/\/usagers-transports.haut-allier.eu\/index.php\/wp-json\/wp\/v2\/posts\/287\/revisions\/1762"}],"wp:featuredmedia":[{"embeddable":true,"href":"https:\/\/usagers-transports.haut-allier.eu\/index.php\/wp-json\/wp\/v2\/media\/1752"}],"wp:attachment":[{"href":"https:\/\/usagers-transports.haut-allier.eu\/index.php\/wp-json\/wp\/v2\/media?parent=287"}],"wp:term":[{"taxonomy":"category","embeddable":true,"href":"https:\/\/usagers-transports.haut-allier.eu\/index.php\/wp-json\/wp\/v2\/categories?post=287"},{"taxonomy":"post_tag","embeddable":true,"href":"https:\/\/usagers-transports.haut-allier.eu\/index.php\/wp-json\/wp\/v2\/tags?post=287"}],"curies":[{"name":"wp","href":"https:\/\/api.w.org\/{rel}","templated":true}]}}