{"id":288,"date":"2016-04-19T07:56:57","date_gmt":"2016-04-19T05:56:57","guid":{"rendered":"http:\/\/5.45.101.177\/haut-allier\/usagers-transportse\/index.php\/2016\/04\/19\/la-liquidation-des-lignes-en288\/"},"modified":"2016-04-19T07:56:57","modified_gmt":"2016-04-19T05:56:57","slug":"la-liquidation-des-lignes-en288","status":"publish","type":"post","link":"https:\/\/usagers-transports.haut-allier.eu\/index.php\/2016\/04\/19\/la-liquidation-des-lignes-en288\/","title":{"rendered":"La liquidation des lignes en Auvergne : une division en pointe \u00e0 la SNCF ! [MAJ]"},"content":{"rendered":"<p><strong> <em>La SNCF sait trouver les moyens pour fermer ses lignes. T\u00e9moignage.<\/em> <\/strong><br \/>\n&nbsp;<br \/>\nCes images de la ligne du Mont-Dore et de ce barrage au del\u00e0 du Mont Dore communiqu\u00e9es par Yves Allain via JLR le prouvent. Il pr\u00e9cise :<br \/>\n&nbsp;<\/p>\n<p>[(<br \/>\n<em>Cela n&rsquo;a pas tra\u00een\u00e9, apr\u00e8s la suppression, en catimini, des derniers autorails le jour de la Toussaint 2015. D\u00e9sormais, il faudra aller \u00e0 Clermont-Ferrand pour acheter un billet ou se renseigner.<br \/>\n&nbsp;<br \/>\n<em>\u00ab\u00a0Moi, Pr\u00e9sident, je d\u00e9mant\u00e8lerai le r\u00e9seau de chemins de fer\u00a0\u00bb<\/em> : c&rsquo;est une promesse que le gros nul n&rsquo;avait pas formul\u00e9e explicitement, c&rsquo;est pourtant \u00e0 peu pr\u00e8s la seule qu&rsquo;il est en train de respecter !!<\/em>)]<\/p>\n<p>&nbsp;<br \/>\n<em>L&rsquo;affichette appos\u00e9e \u00e0 la porte d&rsquo;entr\u00e9e de la gare SNCF<\/em><br \/>\n<img loading=\"lazy\" decoding=\"async\" class=\" aligncenter size-full wp-image-1764\" src=\"http:\/\/5.45.101.177\/haut-allier\/usagers-transportse\/wp-content\/uploads\/2016\/04\/LE_MONT-DORE-affichette_apposee_sur_la_porte_d_entree_de_la_gare_SNCF-la_fin_est_proche-YA-16_avr_2016.jpg\" alt=\"LE_MONT-DORE--affichette_apposee_sur_la_porte_d_entree_de_la_gare_SNCF--la_fin_est_proche--YA--16_avr_2016.jpg\" align=\"center\" width=\"700\" height=\"933\" srcset=\"https:\/\/usagers-transports.haut-allier.eu\/wp-content\/uploads\/2016\/04\/LE_MONT-DORE-affichette_apposee_sur_la_porte_d_entree_de_la_gare_SNCF-la_fin_est_proche-YA-16_avr_2016.jpg 700w, https:\/\/usagers-transports.haut-allier.eu\/wp-content\/uploads\/2016\/04\/LE_MONT-DORE-affichette_apposee_sur_la_porte_d_entree_de_la_gare_SNCF-la_fin_est_proche-YA-16_avr_2016-225x300.jpg 225w\" sizes=\"auto, (max-width: 700px) 100vw, 700px\" \/><br \/>\n&nbsp;<br \/>\n<em>Le s\u00e9maphore de sort\u00adie c\u00f4t\u00e9 Laqueuille n\u00ade brillera plus<\/em><br \/>\n<img loading=\"lazy\" decoding=\"async\" class=\" aligncenter size-full wp-image-1765\" src=\"http:\/\/5.45.101.177\/haut-allier\/usagers-transportse\/wp-content\/uploads\/2016\/04\/LA_BOURBOULE-le_semaphore_de_sortie_cote_Laqueuille_ne_brillera_plus-YA-27_3_2016.jpg\" alt=\"LA_BOURBOULE--le_semaphore_de_sortie_cote_Laqueuille_ne_brillera_plus--YA--27_3_2016.jpg\" align=\"center\" width=\"640\" height=\"480\" srcset=\"https:\/\/usagers-transports.haut-allier.eu\/wp-content\/uploads\/2016\/04\/LA_BOURBOULE-le_semaphore_de_sortie_cote_Laqueuille_ne_brillera_plus-YA-27_3_2016.jpg 640w, https:\/\/usagers-transports.haut-allier.eu\/wp-content\/uploads\/2016\/04\/LA_BOURBOULE-le_semaphore_de_sortie_cote_Laqueuille_ne_brillera_plus-YA-27_3_2016-300x225.jpg 300w\" sizes=\"auto, (max-width: 640px) 100vw, 640px\" \/><br \/>\n&nbsp;<br \/>\n<em>Et  dans la pente en direction de La B\u00adourboule le disque d\u00ade la gare est condam\u00adn\u00e9<\/em><br \/>\n<img loading=\"lazy\" decoding=\"async\" class=\" aligncenter size-full wp-image-1766\" src=\"http:\/\/5.45.101.177\/haut-allier\/usagers-transportse\/wp-content\/uploads\/2016\/04\/LAQUEUILLE-LE_MONT-DORE-PK_449_8-dans_la_pente_de_35_en_direction_de_La_Bourboule_le_disque_de_la_gare_est_condamne-YA-27_3_2016.jpg\" alt=\"LAQUEUILLE-LE_MONT-DORE--PK_449_8--dans_la_pente_de_35_en_direction_de_La_Bourboule_le_disque_de_la_gare_est_condamne--YA--27_3_2016.jpg\" align=\"center\" width=\"640\" height=\"480\" srcset=\"https:\/\/usagers-transports.haut-allier.eu\/wp-content\/uploads\/2016\/04\/LAQUEUILLE-LE_MONT-DORE-PK_449_8-dans_la_pente_de_35_en_direction_de_La_Bourboule_le_disque_de_la_gare_est_condamne-YA-27_3_2016.jpg 640w, https:\/\/usagers-transports.haut-allier.eu\/wp-content\/uploads\/2016\/04\/LAQUEUILLE-LE_MONT-DORE-PK_449_8-dans_la_pente_de_35_en_direction_de_La_Bourboule_le_disque_de_la_gare_est_condamne-YA-27_3_2016-300x225.jpg 300w\" sizes=\"auto, (max-width: 640px) 100vw, 640px\" \/><br \/>\n&nbsp;<br \/>\nEt \u00e0 la Bourboule m\u00eame chos, la gare est d\u00e9mantel\u00e9e :<br \/>\n&nbsp;<br \/>\n<img loading=\"lazy\" decoding=\"async\" class=\" aligncenter size-full wp-image-1767\" src=\"http:\/\/5.45.101.177\/haut-allier\/usagers-transportse\/wp-content\/uploads\/2016\/04\/LA_BOURBOULE-demantelement_de_la_gare-extremite_ouest-la_voie_d_evitement_a_ete_deconnectee-YA-dim_27_mars_2016.jpg\" alt=\"LA_BOURBOULE--demantelement_de_la_gare--extremite_ouest--la_voie_d_evitement_a_ete_deconnectee--YA--dim_27_mars_2016.jpg\" align=\"center\" width=\"800\" height=\"600\" srcset=\"https:\/\/usagers-transports.haut-allier.eu\/wp-content\/uploads\/2016\/04\/LA_BOURBOULE-demantelement_de_la_gare-extremite_ouest-la_voie_d_evitement_a_ete_deconnectee-YA-dim_27_mars_2016.jpg 800w, https:\/\/usagers-transports.haut-allier.eu\/wp-content\/uploads\/2016\/04\/LA_BOURBOULE-demantelement_de_la_gare-extremite_ouest-la_voie_d_evitement_a_ete_deconnectee-YA-dim_27_mars_2016-300x225.jpg 300w, https:\/\/usagers-transports.haut-allier.eu\/wp-content\/uploads\/2016\/04\/LA_BOURBOULE-demantelement_de_la_gare-extremite_ouest-la_voie_d_evitement_a_ete_deconnectee-YA-dim_27_mars_2016-768x576.jpg 768w\" sizes=\"auto, (max-width: 800px) 100vw, 800px\" \/><br \/>\n&nbsp;<br \/>\n<img loading=\"lazy\" decoding=\"async\" class=\" aligncenter size-full wp-image-1768\" src=\"http:\/\/5.45.101.177\/haut-allier\/usagers-transportse\/wp-content\/uploads\/2016\/04\/LA_BOURBOULE-demantelement_des_installations_de_gare-panneaux_de_voie_neuve_en_remplacement_des_aiguilles_deposees-vue_vers_l_ouest-27_mars_2016.jpg\" alt=\"LA_BOURBOULE--demantelement_des_installations_de_gare---panneaux_de_voie_neuve_en_remplacement_des_aiguilles_deposees--vue_vers_l_ouest--27_mars_2016.jpg\" align=\"center\" width=\"600\" height=\"800\" srcset=\"https:\/\/usagers-transports.haut-allier.eu\/wp-content\/uploads\/2016\/04\/LA_BOURBOULE-demantelement_des_installations_de_gare-panneaux_de_voie_neuve_en_remplacement_des_aiguilles_deposees-vue_vers_l_ouest-27_mars_2016.jpg 600w, https:\/\/usagers-transports.haut-allier.eu\/wp-content\/uploads\/2016\/04\/LA_BOURBOULE-demantelement_des_installations_de_gare-panneaux_de_voie_neuve_en_remplacement_des_aiguilles_deposees-vue_vers_l_ouest-27_mars_2016-225x300.jpg 225w\" sizes=\"auto, (max-width: 600px) 100vw, 600px\" \/><br \/>\n&nbsp;<br \/>\n<img loading=\"lazy\" decoding=\"async\" class=\" aligncenter size-full wp-image-1769\" src=\"http:\/\/5.45.101.177\/haut-allier\/usagers-transportse\/wp-content\/uploads\/2016\/04\/LA_BOURBOULE-demantelement_des_installations_de_la_gare_cote_Le_Mont-Dore-voie_d_evitement_deconnectee_voies_de_debords_et_signaux_deposes-YA-27_3_2016.jpg\" alt=\"LA_BOURBOULE--demantelement_des_installations_de_la_gare_cote_Le_Mont-Dore--voie_d_evitement_deconnectee_voies_de_debords_et_signaux_deposes--YA--27_3_2016.jpg\" align=\"center\" width=\"800\" height=\"600\" srcset=\"https:\/\/usagers-transports.haut-allier.eu\/wp-content\/uploads\/2016\/04\/LA_BOURBOULE-demantelement_des_installations_de_la_gare_cote_Le_Mont-Dore-voie_d_evitement_deconnectee_voies_de_debords_et_signaux_deposes-YA-27_3_2016.jpg 800w, https:\/\/usagers-transports.haut-allier.eu\/wp-content\/uploads\/2016\/04\/LA_BOURBOULE-demantelement_des_installations_de_la_gare_cote_Le_Mont-Dore-voie_d_evitement_deconnectee_voies_de_debords_et_signaux_deposes-YA-27_3_2016-300x225.jpg 300w, https:\/\/usagers-transports.haut-allier.eu\/wp-content\/uploads\/2016\/04\/LA_BOURBOULE-demantelement_des_installations_de_la_gare_cote_Le_Mont-Dore-voie_d_evitement_deconnectee_voies_de_debords_et_signaux_deposes-YA-27_3_2016-768x576.jpg 768w\" sizes=\"auto, (max-width: 800px) 100vw, 800px\" \/><\/p>\n","protected":false},"excerpt":{"rendered":"<p>La SNCF sait trouver les moyens pour fermer ses lignes. T\u00e9moignage. &nbsp; Ces images de la ligne du<\/p>\n","protected":false},"author":1,"featured_media":1763,"comment_status":"closed","ping_status":"open","sticky":false,"template":"","format":"standard","meta":{"footnotes":""},"categories":[3],"tags":[],"class_list":["post-288","post","type-post","status-publish","format-standard","has-post-thumbnail","hentry","category-en-train"],"_links":{"self":[{"href":"https:\/\/usagers-transports.haut-allier.eu\/index.php\/wp-json\/wp\/v2\/posts\/288","targetHints":{"allow":["GET"]}}],"collection":[{"href":"https:\/\/usagers-transports.haut-allier.eu\/index.php\/wp-json\/wp\/v2\/posts"}],"about":[{"href":"https:\/\/usagers-transports.haut-allier.eu\/index.php\/wp-json\/wp\/v2\/types\/post"}],"author":[{"embeddable":true,"href":"https:\/\/usagers-transports.haut-allier.eu\/index.php\/wp-json\/wp\/v2\/users\/1"}],"replies":[{"embeddable":true,"href":"https:\/\/usagers-transports.haut-allier.eu\/index.php\/wp-json\/wp\/v2\/comments?post=288"}],"version-history":[{"count":0,"href":"https:\/\/usagers-transports.haut-allier.eu\/index.php\/wp-json\/wp\/v2\/posts\/288\/revisions"}],"wp:featuredmedia":[{"embeddable":true,"href":"https:\/\/usagers-transports.haut-allier.eu\/index.php\/wp-json\/wp\/v2\/media\/1763"}],"wp:attachment":[{"href":"https:\/\/usagers-transports.haut-allier.eu\/index.php\/wp-json\/wp\/v2\/media?parent=288"}],"wp:term":[{"taxonomy":"category","embeddable":true,"href":"https:\/\/usagers-transports.haut-allier.eu\/index.php\/wp-json\/wp\/v2\/categories?post=288"},{"taxonomy":"post_tag","embeddable":true,"href":"https:\/\/usagers-transports.haut-allier.eu\/index.php\/wp-json\/wp\/v2\/tags?post=288"}],"curies":[{"name":"wp","href":"https:\/\/api.w.org\/{rel}","templated":true}]}}