{"id":289,"date":"2016-04-19T10:20:39","date_gmt":"2016-04-19T08:20:39","guid":{"rendered":"http:\/\/5.45.101.177\/haut-allier\/usagers-transportse\/index.php\/2016\/04\/19\/le-sabotage-sncf-de-la-ligne-du289\/"},"modified":"2026-09-01T15:53:42","modified_gmt":"2026-09-01T13:53:42","slug":"le-sabotage-sncf-de-la-ligne-du289","status":"publish","type":"post","link":"https:\/\/usagers-transports.haut-allier.eu\/index.php\/2016\/04\/19\/le-sabotage-sncf-de-la-ligne-du289\/","title":{"rendered":"Le sabotage SNCF de la ligne du train C\u00e9venol : du v\u00e9cu quotidien"},"content":{"rendered":"Dans un <a href=\"http:\/\/usagers-transports.haut-allier.eu\/?dates-des-coupures-pour-travaux-en,286\"><strong>pr\u00e9c\u00e9dent article<\/strong><\/a> nous avons publi\u00e9 les horaires des travaux sur la ligne des C\u00e9vennes. Cela va sans le dire pendant les travaux planifi\u00e9s en pleine journ\u00e9e et non pas la nuit pour permettre les circulations, encore une fois aucun train ne circulera dans les gorges de l&rsquo;Allier. Voir les <a href=\"http:\/\/cdn.ter.sncf.com\/medias\/PDF\/auvergne\/Affiche%20travaux%20CLE%20-%20NIMES%20du%2018%20au%2022%20avr%20V%20du%2023-03-16_tcm52-32572_tcm52-47589.pdf\"><strong>nouvelles fiches horaires<\/strong><\/a> pendant les travaux. Ici <a href=\"http:\/\/cdn.ter.sncf.com\/medias\/PDF\/auvergne\/Affiche%20travaux%20CLERMONT%20SUD%20du%2025-04%20au%2013-05%20V%20du%2007%20avr_tcm52-32572_tcm52-74878.pdf\"><strong>aussi<\/strong><\/a>.\n&nbsp;\n<a href=\"http:\/\/5.45.101.177\/haut-allier\/usagers-transportse\/wp-content\/uploads\/2016\/04\/Affiche_travaux_CLE_-_NIMES_du_18_au_22_avr_V_du_23-03-16_tcm52-32572_tcm52-47589.pdf\">Affiche_travaux_CLE_-_NIMES_du_18_au_22_avr_V_du_23-03-16_tcm52-32572_tcm52-47589.pdf<\/a>\n<a href=\"http:\/\/5.45.101.177\/haut-allier\/usagers-transportse\/wp-content\/uploads\/2016\/04\/Affiche_travaux_CLERMONT_SUD_du_25-04_au_13-05_V_du_07_avr_tcm52-32572_tcm52-74878.pdf\">Affiche_travaux_CLERMONT_SUD_du_25-04_au_13-05_V_du_07_avr_tcm52-32572_tcm52-74878.pdf<\/a>\n&nbsp;\n<img loading=\"lazy\" decoding=\"async\" class=\" aligncenter size-full wp-image-1773\" src=\"http:\/\/5.45.101.177\/haut-allier\/usagers-transportse\/wp-content\/uploads\/2016\/04\/1460907584969.jpg\" alt=\"1460907584969.jpg\" align=\"center\" width=\"960\" height=\"1280\" srcset=\"https:\/\/usagers-transports.haut-allier.eu\/wp-content\/uploads\/2016\/04\/1460907584969.jpg 960w, https:\/\/usagers-transports.haut-allier.eu\/wp-content\/uploads\/2016\/04\/1460907584969-225x300.jpg 225w, https:\/\/usagers-transports.haut-allier.eu\/wp-content\/uploads\/2016\/04\/1460907584969-768x1024.jpg 768w\" sizes=\"auto, (max-width: 960px) 100vw, 960px\" \/>\n&nbsp;\nMais m\u00eame en dehors des travaux ! Arriv\u00e9s en gare de N\u00eemes par exemple il n&rsquo;est pas rare le dimanche de voir le train pour Clermont-Ferrand SUPPRIME. Sans raison aucune. On va vous r\u00e9pondre, manque de mat\u00e9riel, manque de personnel, toute la panoplie des bonnes raisons d&rsquo;une soci\u00e9t\u00e9 dite ferroviaire qui ne sait pas g\u00e9rer la situation.  \n&nbsp;\n<img loading=\"lazy\" decoding=\"async\" class=\" aligncenter size-full wp-image-1774\" src=\"http:\/\/5.45.101.177\/haut-allier\/usagers-transportse\/wp-content\/uploads\/2016\/04\/IMG_20160417_163133.jpg\" alt=\"IMG_20160417_163133.jpg\" align=\"center\" width=\"700\" height=\"723\" srcset=\"https:\/\/usagers-transports.haut-allier.eu\/wp-content\/uploads\/2016\/04\/IMG_20160417_163133.jpg 700w, https:\/\/usagers-transports.haut-allier.eu\/wp-content\/uploads\/2016\/04\/IMG_20160417_163133-290x300.jpg 290w\" sizes=\"auto, (max-width: 700px) 100vw, 700px\" \/>\n&nbsp;\nDirigez vous donc vers les bornes automatiques d&rsquo;achat de billets pour essayer de trouver un train :\n&#8211; OUI le train sur lequel vous comptiez, qui n&rsquo;est pas \u00e0 r\u00e9servation, est bien SUPPRIME,\n&#8211; OUI la SNCF dans sa grande g\u00e9n\u00e9rosit\u00e9 vous propose un d\u00e9tour par Lyon au prix de presque TROIS FOIS PLUS CHER que la liaison directe. Vous \u00eates richissime vous cracherez bien 100 euros au bassinet.\n&#8211; NON la SNCF ne peut pas vous vendre sa derni\u00e8re proposition en TGV et Autocar, le train est COMPLET. Mazette, vous \u00e9vitez les naus\u00e9es. \n&#8211; DU COUP vous \u00eates oblig\u00e9s de trouver un h\u00e9bergement sur place \u00e0 N\u00eemes, et de reporter votre voyage, de perdre une journ\u00e9e de boulot, etc. etc.\n&nbsp;\n\nMerci qui ? Merci Pipo. Ce pourquoi nous r\u00e9clamons depuis plusieurs ann\u00e9es avec d&rsquo;autres associations et collectifs d&rsquo;usagers la d\u00e9mission du Monsieur. D&rsquo;extr\u00eame urgence.\n&nbsp;\nEn tous cas les machines \u00e0 remblayer, changer les traverses et autres billeves\u00e9es sont bien arriv\u00e9es dans les gorges t\u00e9moin ces photos prises ce lundi 18 en soir\u00e9e \u00e0 Alleyras. <strong>Travaux pr\u00e9vus du 18 avril au 15 Mai !!!<\/strong>\n&nbsp;\n<img loading=\"lazy\" decoding=\"async\" class=\" aligncenter size-full wp-image-1775\" src=\"http:\/\/5.45.101.177\/haut-allier\/usagers-transportse\/wp-content\/uploads\/2016\/04\/20160418_120244_1_.jpg\" alt=\"20160418_120244_1_.jpg\" align=\"center\" width=\"700\" height=\"525\" srcset=\"https:\/\/usagers-transports.haut-allier.eu\/wp-content\/uploads\/2016\/04\/20160418_120244_1_.jpg 700w, https:\/\/usagers-transports.haut-allier.eu\/wp-content\/uploads\/2016\/04\/20160418_120244_1_-300x225.jpg 300w\" sizes=\"auto, (max-width: 700px) 100vw, 700px\" \/>\n&nbsp;\n<strong>Pendant ce temps la presse r\u00e9gionale auvergnate d\u00e9zingue le train&#8230;<\/strong>\n&nbsp;\nUn <a href=\"http:\/\/www.lamontagne.fr\/auvergne\/actualite\/2016\/04\/15\/clermont-nimes-maintenant-possible-avec-les-bus-is-lines_11872119.html\"><strong>article \u00e9difiant<\/strong><\/a> de la Montagne faisant le publireportage de la nouvelle ligne Bus Macron entre Clermont et N\u00eemes par la soci\u00e9t\u00e9 IsiLines filiale de Transdev pour un prix r\u00e9gulier d&rsquo;environ 15 euros. Le tout agr\u00e9ment\u00e9 d&rsquo;une longue introduction faisant passer le train pour hyper ringard, alors que le temps de parcours ACTUEL, avec les ralentissements, est identique \u00e0 celui du bus mais SANS LES NAUSEES.\n&nbsp;\n<img loading=\"lazy\" decoding=\"async\" class=\" aligncenter size-full wp-image-1776\" src=\"http:\/\/5.45.101.177\/haut-allier\/usagers-transportse\/wp-content\/uploads\/2016\/04\/art-20160415_bus-isilines-clermont-nimes-c-est-possible_la-montagne.jpg\" alt=\"art-20160415_bus-isilines-clermont-nimes-c-est-possible_la-montagne.jpg\" align=\"center\" width=\"978\" height=\"1003\" srcset=\"https:\/\/usagers-transports.haut-allier.eu\/wp-content\/uploads\/2016\/04\/art-20160415_bus-isilines-clermont-nimes-c-est-possible_la-montagne.jpg 978w, https:\/\/usagers-transports.haut-allier.eu\/wp-content\/uploads\/2016\/04\/art-20160415_bus-isilines-clermont-nimes-c-est-possible_la-montagne-293x300.jpg 293w, https:\/\/usagers-transports.haut-allier.eu\/wp-content\/uploads\/2016\/04\/art-20160415_bus-isilines-clermont-nimes-c-est-possible_la-montagne-768x788.jpg 768w\" sizes=\"auto, (max-width: 978px) 100vw, 978px\" \/>\n&nbsp;\nLa Montagne qui essaie de se rattraper en s&rsquo;enfon\u00e7ant dans un nouvel article de d\u00e9nigrement du r\u00e9seau du massif central :  <a href=\"http:\/\/www.lamontagne.fr\/auvergne\/actualite\/2016\/04\/18\/auvergne-40ans-dun-reseau-ferre-en-perte-de-vitesse_11874601.html\">Auvergne &#8211; 40 ans d\u2019un r\u00e9seau ferr\u00e9 en perte de vitesse<\/a>\n&nbsp;\n<strong>On apprendra \u00e0 la Montagne que la gare d&rsquo;Alleyras n&rsquo;est pas ferm\u00e9e et est desservie par autant d&rsquo;arr\u00eats que ses voisines comme Chapeauroux.<\/strong> Une Montagne qui corrige son titre pour que \u00e7a passe mieux : <a href=\"http:\/\/www.lamontagne.fr\/auvergne\/actualite\/2016\/04\/18\/auvergne-40ans-dun-reseau-ferre-en-perte-de-vitesse_11874601.html\">Auvergne &#8211; 40 ans de r\u00e9seau ferr\u00e9 en voie de mutation<\/a>\n&nbsp;\n<img loading=\"lazy\" decoding=\"async\" class=\" aligncenter size-full wp-image-1777\" src=\"http:\/\/5.45.101.177\/haut-allier\/usagers-transportse\/wp-content\/uploads\/2016\/04\/art-20160417_40-ans-de-reseau-ferre-en-voie-de-mutation_la-montagne.jpg\" alt=\"art-20160417_40-ans-de-reseau-ferre-en-voie-de-mutation_la-montagne.jpg\" align=\"center\" width=\"2062\" height=\"1512\" srcset=\"https:\/\/usagers-transports.haut-allier.eu\/wp-content\/uploads\/2016\/04\/art-20160417_40-ans-de-reseau-ferre-en-voie-de-mutation_la-montagne.jpg 2062w, https:\/\/usagers-transports.haut-allier.eu\/wp-content\/uploads\/2016\/04\/art-20160417_40-ans-de-reseau-ferre-en-voie-de-mutation_la-montagne-300x220.jpg 300w, https:\/\/usagers-transports.haut-allier.eu\/wp-content\/uploads\/2016\/04\/art-20160417_40-ans-de-reseau-ferre-en-voie-de-mutation_la-montagne-1024x751.jpg 1024w, https:\/\/usagers-transports.haut-allier.eu\/wp-content\/uploads\/2016\/04\/art-20160417_40-ans-de-reseau-ferre-en-voie-de-mutation_la-montagne-768x563.jpg 768w, https:\/\/usagers-transports.haut-allier.eu\/wp-content\/uploads\/2016\/04\/art-20160417_40-ans-de-reseau-ferre-en-voie-de-mutation_la-montagne-1536x1126.jpg 1536w, https:\/\/usagers-transports.haut-allier.eu\/wp-content\/uploads\/2016\/04\/art-20160417_40-ans-de-reseau-ferre-en-voie-de-mutation_la-montagne-2048x1502.jpg 2048w\" sizes=\"auto, (max-width: 2062px) 100vw, 2062px\" \/>\n&nbsp;<p>&nbsp;<\/p>\n\n\t<figure class=\"wp-block-gallery columns-1 is-cropped wp-block-gallery-1 is-layout-flex wp-block-gallery-is-layout-flex\">\n\t\t<ul class=\"blocks-gallery-grid\">\n\t\t\t<li class=\"blocks-gallery-item\">\n\t\t\t\t<figure>\n\t\t\t\t\t\t\t\t\t\t\t<img loading=\"lazy\" decoding=\"async\" width=\"700\" height=\"513\" src=\"http:\/\/5.45.101.177\/haut-allier\/usagers-transportse\/wp-content\/uploads\/2016\/04\/art-20160417_40-ans-de-reseau-ferre-en-voie-de-mutation_la-montagne-p.jpg\"\n\t\t\t\t\t\t alt=\"art-20160417_40-ans-de-reseau-ferre-en-voie-de-mutation_la-montagne-p.jpg\"\n\t\t\t\t\t\t data-id=\"1778\"\n\t\t\t\t\t\t data-full-url=\"http:\/\/5.45.101.177\/haut-allier\/usagers-transportse\/wp-content\/uploads\/2016\/04\/art-20160417_40-ans-de-reseau-ferre-en-voie-de-mutation_la-montagne-p.jpg\"\n\t\t\t\t\t\t data-link=\"http:\/\/5.45.101.177\/haut-allier\/usagers-transportse\/attachment-art-20160417_40-ans-de-reseau-ferre-en-voie-de-mutation_la-montagne-p-jpg\/\"\n\t\t\t\t\t\t class=\"wp-image-1778\" srcset=\"https:\/\/usagers-transports.haut-allier.eu\/wp-content\/uploads\/2016\/04\/art-20160417_40-ans-de-reseau-ferre-en-voie-de-mutation_la-montagne-p.jpg 700w, https:\/\/usagers-transports.haut-allier.eu\/wp-content\/uploads\/2016\/04\/art-20160417_40-ans-de-reseau-ferre-en-voie-de-mutation_la-montagne-p-300x220.jpg 300w\" sizes=\"auto, (max-width: 700px) 100vw, 700px\" \/>\n\t\t\t\t<\/figure>\n\t\t\t<\/li>\n\t\t<\/ul>\n\t<\/figure>\n","protected":false},"excerpt":{"rendered":"<p>Dans un pr\u00e9c\u00e9dent article nous avons publi\u00e9 les horaires des travaux sur la ligne des C\u00e9vennes. Cela va<\/p>\n","protected":false},"author":1,"featured_media":1770,"comment_status":"closed","ping_status":"open","sticky":false,"template":"","format":"standard","meta":{"footnotes":""},"categories":[3],"tags":[],"class_list":["post-289","post","type-post","status-publish","format-standard","has-post-thumbnail","hentry","category-en-train"],"_links":{"self":[{"href":"https:\/\/usagers-transports.haut-allier.eu\/index.php\/wp-json\/wp\/v2\/posts\/289","targetHints":{"allow":["GET"]}}],"collection":[{"href":"https:\/\/usagers-transports.haut-allier.eu\/index.php\/wp-json\/wp\/v2\/posts"}],"about":[{"href":"https:\/\/usagers-transports.haut-allier.eu\/index.php\/wp-json\/wp\/v2\/types\/post"}],"author":[{"embeddable":true,"href":"https:\/\/usagers-transports.haut-allier.eu\/index.php\/wp-json\/wp\/v2\/users\/1"}],"replies":[{"embeddable":true,"href":"https:\/\/usagers-transports.haut-allier.eu\/index.php\/wp-json\/wp\/v2\/comments?post=289"}],"version-history":[{"count":1,"href":"https:\/\/usagers-transports.haut-allier.eu\/index.php\/wp-json\/wp\/v2\/posts\/289\/revisions"}],"predecessor-version":[{"id":1779,"href":"https:\/\/usagers-transports.haut-allier.eu\/index.php\/wp-json\/wp\/v2\/posts\/289\/revisions\/1779"}],"wp:featuredmedia":[{"embeddable":true,"href":"https:\/\/usagers-transports.haut-allier.eu\/index.php\/wp-json\/wp\/v2\/media\/1770"}],"wp:attachment":[{"href":"https:\/\/usagers-transports.haut-allier.eu\/index.php\/wp-json\/wp\/v2\/media?parent=289"}],"wp:term":[{"taxonomy":"category","embeddable":true,"href":"https:\/\/usagers-transports.haut-allier.eu\/index.php\/wp-json\/wp\/v2\/categories?post=289"},{"taxonomy":"post_tag","embeddable":true,"href":"https:\/\/usagers-transports.haut-allier.eu\/index.php\/wp-json\/wp\/v2\/tags?post=289"}],"curies":[{"name":"wp","href":"https:\/\/api.w.org\/{rel}","templated":true}]}}