{"id":29,"date":"2011-11-24T10:59:00","date_gmt":"2011-11-24T09:59:00","guid":{"rendered":"http:\/\/5.45.101.177\/haut-allier\/usagers-transportse\/index.php\/2011\/11\/24\/circulation-un-nouveau-passage-a029\/"},"modified":"2011-11-24T10:59:00","modified_gmt":"2011-11-24T09:59:00","slug":"circulation-un-nouveau-passage-a029","status":"publish","type":"post","link":"https:\/\/usagers-transports.haut-allier.eu\/index.php\/2011\/11\/24\/circulation-un-nouveau-passage-a029\/","title":{"rendered":"Circulation : un nouveau passage \u00e0 niveau au Pont d&rsquo;Alleyras"},"content":{"rendered":"<p><em>Qu&rsquo;il est bo le <a href=\"http:\/\/alleyras.capitale.dulibre.net\/IMG\/jpg\/241120111153.jpg\">passage<\/a> \u00e0 nivo !<\/em><\/p>\n<p>Glissement suave du caoutchouc sur l&rsquo;acier, ronronnement enjoleur de la roue sur le b\u00e9ton, les automobilistes croisant le passage \u00e0 niveau SNCF du Pont d&rsquo;Alleyras ne peuvent que se r\u00e9jouir puisque les veilles poutres de bois qui constituaient la chauss\u00e9e de l&rsquo;ouvrage ont myst\u00e9rieusement disparues, apr\u00e8s deux jours de trafic routier carr\u00e9ment interrompu entre Pont d&rsquo;Alleyras Est et Pont d&rsquo;Alleyras Ouest et des d\u00e9viations de plus de 30 kms.<\/p>\n<p><em>L&rsquo;<a href=\"http:\/\/alleyras.capitale.dulibre.net\/IMG\/jpg\/231120111149.jpg\">\u00e9quipe<\/a> de choc au travail<\/em><\/p>\n<p>Finis donc les clocs clocs des planches et le grincement des amortisseurs de nos v\u00e9hicules lors du franchissement de la voie. Votre serviteur tellement esbaudit et n&rsquo;en croyant pas ses yeux testa et retesta l&rsquo;am\u00e9lioration passant et repassant au moins une vingtaine de fois avec son char. Que de douceur, quel silence&#8230; Merci Dieu SNCF.    <\/p>\n","protected":false},"excerpt":{"rendered":"<p>Qu&rsquo;il est bo le passage \u00e0 nivo ! Glissement suave du caoutchouc sur l&rsquo;acier, ronronnement enjoleur de la<\/p>\n","protected":false},"author":1,"featured_media":0,"comment_status":"closed","ping_status":"open","sticky":false,"template":"","format":"standard","meta":{"footnotes":""},"categories":[2],"tags":[],"class_list":["post-29","post","type-post","status-publish","format-standard","hentry","category-infos"],"_links":{"self":[{"href":"https:\/\/usagers-transports.haut-allier.eu\/index.php\/wp-json\/wp\/v2\/posts\/29","targetHints":{"allow":["GET"]}}],"collection":[{"href":"https:\/\/usagers-transports.haut-allier.eu\/index.php\/wp-json\/wp\/v2\/posts"}],"about":[{"href":"https:\/\/usagers-transports.haut-allier.eu\/index.php\/wp-json\/wp\/v2\/types\/post"}],"author":[{"embeddable":true,"href":"https:\/\/usagers-transports.haut-allier.eu\/index.php\/wp-json\/wp\/v2\/users\/1"}],"replies":[{"embeddable":true,"href":"https:\/\/usagers-transports.haut-allier.eu\/index.php\/wp-json\/wp\/v2\/comments?post=29"}],"version-history":[{"count":0,"href":"https:\/\/usagers-transports.haut-allier.eu\/index.php\/wp-json\/wp\/v2\/posts\/29\/revisions"}],"wp:attachment":[{"href":"https:\/\/usagers-transports.haut-allier.eu\/index.php\/wp-json\/wp\/v2\/media?parent=29"}],"wp:term":[{"taxonomy":"category","embeddable":true,"href":"https:\/\/usagers-transports.haut-allier.eu\/index.php\/wp-json\/wp\/v2\/categories?post=29"},{"taxonomy":"post_tag","embeddable":true,"href":"https:\/\/usagers-transports.haut-allier.eu\/index.php\/wp-json\/wp\/v2\/tags?post=29"}],"curies":[{"name":"wp","href":"https:\/\/api.w.org\/{rel}","templated":true}]}}