{"id":290,"date":"2016-04-25T23:27:55","date_gmt":"2016-04-25T21:27:55","guid":{"rendered":"http:\/\/5.45.101.177\/haut-allier\/usagers-transportse\/index.php\/2016\/04\/25\/etats-generaux-du-rail-de-la290\/"},"modified":"2016-04-25T23:27:55","modified_gmt":"2016-04-25T21:27:55","slug":"etats-generaux-du-rail-de-la290","status":"publish","type":"post","link":"https:\/\/usagers-transports.haut-allier.eu\/index.php\/2016\/04\/25\/etats-generaux-du-rail-de-la290\/","title":{"rendered":"Etats g\u00e9n\u00e9raux du rail de la r\u00e9gion LRMP \u00e9tape de N\u00eemes"},"content":{"rendered":"<p>Nous \u00e9tions ce lundi au lyc\u00e9e Dhuoda \u00e0 la r\u00e9union n\u00eemoise des \u00e9tats g\u00e9n\u00e9raux du rail et de l&rsquo;intermodalit\u00e9 organis\u00e9s par la r\u00e9gion Languedoc Roussillon Midi Pyr\u00e9n\u00e9es.<br \/>\n&nbsp;<br \/>\nVous trouverez ci dessous pratiquement l&rsquo;int\u00e9gralit\u00e9 des \u00e9changes (1 heure 30) entre le public et les repr\u00e9sentants de la r\u00e9gion sur sc\u00e8ne soit Jean-Luc Gibelin entre autres.<br \/>\n&nbsp;<br \/>\n<a href=\"http:\/\/5.45.101.177\/haut-allier\/usagers-transportse\/wp-content\/uploads\/2016\/04\/usagers-haut-allier-eu-etats-generaux-rail-nimes-25avril2016.mp3\">usagers-haut-allier-eu-etats-generaux-rail-nimes-25avril2016.mp3<\/a><br \/>\n&nbsp;<br \/>\nPour r\u00e9sumer : r\u00e9union hautement politique avec la pr\u00e9sence du maire FN de Beaucaire Julien Sanchez venu faire ses d\u00e9clarations ambigu\u00ebs comme \u00e0 l&rsquo;accoutum\u00e9e, m\u00ealant CGTistes et FN, avec la pr\u00e9sence de nombreux maires du littoral, et acteurs du bassin n\u00eemois, mais vous \u00e9couterez les d\u00e9clarations imb\u00e9ciles des repr\u00e9sentants de l&rsquo;agglo n\u00eemoise favorables \u00e0 la gare de Manduel, celles aussi et surtout des opposants \u00e0 cette inutile gare (150 Millions d&rsquo;euros environs) et \u00e0 celle de la Mog\u00e8re \u00e0 Montpellier (plus de 200 Millions d&rsquo;euros).<br \/>\n&nbsp;<br \/>\n<em>Jean-Luc Gibelin, d\u00e9l\u00e9gu\u00e9 transports de la r\u00e9gion pr\u00e9sidait la r\u00e9union<\/em><br \/>\n<img loading=\"lazy\" decoding=\"async\" class=\" aligncenter size-full wp-image-1782\" src=\"http:\/\/5.45.101.177\/haut-allier\/usagers-transportse\/wp-content\/uploads\/2016\/04\/IMG_20160425_175913.jpg\" alt=\"IMG_20160425_175913.jpg\" align=\"center\" width=\"800\" height=\"567\" srcset=\"https:\/\/usagers-transports.haut-allier.eu\/wp-content\/uploads\/2016\/04\/IMG_20160425_175913.jpg 800w, https:\/\/usagers-transports.haut-allier.eu\/wp-content\/uploads\/2016\/04\/IMG_20160425_175913-300x213.jpg 300w, https:\/\/usagers-transports.haut-allier.eu\/wp-content\/uploads\/2016\/04\/IMG_20160425_175913-768x544.jpg 768w\" sizes=\"auto, (max-width: 800px) 100vw, 800px\" \/><br \/>\n&nbsp;<br \/>\nUne impression de r\u00e9union d&rsquo;\u00e9coute des pr\u00e9sents, un bon point, avec les d\u00e9clarations de quelques associations d&rsquo;usagers (rive droite du Rh\u00f4ne, un peu chahut\u00e9e). Mais que va-t-il \u00eatre fait des r\u00e9sultats de ces 36 r\u00e9unions dans la grande r\u00e9gion ? Cela reste un myst\u00e8re et nous donne l&rsquo;impression d&rsquo;un nonos \u00e0 ronger avant des d\u00e9cisions qui seront forc\u00e9ment consensuelles donc mi ch\u00e8vre mi choux. Tout l&rsquo;envers des d\u00e9clarations rassurantes de certains \u00e9lus de la r\u00e9gion. Donc rien de bien clair en vue. Nous appr\u00e9cierons aux r\u00e9unions d&rsquo;Al\u00e8s et Mende.<br \/>\n&nbsp;<br \/>\n<em>Les opposants aux gares betteraves TGV de la Mog\u00e8re et de Manduel <\/em><br \/>\n<img loading=\"lazy\" decoding=\"async\" class=\" aligncenter size-full wp-image-1783\" src=\"http:\/\/5.45.101.177\/haut-allier\/usagers-transportse\/wp-content\/uploads\/2016\/04\/IMG_20160425_175541.jpg\" alt=\"IMG_20160425_175541.jpg\" align=\"center\" width=\"800\" height=\"597\" srcset=\"https:\/\/usagers-transports.haut-allier.eu\/wp-content\/uploads\/2016\/04\/IMG_20160425_175541.jpg 800w, https:\/\/usagers-transports.haut-allier.eu\/wp-content\/uploads\/2016\/04\/IMG_20160425_175541-300x224.jpg 300w, https:\/\/usagers-transports.haut-allier.eu\/wp-content\/uploads\/2016\/04\/IMG_20160425_175541-768x573.jpg 768w\" sizes=\"auto, (max-width: 800px) 100vw, 800px\" \/><br \/>\n&nbsp;<br \/>\nEt puis des projets quand m\u00eame fort int\u00e9ressants et des propositions int\u00e9ressantes comme l&rsquo;ouverture d&rsquo;une ligne N\u00eemes &#8211; Pont du Gard dontle succ\u00e8s serait assur\u00e9 \u00e0 bord de locomotives anciennes pour financer le train C\u00e9venol, ou comme le projet d&rsquo;un noeud d&rsquo;\u00e9changes de fret \u00e0 l&#8217;emplacement laiss\u00e9 libre en 2017 par Oc Via le maitre d&rsquo;oeuvre actuel de la LGV pour la SNCF. Cette derni\u00e8re op\u00e9ration \u00e0 tr\u00e8s bas co\u00fbt est propos\u00e9e par une association qui n&rsquo;a apparemment selon elle que peu d&rsquo;\u00e9cho chez les politiques, car l&rsquo;initiative ne vient pas d&rsquo;eux \u00e9videmment, mais d&rsquo;une intelligence ext\u00e9rieure.<br \/>\n&nbsp;<br \/>\nL&rsquo;impression laiss\u00e9e est quand m\u00eame, nous y revenons, que la SNCF m\u00e8ne tout le monde en bateau et fait ce qu&rsquo;elle veut en avan\u00e7ant ses pions \u00e0 chaque occasion. On le sait trop bien sur la ligne des C\u00e9vennes et partout ailleurs. Donc un sentiment d&rsquo;une vraie impuissance des politiciens locaux. Il faut donc des actions qui marquent et mener une guerre m\u00e9diatique, c&rsquo;est notre point de vue.<br \/>\n&nbsp;<br \/>\n<strong>Dans la presse<\/strong><br \/>\n&nbsp;<br \/>\n&#8211; Evidemment l&rsquo;agglo de N\u00eemes remue ciel et terre pour sa gare de Manduel : Midi Libre du 16 avril<br \/>\n&nbsp;<br \/>\n<img loading=\"lazy\" decoding=\"async\" class=\" aligncenter size-full wp-image-1784\" src=\"http:\/\/5.45.101.177\/haut-allier\/usagers-transportse\/wp-content\/uploads\/2016\/04\/GaredeManduel-la-verite-de-l-Agglo.jpg\" alt=\"GaredeManduel-la-verite-de-l-Agglo.jpg\" align=\"center\" width=\"390\" height=\"1015\" srcset=\"https:\/\/usagers-transports.haut-allier.eu\/wp-content\/uploads\/2016\/04\/GaredeManduel-la-verite-de-l-Agglo.jpg 390w, https:\/\/usagers-transports.haut-allier.eu\/wp-content\/uploads\/2016\/04\/GaredeManduel-la-verite-de-l-Agglo-115x300.jpg 115w\" sizes=\"auto, (max-width: 390px) 100vw, 390px\" \/><br \/>\n&nbsp;<br \/>\n&#8211; Les enjeux selon Midi LIbre :<br \/>\n&nbsp;<br \/>\n<img loading=\"lazy\" decoding=\"async\" class=\" aligncenter size-full wp-image-1785\" src=\"http:\/\/5.45.101.177\/haut-allier\/usagers-transportse\/wp-content\/uploads\/2016\/04\/etats-generaux-les-enjeux.jpg\" alt=\"etats-generaux-les-enjeux.jpg\" align=\"center\" width=\"794\" height=\"756\" srcset=\"https:\/\/usagers-transports.haut-allier.eu\/wp-content\/uploads\/2016\/04\/etats-generaux-les-enjeux.jpg 794w, https:\/\/usagers-transports.haut-allier.eu\/wp-content\/uploads\/2016\/04\/etats-generaux-les-enjeux-300x286.jpg 300w, https:\/\/usagers-transports.haut-allier.eu\/wp-content\/uploads\/2016\/04\/etats-generaux-les-enjeux-768x731.jpg 768w\" sizes=\"auto, (max-width: 794px) 100vw, 794px\" \/><br \/>\n&nbsp;<br \/>\n&#8211; La Loz\u00e8re Nouvelle du 7 avril :<br \/>\n&nbsp;<br \/>\n<img loading=\"lazy\" decoding=\"async\" class=\" aligncenter size-full wp-image-1786\" src=\"http:\/\/5.45.101.177\/haut-allier\/usagers-transportse\/wp-content\/uploads\/2016\/04\/egr-art-20160407_transports-rail-bus-et-routes_lozere-nouvelle.jpg\" alt=\"egr-art-20160407_transports-rail-bus-et-routes_lozere-nouvelle.jpg\" align=\"center\" width=\"800\" height=\"721\" srcset=\"https:\/\/usagers-transports.haut-allier.eu\/wp-content\/uploads\/2016\/04\/egr-art-20160407_transports-rail-bus-et-routes_lozere-nouvelle.jpg 800w, https:\/\/usagers-transports.haut-allier.eu\/wp-content\/uploads\/2016\/04\/egr-art-20160407_transports-rail-bus-et-routes_lozere-nouvelle-300x270.jpg 300w, https:\/\/usagers-transports.haut-allier.eu\/wp-content\/uploads\/2016\/04\/egr-art-20160407_transports-rail-bus-et-routes_lozere-nouvelle-768x692.jpg 768w\" sizes=\"auto, (max-width: 800px) 100vw, 800px\" \/><br \/>\n&nbsp;<br \/>\n&#8211; Midi Libre du 20 avril :<br \/>\n&nbsp;<br \/>\n<img loading=\"lazy\" decoding=\"async\" class=\" aligncenter size-full wp-image-1787\" src=\"http:\/\/5.45.101.177\/haut-allier\/usagers-transportse\/wp-content\/uploads\/2016\/04\/egr-art-20160420_lrmp-etats-generaux-du-rail-lancement_midi-libre.jpg\" alt=\"egr-art-20160420_lrmp-etats-generaux-du-rail-lancement_midi-libre.jpg\" align=\"center\" width=\"800\" height=\"330\" srcset=\"https:\/\/usagers-transports.haut-allier.eu\/wp-content\/uploads\/2016\/04\/egr-art-20160420_lrmp-etats-generaux-du-rail-lancement_midi-libre.jpg 800w, https:\/\/usagers-transports.haut-allier.eu\/wp-content\/uploads\/2016\/04\/egr-art-20160420_lrmp-etats-generaux-du-rail-lancement_midi-libre-300x124.jpg 300w, https:\/\/usagers-transports.haut-allier.eu\/wp-content\/uploads\/2016\/04\/egr-art-20160420_lrmp-etats-generaux-du-rail-lancement_midi-libre-768x317.jpg 768w\" sizes=\"auto, (max-width: 800px) 100vw, 800px\" \/><br \/>\n&nbsp;<br \/>\n&#8211; La Marseillaise : Avant les d\u00e9cisions place \u00e0 la parole.<br \/>\n<a href=\"http:\/\/5.45.101.177\/haut-allier\/usagers-transportse\/wp-content\/uploads\/2016\/04\/Rail_-_Avant_les_decisions_place_a_la_parole_La_Marseillaise_.pdf\">Rail_-_Avant_les_decisions_place_a_la_parole_La_Marseillaise_.pdf<\/a><br \/>\n&nbsp;<br \/>\n&#8211; Midi Libre : Quelle politique pour le rail ?<br \/>\n&nbsp;<br \/>\n<a href=\"http:\/\/5.45.101.177\/haut-allier\/usagers-transportse\/wp-content\/uploads\/2016\/04\/Quelle_politique_pour_le_rail_ML_.pdf\">Quelle_politique_pour_le_rail_ML_.pdf<\/a><br \/>\n&nbsp;<br \/>\n&#8211; Objectif LR : <a href=\"http:\/\/objectif-languedoc-roussillon.latribune.fr\/economie\/infrastructures\/2016-04-26\/la-gare-de-manduel-electrise-les-etats-generaux-du-rail-a-nimes.html\">La gare de Manduel \u00e9lectrise les \u00c9tats g\u00e9n\u00e9raux du rail \u00e0 N\u00eemes<\/a>.<br \/>\n&nbsp;<br \/>\n&#8211; France 3 Languedoc Roussillon : <a href=\"http:\/\/france3-regions.francetvinfo.fr\/languedoc-roussillon\/reunion-publique-nimes-sur-le-rail-et-l-intermodalite-dans-la-region-lrmp-983644.html\">R\u00e9union publique \u00e0 N\u00eemes sur le rail et l&rsquo;intermodalit\u00e9 dans la r\u00e9gion LRMP<\/a><br \/>\n&nbsp;<br \/>\n<strong>Le calendrier des r\u00e9unions<\/strong><br \/>\n&nbsp;<br \/>\n&#8230;que nous avions d\u00e9j\u00e0 rendu public sur ce site.<br \/>\n&nbsp;<br \/>\n<img loading=\"lazy\" decoding=\"async\" class=\" aligncenter size-full wp-image-1790\" src=\"http:\/\/5.45.101.177\/haut-allier\/usagers-transportse\/wp-content\/uploads\/2016\/04\/egr-lrmp_etats-generaux-rail_calendrier.jpg\" alt=\"egr-lrmp_etats-generaux-rail_calendrier.jpg\" align=\"center\" width=\"800\" height=\"798\" srcset=\"https:\/\/usagers-transports.haut-allier.eu\/wp-content\/uploads\/2016\/04\/egr-lrmp_etats-generaux-rail_calendrier.jpg 800w, https:\/\/usagers-transports.haut-allier.eu\/wp-content\/uploads\/2016\/04\/egr-lrmp_etats-generaux-rail_calendrier-300x300.jpg 300w, https:\/\/usagers-transports.haut-allier.eu\/wp-content\/uploads\/2016\/04\/egr-lrmp_etats-generaux-rail_calendrier-150x150.jpg 150w, https:\/\/usagers-transports.haut-allier.eu\/wp-content\/uploads\/2016\/04\/egr-lrmp_etats-generaux-rail_calendrier-768x766.jpg 768w\" sizes=\"auto, (max-width: 800px) 100vw, 800px\" \/><br \/>\n&nbsp;<\/p>\n<p><strong>Quelques liens<\/strong><br \/>\n&nbsp;<br \/>\n&#8211; <a href=\"http:\/\/garetgv.free.fr\">le collectif contre la gare de la Mog\u00e8re<\/a><br \/>\n&#8211; <a href=\"http:\/\/garetgvaucoeurdelaville.blogspot.fr\/\">le collectif contre la gare de Manduel<\/a><\/p>\n","protected":false},"excerpt":{"rendered":"<p>Nous \u00e9tions ce lundi au lyc\u00e9e Dhuoda \u00e0 la r\u00e9union n\u00eemoise des \u00e9tats g\u00e9n\u00e9raux du rail et de<\/p>\n","protected":false},"author":1,"featured_media":1780,"comment_status":"closed","ping_status":"open","sticky":false,"template":"","format":"standard","meta":{"footnotes":""},"categories":[2],"tags":[],"class_list":["post-290","post","type-post","status-publish","format-standard","has-post-thumbnail","hentry","category-infos"],"_links":{"self":[{"href":"https:\/\/usagers-transports.haut-allier.eu\/index.php\/wp-json\/wp\/v2\/posts\/290","targetHints":{"allow":["GET"]}}],"collection":[{"href":"https:\/\/usagers-transports.haut-allier.eu\/index.php\/wp-json\/wp\/v2\/posts"}],"about":[{"href":"https:\/\/usagers-transports.haut-allier.eu\/index.php\/wp-json\/wp\/v2\/types\/post"}],"author":[{"embeddable":true,"href":"https:\/\/usagers-transports.haut-allier.eu\/index.php\/wp-json\/wp\/v2\/users\/1"}],"replies":[{"embeddable":true,"href":"https:\/\/usagers-transports.haut-allier.eu\/index.php\/wp-json\/wp\/v2\/comments?post=290"}],"version-history":[{"count":0,"href":"https:\/\/usagers-transports.haut-allier.eu\/index.php\/wp-json\/wp\/v2\/posts\/290\/revisions"}],"wp:featuredmedia":[{"embeddable":true,"href":"https:\/\/usagers-transports.haut-allier.eu\/index.php\/wp-json\/wp\/v2\/media\/1780"}],"wp:attachment":[{"href":"https:\/\/usagers-transports.haut-allier.eu\/index.php\/wp-json\/wp\/v2\/media?parent=290"}],"wp:term":[{"taxonomy":"category","embeddable":true,"href":"https:\/\/usagers-transports.haut-allier.eu\/index.php\/wp-json\/wp\/v2\/categories?post=290"},{"taxonomy":"post_tag","embeddable":true,"href":"https:\/\/usagers-transports.haut-allier.eu\/index.php\/wp-json\/wp\/v2\/tags?post=290"}],"curies":[{"name":"wp","href":"https:\/\/api.w.org\/{rel}","templated":true}]}}