{"id":291,"date":"2016-04-29T07:43:35","date_gmt":"2016-04-29T05:43:35","guid":{"rendered":"http:\/\/5.45.101.177\/haut-allier\/usagers-transportse\/index.php\/2016\/04\/29\/le-train-tet-cevenol-s-arretera-t291\/"},"modified":"2026-09-01T15:53:43","modified_gmt":"2026-09-01T13:53:43","slug":"le-train-tet-cevenol-s-arretera-t291","status":"publish","type":"post","link":"https:\/\/usagers-transports.haut-allier.eu\/index.php\/2016\/04\/29\/le-train-tet-cevenol-s-arretera-t291\/","title":{"rendered":"Le train TET C\u00e9venol s&rsquo;arr\u00eatera-t-il bient\u00f4t \u00e0 Alleyras ?"},"content":{"rendered":"Parce qu&rsquo;avant d&rsquo;\u00eatre un Intercit\u00e9s il s&rsquo;agit bien d&rsquo;un train d&rsquo;\u00e9quilibre du territoire, et un arr\u00eat dans chaque gare s\u00e9par\u00e9es de 30 minutes par la route, ne serait pas un cadeau mais un r\u00e9el service \u00e0 la population et aux vacanciers ou randonneurs.\n&nbsp;\nNous avions demand\u00e9 \u00e0 la SNCF en mars dernier qu&rsquo;Alleyras puisse b\u00e9n\u00e9ficier d&rsquo;un tel arr\u00eat \u00e0 la mi-journ\u00e9e, et voil\u00e0 sa r\u00e9ponse re\u00e7ue ce jour :\n&nbsp;\n<img loading=\"lazy\" decoding=\"async\" class=\" aligncenter size-full wp-image-1792\" src=\"http:\/\/5.45.101.177\/haut-allier\/usagers-transportse\/wp-content\/uploads\/2016\/04\/usagers-transports-haut-allier-eu-29avril2016-reponse-sncf.jpg\" alt=\"usagers-transports-haut-allier-eu-29avril2016-reponse-sncf.jpg\" align=\"center\" width=\"1200\" height=\"1710\" srcset=\"https:\/\/usagers-transports.haut-allier.eu\/wp-content\/uploads\/2016\/04\/usagers-transports-haut-allier-eu-29avril2016-reponse-sncf.jpg 1200w, https:\/\/usagers-transports.haut-allier.eu\/wp-content\/uploads\/2016\/04\/usagers-transports-haut-allier-eu-29avril2016-reponse-sncf-211x300.jpg 211w, https:\/\/usagers-transports.haut-allier.eu\/wp-content\/uploads\/2016\/04\/usagers-transports-haut-allier-eu-29avril2016-reponse-sncf-719x1024.jpg 719w, https:\/\/usagers-transports.haut-allier.eu\/wp-content\/uploads\/2016\/04\/usagers-transports-haut-allier-eu-29avril2016-reponse-sncf-768x1094.jpg 768w, https:\/\/usagers-transports.haut-allier.eu\/wp-content\/uploads\/2016\/04\/usagers-transports-haut-allier-eu-29avril2016-reponse-sncf-1078x1536.jpg 1078w\" sizes=\"auto, (max-width: 1200px) 100vw, 1200px\" \/>\n&nbsp;\nDonc si tout se passe bien et apr\u00e8s un bilan de l&rsquo;exp\u00e9rience men\u00e9e cette ann\u00e9e, ce serait pour 2017. Ce nouveau comportement de la soci\u00e9t\u00e9 dans le cadre de <em>la revalorisation des territoires ruraux<\/em>.\n&nbsp;\nNous notons avec plaisir un changement de comportement dans les directions SNCF qui d\u00e9cident d&rsquo;exp\u00e9rimenter et de s&rsquo;engager pour la ligne du C\u00e9venol. Il \u00e9tait temps.   \n<p>&nbsp;<\/p>\n\n\t<figure class=\"wp-block-gallery columns-1 is-cropped wp-block-gallery-1 is-layout-flex wp-block-gallery-is-layout-flex\">\n\t\t<ul class=\"blocks-gallery-grid\">\n\t\t\t<li class=\"blocks-gallery-item\">\n\t\t\t\t<figure>\n\t\t\t\t\t\t\t\t\t\t\t<img loading=\"lazy\" decoding=\"async\" width=\"700\" height=\"998\" src=\"http:\/\/5.45.101.177\/haut-allier\/usagers-transportse\/wp-content\/uploads\/2016\/04\/usagers-transports-haut-allier-eu-29avril2016-reponse-sncf-w.jpg\"\n\t\t\t\t\t\t alt=\"usagers-transports-haut-allier-eu-29avril2016-reponse-sncf-w.jpg\"\n\t\t\t\t\t\t data-id=\"1793\"\n\t\t\t\t\t\t data-full-url=\"http:\/\/5.45.101.177\/haut-allier\/usagers-transportse\/wp-content\/uploads\/2016\/04\/usagers-transports-haut-allier-eu-29avril2016-reponse-sncf-w.jpg\"\n\t\t\t\t\t\t data-link=\"http:\/\/5.45.101.177\/haut-allier\/usagers-transportse\/attachment-usagers-transports-haut-allier-eu-29avril2016-reponse-sncf-w-jpg\/\"\n\t\t\t\t\t\t class=\"wp-image-1793\" srcset=\"https:\/\/usagers-transports.haut-allier.eu\/wp-content\/uploads\/2016\/04\/usagers-transports-haut-allier-eu-29avril2016-reponse-sncf-w.jpg 700w, https:\/\/usagers-transports.haut-allier.eu\/wp-content\/uploads\/2016\/04\/usagers-transports-haut-allier-eu-29avril2016-reponse-sncf-w-210x300.jpg 210w\" sizes=\"auto, (max-width: 700px) 100vw, 700px\" \/>\n\t\t\t\t<\/figure>\n\t\t\t<\/li>\n\t\t<\/ul>\n\t<\/figure>\n","protected":false},"excerpt":{"rendered":"<p>Parce qu&rsquo;avant d&rsquo;\u00eatre un Intercit\u00e9s il s&rsquo;agit bien d&rsquo;un train d&rsquo;\u00e9quilibre du territoire, et un arr\u00eat dans chaque<\/p>\n","protected":false},"author":1,"featured_media":1791,"comment_status":"closed","ping_status":"open","sticky":false,"template":"","format":"standard","meta":{"footnotes":""},"categories":[3],"tags":[],"class_list":["post-291","post","type-post","status-publish","format-standard","has-post-thumbnail","hentry","category-en-train"],"_links":{"self":[{"href":"https:\/\/usagers-transports.haut-allier.eu\/index.php\/wp-json\/wp\/v2\/posts\/291","targetHints":{"allow":["GET"]}}],"collection":[{"href":"https:\/\/usagers-transports.haut-allier.eu\/index.php\/wp-json\/wp\/v2\/posts"}],"about":[{"href":"https:\/\/usagers-transports.haut-allier.eu\/index.php\/wp-json\/wp\/v2\/types\/post"}],"author":[{"embeddable":true,"href":"https:\/\/usagers-transports.haut-allier.eu\/index.php\/wp-json\/wp\/v2\/users\/1"}],"replies":[{"embeddable":true,"href":"https:\/\/usagers-transports.haut-allier.eu\/index.php\/wp-json\/wp\/v2\/comments?post=291"}],"version-history":[{"count":1,"href":"https:\/\/usagers-transports.haut-allier.eu\/index.php\/wp-json\/wp\/v2\/posts\/291\/revisions"}],"predecessor-version":[{"id":1794,"href":"https:\/\/usagers-transports.haut-allier.eu\/index.php\/wp-json\/wp\/v2\/posts\/291\/revisions\/1794"}],"wp:featuredmedia":[{"embeddable":true,"href":"https:\/\/usagers-transports.haut-allier.eu\/index.php\/wp-json\/wp\/v2\/media\/1791"}],"wp:attachment":[{"href":"https:\/\/usagers-transports.haut-allier.eu\/index.php\/wp-json\/wp\/v2\/media?parent=291"}],"wp:term":[{"taxonomy":"category","embeddable":true,"href":"https:\/\/usagers-transports.haut-allier.eu\/index.php\/wp-json\/wp\/v2\/categories?post=291"},{"taxonomy":"post_tag","embeddable":true,"href":"https:\/\/usagers-transports.haut-allier.eu\/index.php\/wp-json\/wp\/v2\/tags?post=291"}],"curies":[{"name":"wp","href":"https:\/\/api.w.org\/{rel}","templated":true}]}}